{"id":6374,"date":"2021-09-30T04:48:50","date_gmt":"2021-09-30T03:48:50","guid":{"rendered":"http:\/\/ple161.poznan.pl\/?p=6374"},"modified":"2021-09-30T05:47:27","modified_gmt":"2021-09-30T04:47:27","slug":"wizyta-w-remizie-strazackiej","status":"publish","type":"post","link":"https:\/\/ple161.poznan.pl\/?p=6374","title":{"rendered":"Wizyta w Remizie Stra\u017cackiej"},"content":{"rendered":"\n<p>Dnia 27.09.2021r. dzieci z grup IV i V uda\u0142y si\u0119 tramwajem na wycieczk\u0119 do Komendy<br>Pa\u0144stwowej Stra\u017cy Po\u017carnej przy ulicy Bobrza\u0144skiej. Celem spotkania by\u0142o zapoznanie<br>przedszkolak\u00f3w ze specyfik\u0105 pracy stra\u017cak\u00f3w, miejscem ich pracy i samochodami<br>po\u017carniczymi. Dzieci zosta\u0142y zapoznane z zagro\u017ceniami jakie mog\u0105 wyst\u0105pi\u0107 podczas<br>po\u017caru, oraz zasadami zachowania podczas wyst\u0105pienia niebezpiecze\u0144stwa. Ponadto<br>przedszkolaki utrwali\u0142y zasady wzywania stra\u017cy po\u017carnej podczas wyst\u0119powania zagro\u017cenia<br>\u017cycia lub zdrowia. Na zako\u0144czenie wizyty stra\u017cacy zaprezentowali wyposa\u017cenie wozu<br>stra\u017cackiego oraz sprz\u0119tu po\u017carniczego b\u0119d\u0105cego na jego wyposa\u017ceniu. Dzieci przez chwil\u0119<br>mog\u0142y poczu\u0107 si\u0119 jak prawdziwi stra\u017cacy przymierzaj\u0105c he\u0142m, czy wsiadaj\u0105c do wozu<br>stra\u017cackiego.<\/p>\n","protected":false},"excerpt":{"rendered":"<p>Dnia 27.09.2021r. dzieci z grup IV i V uda\u0142y si\u0119 tramwajem na wycieczk\u0119 do KomendyPa\u0144stwowej Stra\u017cy Po\u017carnej przy ulicy Bobrza\u0144skiej. Celem spotkania by\u0142o zapoznanieprzedszkolak\u00f3w ze specyfik\u0105 pracy stra\u017cak\u00f3w, miejscem ich pracy i samochodamipo\u017carniczymi. Dzieci zosta\u0142y zapoznane z zagro\u017ceniami jakie mog\u0105 wyst\u0105pi\u0107 podczaspo\u017caru, oraz zasadami zachowania podczas wyst\u0105pienia niebezpiecze\u0144stwa. Ponadtoprzedszkolaki utrwali\u0142y zasady wzywania stra\u017cy po\u017carnej podczas [&hellip;]<\/p>\n","protected":false},"author":2,"featured_media":4946,"comment_status":"closed","ping_status":"closed","sticky":false,"template":"","format":"standard","meta":{"ngg_post_thumbnail":0,"footnotes":""},"categories":[4,1],"tags":[],"class_list":["post-6374","post","type-post","status-publish","format-standard","has-post-thumbnail","hentry","category-aktualnosci","category-wydarzenia"],"yoast_head":"<!-- This site is optimized with the Yoast SEO plugin v27.4 - https:\/\/yoast.com\/product\/yoast-seo-wordpress\/ -->\n<title>Wizyta w Remizie Stra\u017cackiej - Przedszkole im. Ksi\u0119cia Przemys\u0142awa<\/title>\n<meta name=\"robots\" content=\"noindex, follow\" \/>\n<meta property=\"og:locale\" content=\"pl_PL\" \/>\n<meta property=\"og:type\" content=\"article\" \/>\n<meta property=\"og:title\" content=\"Wizyta w Remizie Stra\u017cackiej - Przedszkole im. Ksi\u0119cia Przemys\u0142awa\" \/>\n<meta property=\"og:description\" content=\"Dnia 27.09.2021r. dzieci z grup IV i V uda\u0142y si\u0119 tramwajem na wycieczk\u0119 do KomendyPa\u0144stwowej Stra\u017cy Po\u017carnej przy ulicy Bobrza\u0144skiej. Celem spotkania by\u0142o zapoznanieprzedszkolak\u00f3w ze specyfik\u0105 pracy stra\u017cak\u00f3w, miejscem ich pracy i samochodamipo\u017carniczymi. Dzieci zosta\u0142y zapoznane z zagro\u017ceniami jakie mog\u0105 wyst\u0105pi\u0107 podczaspo\u017caru, oraz zasadami zachowania podczas wyst\u0105pienia niebezpiecze\u0144stwa. Ponadtoprzedszkolaki utrwali\u0142y zasady wzywania stra\u017cy po\u017carnej podczas [&hellip;]\" \/>\n<meta property=\"og:url\" content=\"https:\/\/www.przedszkole161.pl\/?p=6374\" \/>\n<meta property=\"og:site_name\" content=\"Przedszkole im. Ksi\u0119cia Przemys\u0142awa\" \/>\n<meta property=\"article:published_time\" content=\"2021-09-30T03:48:50+00:00\" \/>\n<meta property=\"article:modified_time\" content=\"2021-09-30T04:47:27+00:00\" \/>\n<meta property=\"og:image\" content=\"https:\/\/www.przedszkole161.pl\/wp-content\/uploads\/2020\/05\/stra\u017cak.png\" \/>\n\t<meta property=\"og:image:width\" content=\"361\" \/>\n\t<meta property=\"og:image:height\" content=\"441\" \/>\n\t<meta property=\"og:image:type\" content=\"image\/png\" \/>\n<meta name=\"author\" content=\"Magda Dulemba\" \/>\n<meta name=\"twitter:card\" content=\"summary_large_image\" \/>\n<meta name=\"twitter:label1\" content=\"Napisane przez\" \/>\n\t<meta name=\"twitter:data1\" content=\"Magda Dulemba\" \/>\n\t<meta name=\"twitter:label2\" content=\"Szacowany czas czytania\" \/>\n\t<meta name=\"twitter:data2\" content=\"1 minuta\" \/>\n<script type=\"application\/ld+json\" class=\"yoast-schema-graph\">{\"@context\":\"https:\\\/\\\/schema.org\",\"@graph\":[{\"@type\":\"Article\",\"@id\":\"https:\\\/\\\/www.przedszkole161.pl\\\/?p=6374#article\",\"isPartOf\":{\"@id\":\"https:\\\/\\\/www.przedszkole161.pl\\\/?p=6374\"},\"author\":{\"name\":\"Magda Dulemba\",\"@id\":\"https:\\\/\\\/www.przedszkole161.pl\\\/#\\\/schema\\\/person\\\/673325371d681555a8b67c870d21faac\"},\"headline\":\"Wizyta w Remizie Stra\u017cackiej\",\"datePublished\":\"2021-09-30T03:48:50+00:00\",\"dateModified\":\"2021-09-30T04:47:27+00:00\",\"mainEntityOfPage\":{\"@id\":\"https:\\\/\\\/www.przedszkole161.pl\\\/?p=6374\"},\"wordCount\":130,\"image\":{\"@id\":\"https:\\\/\\\/www.przedszkole161.pl\\\/?p=6374#primaryimage\"},\"thumbnailUrl\":\"https:\\\/\\\/ple161.poznan.pl\\\/wp-content\\\/uploads\\\/2020\\\/05\\\/stra\u017cak.png\",\"articleSection\":[\"Aktualno\u015bci\",\"Wydarzenia\"],\"inLanguage\":\"pl-PL\"},{\"@type\":\"WebPage\",\"@id\":\"https:\\\/\\\/www.przedszkole161.pl\\\/?p=6374\",\"url\":\"https:\\\/\\\/www.przedszkole161.pl\\\/?p=6374\",\"name\":\"Wizyta w Remizie Stra\u017cackiej - Przedszkole im. Ksi\u0119cia Przemys\u0142awa\",\"isPartOf\":{\"@id\":\"https:\\\/\\\/www.przedszkole161.pl\\\/#website\"},\"primaryImageOfPage\":{\"@id\":\"https:\\\/\\\/www.przedszkole161.pl\\\/?p=6374#primaryimage\"},\"image\":{\"@id\":\"https:\\\/\\\/www.przedszkole161.pl\\\/?p=6374#primaryimage\"},\"thumbnailUrl\":\"https:\\\/\\\/ple161.poznan.pl\\\/wp-content\\\/uploads\\\/2020\\\/05\\\/stra\u017cak.png\",\"datePublished\":\"2021-09-30T03:48:50+00:00\",\"dateModified\":\"2021-09-30T04:47:27+00:00\",\"author\":{\"@id\":\"https:\\\/\\\/www.przedszkole161.pl\\\/#\\\/schema\\\/person\\\/673325371d681555a8b67c870d21faac\"},\"breadcrumb\":{\"@id\":\"https:\\\/\\\/www.przedszkole161.pl\\\/?p=6374#breadcrumb\"},\"inLanguage\":\"pl-PL\",\"potentialAction\":[{\"@type\":\"ReadAction\",\"target\":[\"https:\\\/\\\/www.przedszkole161.pl\\\/?p=6374\"]}]},{\"@type\":\"ImageObject\",\"inLanguage\":\"pl-PL\",\"@id\":\"https:\\\/\\\/www.przedszkole161.pl\\\/?p=6374#primaryimage\",\"url\":\"https:\\\/\\\/ple161.poznan.pl\\\/wp-content\\\/uploads\\\/2020\\\/05\\\/stra\u017cak.png\",\"contentUrl\":\"https:\\\/\\\/ple161.poznan.pl\\\/wp-content\\\/uploads\\\/2020\\\/05\\\/stra\u017cak.png\",\"width\":361,\"height\":441},{\"@type\":\"BreadcrumbList\",\"@id\":\"https:\\\/\\\/www.przedszkole161.pl\\\/?p=6374#breadcrumb\",\"itemListElement\":[{\"@type\":\"ListItem\",\"position\":1,\"name\":\"Strona g\u0142\u00f3wna\",\"item\":\"https:\\\/\\\/www.przedszkole161.pl\\\/\"},{\"@type\":\"ListItem\",\"position\":2,\"name\":\"Wizyta w Remizie Stra\u017cackiej\"}]},{\"@type\":\"WebSite\",\"@id\":\"https:\\\/\\\/www.przedszkole161.pl\\\/#website\",\"url\":\"https:\\\/\\\/www.przedszkole161.pl\\\/\",\"name\":\"Przedszkole im. Ksi\u0119cia Przemys\u0142awa 161\",\"description\":\"\",\"potentialAction\":[{\"@type\":\"SearchAction\",\"target\":{\"@type\":\"EntryPoint\",\"urlTemplate\":\"https:\\\/\\\/www.przedszkole161.pl\\\/?s={search_term_string}\"},\"query-input\":{\"@type\":\"PropertyValueSpecification\",\"valueRequired\":true,\"valueName\":\"search_term_string\"}}],\"inLanguage\":\"pl-PL\"},{\"@type\":\"Person\",\"@id\":\"https:\\\/\\\/www.przedszkole161.pl\\\/#\\\/schema\\\/person\\\/673325371d681555a8b67c870d21faac\",\"name\":\"Magda Dulemba\",\"image\":{\"@type\":\"ImageObject\",\"inLanguage\":\"pl-PL\",\"@id\":\"https:\\\/\\\/secure.gravatar.com\\\/avatar\\\/f6f4cc73208d68c67fc19e1f80620e23d66ef2a923cb26a6d726fbc6a55bbcbc?s=96&d=mm&r=g\",\"url\":\"https:\\\/\\\/secure.gravatar.com\\\/avatar\\\/f6f4cc73208d68c67fc19e1f80620e23d66ef2a923cb26a6d726fbc6a55bbcbc?s=96&d=mm&r=g\",\"contentUrl\":\"https:\\\/\\\/secure.gravatar.com\\\/avatar\\\/f6f4cc73208d68c67fc19e1f80620e23d66ef2a923cb26a6d726fbc6a55bbcbc?s=96&d=mm&r=g\",\"caption\":\"Magda Dulemba\"},\"url\":\"https:\\\/\\\/ple161.poznan.pl\\\/?author=2\"}]}<\/script>\n<!-- \/ Yoast SEO plugin. -->","yoast_head_json":{"title":"Wizyta w Remizie Stra\u017cackiej - Przedszkole im. Ksi\u0119cia Przemys\u0142awa","robots":{"index":"noindex","follow":"follow"},"og_locale":"pl_PL","og_type":"article","og_title":"Wizyta w Remizie Stra\u017cackiej - Przedszkole im. Ksi\u0119cia Przemys\u0142awa","og_description":"Dnia 27.09.2021r. dzieci z grup IV i V uda\u0142y si\u0119 tramwajem na wycieczk\u0119 do KomendyPa\u0144stwowej Stra\u017cy Po\u017carnej przy ulicy Bobrza\u0144skiej. Celem spotkania by\u0142o zapoznanieprzedszkolak\u00f3w ze specyfik\u0105 pracy stra\u017cak\u00f3w, miejscem ich pracy i samochodamipo\u017carniczymi. Dzieci zosta\u0142y zapoznane z zagro\u017ceniami jakie mog\u0105 wyst\u0105pi\u0107 podczaspo\u017caru, oraz zasadami zachowania podczas wyst\u0105pienia niebezpiecze\u0144stwa. Ponadtoprzedszkolaki utrwali\u0142y zasady wzywania stra\u017cy po\u017carnej podczas [&hellip;]","og_url":"https:\/\/www.przedszkole161.pl\/?p=6374","og_site_name":"Przedszkole im. Ksi\u0119cia Przemys\u0142awa","article_published_time":"2021-09-30T03:48:50+00:00","article_modified_time":"2021-09-30T04:47:27+00:00","og_image":[{"width":361,"height":441,"url":"https:\/\/www.przedszkole161.pl\/wp-content\/uploads\/2020\/05\/stra\u017cak.png","type":"image\/png"}],"author":"Magda Dulemba","twitter_card":"summary_large_image","twitter_misc":{"Napisane przez":"Magda Dulemba","Szacowany czas czytania":"1 minuta"},"schema":{"@context":"https:\/\/schema.org","@graph":[{"@type":"Article","@id":"https:\/\/www.przedszkole161.pl\/?p=6374#article","isPartOf":{"@id":"https:\/\/www.przedszkole161.pl\/?p=6374"},"author":{"name":"Magda Dulemba","@id":"https:\/\/www.przedszkole161.pl\/#\/schema\/person\/673325371d681555a8b67c870d21faac"},"headline":"Wizyta w Remizie Stra\u017cackiej","datePublished":"2021-09-30T03:48:50+00:00","dateModified":"2021-09-30T04:47:27+00:00","mainEntityOfPage":{"@id":"https:\/\/www.przedszkole161.pl\/?p=6374"},"wordCount":130,"image":{"@id":"https:\/\/www.przedszkole161.pl\/?p=6374#primaryimage"},"thumbnailUrl":"https:\/\/ple161.poznan.pl\/wp-content\/uploads\/2020\/05\/stra\u017cak.png","articleSection":["Aktualno\u015bci","Wydarzenia"],"inLanguage":"pl-PL"},{"@type":"WebPage","@id":"https:\/\/www.przedszkole161.pl\/?p=6374","url":"https:\/\/www.przedszkole161.pl\/?p=6374","name":"Wizyta w Remizie Stra\u017cackiej - Przedszkole im. Ksi\u0119cia Przemys\u0142awa","isPartOf":{"@id":"https:\/\/www.przedszkole161.pl\/#website"},"primaryImageOfPage":{"@id":"https:\/\/www.przedszkole161.pl\/?p=6374#primaryimage"},"image":{"@id":"https:\/\/www.przedszkole161.pl\/?p=6374#primaryimage"},"thumbnailUrl":"https:\/\/ple161.poznan.pl\/wp-content\/uploads\/2020\/05\/stra\u017cak.png","datePublished":"2021-09-30T03:48:50+00:00","dateModified":"2021-09-30T04:47:27+00:00","author":{"@id":"https:\/\/www.przedszkole161.pl\/#\/schema\/person\/673325371d681555a8b67c870d21faac"},"breadcrumb":{"@id":"https:\/\/www.przedszkole161.pl\/?p=6374#breadcrumb"},"inLanguage":"pl-PL","potentialAction":[{"@type":"ReadAction","target":["https:\/\/www.przedszkole161.pl\/?p=6374"]}]},{"@type":"ImageObject","inLanguage":"pl-PL","@id":"https:\/\/www.przedszkole161.pl\/?p=6374#primaryimage","url":"https:\/\/ple161.poznan.pl\/wp-content\/uploads\/2020\/05\/stra\u017cak.png","contentUrl":"https:\/\/ple161.poznan.pl\/wp-content\/uploads\/2020\/05\/stra\u017cak.png","width":361,"height":441},{"@type":"BreadcrumbList","@id":"https:\/\/www.przedszkole161.pl\/?p=6374#breadcrumb","itemListElement":[{"@type":"ListItem","position":1,"name":"Strona g\u0142\u00f3wna","item":"https:\/\/www.przedszkole161.pl\/"},{"@type":"ListItem","position":2,"name":"Wizyta w Remizie Stra\u017cackiej"}]},{"@type":"WebSite","@id":"https:\/\/www.przedszkole161.pl\/#website","url":"https:\/\/www.przedszkole161.pl\/","name":"Przedszkole im. Ksi\u0119cia Przemys\u0142awa 161","description":"","potentialAction":[{"@type":"SearchAction","target":{"@type":"EntryPoint","urlTemplate":"https:\/\/www.przedszkole161.pl\/?s={search_term_string}"},"query-input":{"@type":"PropertyValueSpecification","valueRequired":true,"valueName":"search_term_string"}}],"inLanguage":"pl-PL"},{"@type":"Person","@id":"https:\/\/www.przedszkole161.pl\/#\/schema\/person\/673325371d681555a8b67c870d21faac","name":"Magda Dulemba","image":{"@type":"ImageObject","inLanguage":"pl-PL","@id":"https:\/\/secure.gravatar.com\/avatar\/f6f4cc73208d68c67fc19e1f80620e23d66ef2a923cb26a6d726fbc6a55bbcbc?s=96&d=mm&r=g","url":"https:\/\/secure.gravatar.com\/avatar\/f6f4cc73208d68c67fc19e1f80620e23d66ef2a923cb26a6d726fbc6a55bbcbc?s=96&d=mm&r=g","contentUrl":"https:\/\/secure.gravatar.com\/avatar\/f6f4cc73208d68c67fc19e1f80620e23d66ef2a923cb26a6d726fbc6a55bbcbc?s=96&d=mm&r=g","caption":"Magda Dulemba"},"url":"https:\/\/ple161.poznan.pl\/?author=2"}]}},"_links":{"self":[{"href":"https:\/\/ple161.poznan.pl\/index.php?rest_route=\/wp\/v2\/posts\/6374","targetHints":{"allow":["GET"]}}],"collection":[{"href":"https:\/\/ple161.poznan.pl\/index.php?rest_route=\/wp\/v2\/posts"}],"about":[{"href":"https:\/\/ple161.poznan.pl\/index.php?rest_route=\/wp\/v2\/types\/post"}],"author":[{"embeddable":true,"href":"https:\/\/ple161.poznan.pl\/index.php?rest_route=\/wp\/v2\/users\/2"}],"replies":[{"embeddable":true,"href":"https:\/\/ple161.poznan.pl\/index.php?rest_route=%2Fwp%2Fv2%2Fcomments&post=6374"}],"version-history":[{"count":2,"href":"https:\/\/ple161.poznan.pl\/index.php?rest_route=\/wp\/v2\/posts\/6374\/revisions"}],"predecessor-version":[{"id":6379,"href":"https:\/\/ple161.poznan.pl\/index.php?rest_route=\/wp\/v2\/posts\/6374\/revisions\/6379"}],"wp:featuredmedia":[{"embeddable":true,"href":"https:\/\/ple161.poznan.pl\/index.php?rest_route=\/wp\/v2\/media\/4946"}],"wp:attachment":[{"href":"https:\/\/ple161.poznan.pl\/index.php?rest_route=%2Fwp%2Fv2%2Fmedia&parent=6374"}],"wp:term":[{"taxonomy":"category","embeddable":true,"href":"https:\/\/ple161.poznan.pl\/index.php?rest_route=%2Fwp%2Fv2%2Fcategories&post=6374"},{"taxonomy":"post_tag","embeddable":true,"href":"https:\/\/ple161.poznan.pl\/index.php?rest_route=%2Fwp%2Fv2%2Ftags&post=6374"}],"curies":[{"name":"wp","href":"https:\/\/api.w.org\/{rel}","templated":true}]}}