{"id":6337,"date":"2021-09-23T06:43:00","date_gmt":"2021-09-23T05:43:00","guid":{"rendered":"http:\/\/ple161.poznan.pl\/?p=6337"},"modified":"2021-09-23T06:52:24","modified_gmt":"2021-09-23T05:52:24","slug":"spotkanie-z-policjantem","status":"publish","type":"post","link":"https:\/\/ple161.poznan.pl\/?p=6337","title":{"rendered":"Spotkanie z policjantem"},"content":{"rendered":"\n<p>W grupie V w dniu 21.09.2021 r odby\u0142o si\u0119 spotkanie z Paniami Policjantkami, kt\u00f3re opowiedzia\u0142y dzieciom o zasadach bezpiecze\u0144stwa na drodze, w domu i na placu zabaw. Przypomnia\u0142y\u00a0 tak\u017ce wa\u017cne numery alarmowe, a szczeg\u00f3lnie 112. Opisa\u0142y sytuacje w kt\u00f3rych, nale\u017cy telefonowa\u0107 na alarmowe numery i jak odpowiada\u0107 na pytania, osoby, kt\u00f3ra taki telefon odbiera. Opowie\u015bci\u0105 towarzyszy\u0142 weso\u0142y Policjant Pyrek, kt\u00f3rego starszaki kolorowa\u0142y w formie kolorowanki.<\/p>\n\n\n\n<figure class=\"wp-block-image size-large\"><a href=\"https:\/\/ple161.poznan.pl\/wp-content\/uploads\/2021\/09\/IMG_20210921_101007832-1-scaled.jpg\"><img loading=\"lazy\" decoding=\"async\" width=\"897\" height=\"1024\" src=\"https:\/\/ple161.poznan.pl\/wp-content\/uploads\/2021\/09\/IMG_20210921_101007832-1-897x1024.jpg\" alt=\"\" class=\"wp-image-6342\" srcset=\"https:\/\/ple161.poznan.pl\/wp-content\/uploads\/2021\/09\/IMG_20210921_101007832-1-897x1024.jpg 897w, https:\/\/ple161.poznan.pl\/wp-content\/uploads\/2021\/09\/IMG_20210921_101007832-1-263x300.jpg 263w, https:\/\/ple161.poznan.pl\/wp-content\/uploads\/2021\/09\/IMG_20210921_101007832-1-768x876.jpg 768w, https:\/\/ple161.poznan.pl\/wp-content\/uploads\/2021\/09\/IMG_20210921_101007832-1-1346x1536.jpg 1346w, https:\/\/ple161.poznan.pl\/wp-content\/uploads\/2021\/09\/IMG_20210921_101007832-1-1795x2048.jpg 1795w\" sizes=\"auto, (max-width: 897px) 100vw, 897px\" \/><\/a><\/figure>\n","protected":false},"excerpt":{"rendered":"<p>W grupie V w dniu 21.09.2021 r odby\u0142o si\u0119 spotkanie z Paniami Policjantkami, kt\u00f3re opowiedzia\u0142y dzieciom o zasadach bezpiecze\u0144stwa na drodze, w domu i na placu zabaw. Przypomnia\u0142y\u00a0 tak\u017ce wa\u017cne numery alarmowe, a szczeg\u00f3lnie 112. Opisa\u0142y sytuacje w kt\u00f3rych, nale\u017cy telefonowa\u0107 na alarmowe numery i jak odpowiada\u0107 na pytania, osoby, kt\u00f3ra taki telefon odbiera. Opowie\u015bci\u0105 [&hellip;]<\/p>\n","protected":false},"author":2,"featured_media":5712,"comment_status":"closed","ping_status":"closed","sticky":false,"template":"","format":"standard","meta":{"ngg_post_thumbnail":0,"footnotes":""},"categories":[4,1],"tags":[],"class_list":["post-6337","post","type-post","status-publish","format-standard","has-post-thumbnail","hentry","category-aktualnosci","category-wydarzenia"],"yoast_head":"<!-- This site is optimized with the Yoast SEO plugin v27.4 - https:\/\/yoast.com\/product\/yoast-seo-wordpress\/ -->\n<title>Spotkanie z policjantem - Przedszkole im. Ksi\u0119cia Przemys\u0142awa<\/title>\n<meta name=\"robots\" content=\"noindex, follow\" \/>\n<meta property=\"og:locale\" content=\"pl_PL\" \/>\n<meta property=\"og:type\" content=\"article\" \/>\n<meta property=\"og:title\" content=\"Spotkanie z policjantem - Przedszkole im. Ksi\u0119cia Przemys\u0142awa\" \/>\n<meta property=\"og:description\" content=\"W grupie V w dniu 21.09.2021 r odby\u0142o si\u0119 spotkanie z Paniami Policjantkami, kt\u00f3re opowiedzia\u0142y dzieciom o zasadach bezpiecze\u0144stwa na drodze, w domu i na placu zabaw. Przypomnia\u0142y\u00a0 tak\u017ce wa\u017cne numery alarmowe, a szczeg\u00f3lnie 112. Opisa\u0142y sytuacje w kt\u00f3rych, nale\u017cy telefonowa\u0107 na alarmowe numery i jak odpowiada\u0107 na pytania, osoby, kt\u00f3ra taki telefon odbiera. Opowie\u015bci\u0105 [&hellip;]\" \/>\n<meta property=\"og:url\" content=\"https:\/\/www.przedszkole161.pl\/?p=6337\" \/>\n<meta property=\"og:site_name\" content=\"Przedszkole im. Ksi\u0119cia Przemys\u0142awa\" \/>\n<meta property=\"article:published_time\" content=\"2021-09-23T05:43:00+00:00\" \/>\n<meta property=\"article:modified_time\" content=\"2021-09-23T05:52:24+00:00\" \/>\n<meta property=\"og:image\" content=\"https:\/\/www.przedszkole161.pl\/wp-content\/uploads\/2021\/03\/pyrek.png\" \/>\n\t<meta property=\"og:image:width\" content=\"190\" \/>\n\t<meta property=\"og:image:height\" content=\"266\" \/>\n\t<meta property=\"og:image:type\" content=\"image\/png\" \/>\n<meta name=\"author\" content=\"Magda Dulemba\" \/>\n<meta name=\"twitter:card\" content=\"summary_large_image\" \/>\n<meta name=\"twitter:label1\" content=\"Napisane przez\" \/>\n\t<meta name=\"twitter:data1\" content=\"Magda Dulemba\" \/>\n<script type=\"application\/ld+json\" class=\"yoast-schema-graph\">{\"@context\":\"https:\\\/\\\/schema.org\",\"@graph\":[{\"@type\":\"Article\",\"@id\":\"https:\\\/\\\/www.przedszkole161.pl\\\/?p=6337#article\",\"isPartOf\":{\"@id\":\"https:\\\/\\\/www.przedszkole161.pl\\\/?p=6337\"},\"author\":{\"name\":\"Magda Dulemba\",\"@id\":\"https:\\\/\\\/www.przedszkole161.pl\\\/#\\\/schema\\\/person\\\/673325371d681555a8b67c870d21faac\"},\"headline\":\"Spotkanie z policjantem\",\"datePublished\":\"2021-09-23T05:43:00+00:00\",\"dateModified\":\"2021-09-23T05:52:24+00:00\",\"mainEntityOfPage\":{\"@id\":\"https:\\\/\\\/www.przedszkole161.pl\\\/?p=6337\"},\"wordCount\":82,\"image\":{\"@id\":\"https:\\\/\\\/www.przedszkole161.pl\\\/?p=6337#primaryimage\"},\"thumbnailUrl\":\"https:\\\/\\\/ple161.poznan.pl\\\/wp-content\\\/uploads\\\/2021\\\/03\\\/pyrek-e1700927855997.png\",\"articleSection\":[\"Aktualno\u015bci\",\"Wydarzenia\"],\"inLanguage\":\"pl-PL\"},{\"@type\":\"WebPage\",\"@id\":\"https:\\\/\\\/www.przedszkole161.pl\\\/?p=6337\",\"url\":\"https:\\\/\\\/www.przedszkole161.pl\\\/?p=6337\",\"name\":\"Spotkanie z policjantem - Przedszkole im. Ksi\u0119cia Przemys\u0142awa\",\"isPartOf\":{\"@id\":\"https:\\\/\\\/www.przedszkole161.pl\\\/#website\"},\"primaryImageOfPage\":{\"@id\":\"https:\\\/\\\/www.przedszkole161.pl\\\/?p=6337#primaryimage\"},\"image\":{\"@id\":\"https:\\\/\\\/www.przedszkole161.pl\\\/?p=6337#primaryimage\"},\"thumbnailUrl\":\"https:\\\/\\\/ple161.poznan.pl\\\/wp-content\\\/uploads\\\/2021\\\/03\\\/pyrek-e1700927855997.png\",\"datePublished\":\"2021-09-23T05:43:00+00:00\",\"dateModified\":\"2021-09-23T05:52:24+00:00\",\"author\":{\"@id\":\"https:\\\/\\\/www.przedszkole161.pl\\\/#\\\/schema\\\/person\\\/673325371d681555a8b67c870d21faac\"},\"breadcrumb\":{\"@id\":\"https:\\\/\\\/www.przedszkole161.pl\\\/?p=6337#breadcrumb\"},\"inLanguage\":\"pl-PL\",\"potentialAction\":[{\"@type\":\"ReadAction\",\"target\":[\"https:\\\/\\\/www.przedszkole161.pl\\\/?p=6337\"]}]},{\"@type\":\"ImageObject\",\"inLanguage\":\"pl-PL\",\"@id\":\"https:\\\/\\\/www.przedszkole161.pl\\\/?p=6337#primaryimage\",\"url\":\"https:\\\/\\\/ple161.poznan.pl\\\/wp-content\\\/uploads\\\/2021\\\/03\\\/pyrek-e1700927855997.png\",\"contentUrl\":\"https:\\\/\\\/ple161.poznan.pl\\\/wp-content\\\/uploads\\\/2021\\\/03\\\/pyrek-e1700927855997.png\",\"width\":160,\"height\":224},{\"@type\":\"BreadcrumbList\",\"@id\":\"https:\\\/\\\/www.przedszkole161.pl\\\/?p=6337#breadcrumb\",\"itemListElement\":[{\"@type\":\"ListItem\",\"position\":1,\"name\":\"Strona g\u0142\u00f3wna\",\"item\":\"https:\\\/\\\/www.przedszkole161.pl\\\/\"},{\"@type\":\"ListItem\",\"position\":2,\"name\":\"Spotkanie z policjantem\"}]},{\"@type\":\"WebSite\",\"@id\":\"https:\\\/\\\/www.przedszkole161.pl\\\/#website\",\"url\":\"https:\\\/\\\/www.przedszkole161.pl\\\/\",\"name\":\"Przedszkole im. Ksi\u0119cia Przemys\u0142awa 161\",\"description\":\"\",\"potentialAction\":[{\"@type\":\"SearchAction\",\"target\":{\"@type\":\"EntryPoint\",\"urlTemplate\":\"https:\\\/\\\/www.przedszkole161.pl\\\/?s={search_term_string}\"},\"query-input\":{\"@type\":\"PropertyValueSpecification\",\"valueRequired\":true,\"valueName\":\"search_term_string\"}}],\"inLanguage\":\"pl-PL\"},{\"@type\":\"Person\",\"@id\":\"https:\\\/\\\/www.przedszkole161.pl\\\/#\\\/schema\\\/person\\\/673325371d681555a8b67c870d21faac\",\"name\":\"Magda Dulemba\",\"image\":{\"@type\":\"ImageObject\",\"inLanguage\":\"pl-PL\",\"@id\":\"https:\\\/\\\/secure.gravatar.com\\\/avatar\\\/f6f4cc73208d68c67fc19e1f80620e23d66ef2a923cb26a6d726fbc6a55bbcbc?s=96&d=mm&r=g\",\"url\":\"https:\\\/\\\/secure.gravatar.com\\\/avatar\\\/f6f4cc73208d68c67fc19e1f80620e23d66ef2a923cb26a6d726fbc6a55bbcbc?s=96&d=mm&r=g\",\"contentUrl\":\"https:\\\/\\\/secure.gravatar.com\\\/avatar\\\/f6f4cc73208d68c67fc19e1f80620e23d66ef2a923cb26a6d726fbc6a55bbcbc?s=96&d=mm&r=g\",\"caption\":\"Magda Dulemba\"},\"url\":\"https:\\\/\\\/ple161.poznan.pl\\\/?author=2\"}]}<\/script>\n<!-- \/ Yoast SEO plugin. -->","yoast_head_json":{"title":"Spotkanie z policjantem - Przedszkole im. Ksi\u0119cia Przemys\u0142awa","robots":{"index":"noindex","follow":"follow"},"og_locale":"pl_PL","og_type":"article","og_title":"Spotkanie z policjantem - Przedszkole im. Ksi\u0119cia Przemys\u0142awa","og_description":"W grupie V w dniu 21.09.2021 r odby\u0142o si\u0119 spotkanie z Paniami Policjantkami, kt\u00f3re opowiedzia\u0142y dzieciom o zasadach bezpiecze\u0144stwa na drodze, w domu i na placu zabaw. Przypomnia\u0142y\u00a0 tak\u017ce wa\u017cne numery alarmowe, a szczeg\u00f3lnie 112. Opisa\u0142y sytuacje w kt\u00f3rych, nale\u017cy telefonowa\u0107 na alarmowe numery i jak odpowiada\u0107 na pytania, osoby, kt\u00f3ra taki telefon odbiera. Opowie\u015bci\u0105 [&hellip;]","og_url":"https:\/\/www.przedszkole161.pl\/?p=6337","og_site_name":"Przedszkole im. Ksi\u0119cia Przemys\u0142awa","article_published_time":"2021-09-23T05:43:00+00:00","article_modified_time":"2021-09-23T05:52:24+00:00","og_image":[{"width":190,"height":266,"url":"https:\/\/www.przedszkole161.pl\/wp-content\/uploads\/2021\/03\/pyrek.png","type":"image\/png"}],"author":"Magda Dulemba","twitter_card":"summary_large_image","twitter_misc":{"Napisane przez":"Magda Dulemba"},"schema":{"@context":"https:\/\/schema.org","@graph":[{"@type":"Article","@id":"https:\/\/www.przedszkole161.pl\/?p=6337#article","isPartOf":{"@id":"https:\/\/www.przedszkole161.pl\/?p=6337"},"author":{"name":"Magda Dulemba","@id":"https:\/\/www.przedszkole161.pl\/#\/schema\/person\/673325371d681555a8b67c870d21faac"},"headline":"Spotkanie z policjantem","datePublished":"2021-09-23T05:43:00+00:00","dateModified":"2021-09-23T05:52:24+00:00","mainEntityOfPage":{"@id":"https:\/\/www.przedszkole161.pl\/?p=6337"},"wordCount":82,"image":{"@id":"https:\/\/www.przedszkole161.pl\/?p=6337#primaryimage"},"thumbnailUrl":"https:\/\/ple161.poznan.pl\/wp-content\/uploads\/2021\/03\/pyrek-e1700927855997.png","articleSection":["Aktualno\u015bci","Wydarzenia"],"inLanguage":"pl-PL"},{"@type":"WebPage","@id":"https:\/\/www.przedszkole161.pl\/?p=6337","url":"https:\/\/www.przedszkole161.pl\/?p=6337","name":"Spotkanie z policjantem - Przedszkole im. Ksi\u0119cia Przemys\u0142awa","isPartOf":{"@id":"https:\/\/www.przedszkole161.pl\/#website"},"primaryImageOfPage":{"@id":"https:\/\/www.przedszkole161.pl\/?p=6337#primaryimage"},"image":{"@id":"https:\/\/www.przedszkole161.pl\/?p=6337#primaryimage"},"thumbnailUrl":"https:\/\/ple161.poznan.pl\/wp-content\/uploads\/2021\/03\/pyrek-e1700927855997.png","datePublished":"2021-09-23T05:43:00+00:00","dateModified":"2021-09-23T05:52:24+00:00","author":{"@id":"https:\/\/www.przedszkole161.pl\/#\/schema\/person\/673325371d681555a8b67c870d21faac"},"breadcrumb":{"@id":"https:\/\/www.przedszkole161.pl\/?p=6337#breadcrumb"},"inLanguage":"pl-PL","potentialAction":[{"@type":"ReadAction","target":["https:\/\/www.przedszkole161.pl\/?p=6337"]}]},{"@type":"ImageObject","inLanguage":"pl-PL","@id":"https:\/\/www.przedszkole161.pl\/?p=6337#primaryimage","url":"https:\/\/ple161.poznan.pl\/wp-content\/uploads\/2021\/03\/pyrek-e1700927855997.png","contentUrl":"https:\/\/ple161.poznan.pl\/wp-content\/uploads\/2021\/03\/pyrek-e1700927855997.png","width":160,"height":224},{"@type":"BreadcrumbList","@id":"https:\/\/www.przedszkole161.pl\/?p=6337#breadcrumb","itemListElement":[{"@type":"ListItem","position":1,"name":"Strona g\u0142\u00f3wna","item":"https:\/\/www.przedszkole161.pl\/"},{"@type":"ListItem","position":2,"name":"Spotkanie z policjantem"}]},{"@type":"WebSite","@id":"https:\/\/www.przedszkole161.pl\/#website","url":"https:\/\/www.przedszkole161.pl\/","name":"Przedszkole im. Ksi\u0119cia Przemys\u0142awa 161","description":"","potentialAction":[{"@type":"SearchAction","target":{"@type":"EntryPoint","urlTemplate":"https:\/\/www.przedszkole161.pl\/?s={search_term_string}"},"query-input":{"@type":"PropertyValueSpecification","valueRequired":true,"valueName":"search_term_string"}}],"inLanguage":"pl-PL"},{"@type":"Person","@id":"https:\/\/www.przedszkole161.pl\/#\/schema\/person\/673325371d681555a8b67c870d21faac","name":"Magda Dulemba","image":{"@type":"ImageObject","inLanguage":"pl-PL","@id":"https:\/\/secure.gravatar.com\/avatar\/f6f4cc73208d68c67fc19e1f80620e23d66ef2a923cb26a6d726fbc6a55bbcbc?s=96&d=mm&r=g","url":"https:\/\/secure.gravatar.com\/avatar\/f6f4cc73208d68c67fc19e1f80620e23d66ef2a923cb26a6d726fbc6a55bbcbc?s=96&d=mm&r=g","contentUrl":"https:\/\/secure.gravatar.com\/avatar\/f6f4cc73208d68c67fc19e1f80620e23d66ef2a923cb26a6d726fbc6a55bbcbc?s=96&d=mm&r=g","caption":"Magda Dulemba"},"url":"https:\/\/ple161.poznan.pl\/?author=2"}]}},"_links":{"self":[{"href":"https:\/\/ple161.poznan.pl\/index.php?rest_route=\/wp\/v2\/posts\/6337","targetHints":{"allow":["GET"]}}],"collection":[{"href":"https:\/\/ple161.poznan.pl\/index.php?rest_route=\/wp\/v2\/posts"}],"about":[{"href":"https:\/\/ple161.poznan.pl\/index.php?rest_route=\/wp\/v2\/types\/post"}],"author":[{"embeddable":true,"href":"https:\/\/ple161.poznan.pl\/index.php?rest_route=\/wp\/v2\/users\/2"}],"replies":[{"embeddable":true,"href":"https:\/\/ple161.poznan.pl\/index.php?rest_route=%2Fwp%2Fv2%2Fcomments&post=6337"}],"version-history":[{"count":4,"href":"https:\/\/ple161.poznan.pl\/index.php?rest_route=\/wp\/v2\/posts\/6337\/revisions"}],"predecessor-version":[{"id":6345,"href":"https:\/\/ple161.poznan.pl\/index.php?rest_route=\/wp\/v2\/posts\/6337\/revisions\/6345"}],"wp:featuredmedia":[{"embeddable":true,"href":"https:\/\/ple161.poznan.pl\/index.php?rest_route=\/wp\/v2\/media\/5712"}],"wp:attachment":[{"href":"https:\/\/ple161.poznan.pl\/index.php?rest_route=%2Fwp%2Fv2%2Fmedia&parent=6337"}],"wp:term":[{"taxonomy":"category","embeddable":true,"href":"https:\/\/ple161.poznan.pl\/index.php?rest_route=%2Fwp%2Fv2%2Fcategories&post=6337"},{"taxonomy":"post_tag","embeddable":true,"href":"https:\/\/ple161.poznan.pl\/index.php?rest_route=%2Fwp%2Fv2%2Ftags&post=6337"}],"curies":[{"name":"wp","href":"https:\/\/api.w.org\/{rel}","templated":true}]}}