{"id":6304,"date":"2021-09-06T21:10:14","date_gmt":"2021-09-06T20:10:14","guid":{"rendered":"http:\/\/ple161.poznan.pl\/?p=6304"},"modified":"2021-09-06T21:10:15","modified_gmt":"2021-09-06T20:10:15","slug":"cykl-warsztatow-z-zakresu-profilaktyki-stomatologicznej-prowadzonych-przez-wolontariuszy-fundacji-wiewiorki-julii","status":"publish","type":"post","link":"https:\/\/ple161.poznan.pl\/?p=6304","title":{"rendered":"Cykl warsztat\u00f3w z zakresu profilaktyki stomatologicznej prowadzonych przez wolontariuszy Fundacji Wiewi\u00f3rki Julii"},"content":{"rendered":"\n<p>Nasze przedszkolaki ju\u017c po raz kolejny b\u0119d\u0105 uczestniczy\u0107 w warsztatach z zakresu profilaktyki stomatologicznej. Na warsztatach dowiemy si\u0119:<\/p>\n\n\n\n<p>Temat nr 1: data spotkania: 28.09.21<\/p>\n\n\n\n<p>Podstawowa higiena jamy ustnej<\/p>\n\n\n\n<p>&#8211; po co s\u0105 nam&nbsp; potrzebne z\u0119by<\/p>\n\n\n\n<p>-Jak wygl\u0105da buzia w \u015brodku<\/p>\n\n\n\n<p>-budowa z\u0119ba<\/p>\n\n\n\n<p>-mleczaki<\/p>\n\n\n\n<p>-co trzeba zrobi\u0107 \u017ceby z\u0105b by\u0142 zdrowy?<\/p>\n\n\n\n<p>-czym myjemy z\u0119by (szczoteczki manualne i elektryczne)<\/p>\n\n\n\n<p>-kiedy wymieni\u0107 szczoteczk\u0119?<\/p>\n\n\n\n<p>-kto to jest dentysta?<\/p>\n\n\n\n<p>-jak wygl\u0105da gabinet dentysty<\/p>\n\n\n\n<p>-woda i jej znaczenie<\/p>\n\n\n\n<p>Temat nr 2: dieta:  data spotkania:12.10.21<\/p>\n\n\n\n<p>&#8211; Co zrobi\u0107 by mie\u0107 zdrowe z\u0119by?<\/p>\n\n\n\n<p>&#8211; Co jest dobra z co z\u0142e dla z\u0119b\u00f3w?<\/p>\n\n\n\n<p>-Co to jest pr\u00f3chnica?<\/p>\n\n\n\n<p>&#8211; Co zrobi\u0107 by mie\u0107 twarde \u017ceby?<\/p>\n\n\n\n<p>&#8211; Co zrobi\u0107 by mie\u0107 zdrowe dzi\u0105s\u0142a?<\/p>\n\n\n\n<p>&#8211; Czego unika\u0107?<\/p>\n\n\n\n<p>Temat nr 3: Budowa jamy ustnej: <\/p>\n\n\n\n<p>data spotkania: 16.11.21<\/p>\n\n\n\n<p>-Co mamy w buzi?<\/p>\n\n\n\n<p>&#8211; Jak jest zbudowany z\u0105b?<\/p>\n\n\n\n<p>&#8211; Co to jest dzi\u0105s\u0142o?<\/p>\n\n\n\n<p>&#8211; Uz\u0119bienie<\/p>\n\n\n\n<p>&#8211; Rodzaje z\u0119b\u00f3w<\/p>\n\n\n\n<p>Temat nr 4: jak wygl\u0105da brudny z\u0105b?<\/p>\n\n\n\n<p>data spotkania: 14.12.21<\/p>\n\n\n\n<p>&#8211; Co to jest p\u0142ytka naz\u0119bna?<\/p>\n\n\n\n<p>&#8211; Jak wygl\u0105da kamie\u0144 na z\u0119bach?<\/p>\n\n\n\n<p>&#8211; Co to jest osad naz\u0119bny?<\/p>\n\n\n\n<p>&#8211; Jak poprawnie dba\u0107 o z\u0119by?<\/p>\n\n\n\n<p>&#8211; Jak szczotkowa\u0107 z\u0119by?<\/p>\n\n\n\n<p>-Rodzaje szczoteczek do z\u0119b\u00f3w.<\/p>\n\n\n\n<p>Temat nr 5: Pr\u00f3chnica<\/p>\n\n\n\n<p>data spotkania 01.02.21<\/p>\n\n\n\n<p>-co to jest pr\u00f3chnica<\/p>\n\n\n\n<p>-4 czynniki<\/p>\n\n\n\n<p>-jak wygl\u0105da pr\u00f3chnica<\/p>\n\n\n\n<p>-bakterie=p\u0142ytka naz\u0119bna<\/p>\n\n\n\n<p>-cukier<\/p>\n\n\n\n<p>-podatno\u015b\u0107 z\u0119ba<\/p>\n\n\n\n<p>-gdzie musimy si\u0119 uda\u0107 gdy z\u0105b jest chory?<\/p>\n","protected":false},"excerpt":{"rendered":"<p>Nasze przedszkolaki ju\u017c po raz kolejny b\u0119d\u0105 uczestniczy\u0107 w warsztatach z zakresu profilaktyki stomatologicznej. Na warsztatach dowiemy si\u0119: Temat nr 1: data spotkania: 28.09.21 Podstawowa higiena jamy ustnej &#8211; po co s\u0105 nam&nbsp; potrzebne z\u0119by -Jak wygl\u0105da buzia w \u015brodku -budowa z\u0119ba -mleczaki -co trzeba zrobi\u0107 \u017ceby z\u0105b by\u0142 zdrowy? -czym myjemy z\u0119by (szczoteczki manualne [&hellip;]<\/p>\n","protected":false},"author":2,"featured_media":6305,"comment_status":"closed","ping_status":"closed","sticky":false,"template":"","format":"standard","meta":{"ngg_post_thumbnail":0,"footnotes":""},"categories":[4,1],"tags":[],"class_list":["post-6304","post","type-post","status-publish","format-standard","has-post-thumbnail","hentry","category-aktualnosci","category-wydarzenia"],"yoast_head":"<!-- This site is optimized with the Yoast SEO plugin v27.4 - https:\/\/yoast.com\/product\/yoast-seo-wordpress\/ -->\n<title>Cykl warsztat\u00f3w z zakresu profilaktyki stomatologicznej prowadzonych przez wolontariuszy Fundacji Wiewi\u00f3rki Julii - Przedszkole im. Ksi\u0119cia Przemys\u0142awa<\/title>\n<meta name=\"robots\" content=\"noindex, follow\" \/>\n<meta property=\"og:locale\" content=\"pl_PL\" \/>\n<meta property=\"og:type\" content=\"article\" \/>\n<meta property=\"og:title\" content=\"Cykl warsztat\u00f3w z zakresu profilaktyki stomatologicznej prowadzonych przez wolontariuszy Fundacji Wiewi\u00f3rki Julii - Przedszkole im. Ksi\u0119cia Przemys\u0142awa\" \/>\n<meta property=\"og:description\" content=\"Nasze przedszkolaki ju\u017c po raz kolejny b\u0119d\u0105 uczestniczy\u0107 w warsztatach z zakresu profilaktyki stomatologicznej. Na warsztatach dowiemy si\u0119: Temat nr 1: data spotkania: 28.09.21 Podstawowa higiena jamy ustnej &#8211; po co s\u0105 nam&nbsp; potrzebne z\u0119by -Jak wygl\u0105da buzia w \u015brodku -budowa z\u0119ba -mleczaki -co trzeba zrobi\u0107 \u017ceby z\u0105b by\u0142 zdrowy? -czym myjemy z\u0119by (szczoteczki manualne [&hellip;]\" \/>\n<meta property=\"og:url\" content=\"https:\/\/www.przedszkole161.pl\/?p=6304\" \/>\n<meta property=\"og:site_name\" content=\"Przedszkole im. Ksi\u0119cia Przemys\u0142awa\" \/>\n<meta property=\"article:published_time\" content=\"2021-09-06T20:10:14+00:00\" \/>\n<meta property=\"article:modified_time\" content=\"2021-09-06T20:10:15+00:00\" \/>\n<meta property=\"og:image\" content=\"https:\/\/www.przedszkole161.pl\/wp-content\/uploads\/2021\/09\/fundacja-wiewiorki.png\" \/>\n\t<meta property=\"og:image:width\" content=\"300\" \/>\n\t<meta property=\"og:image:height\" content=\"300\" \/>\n\t<meta property=\"og:image:type\" content=\"image\/png\" \/>\n<meta name=\"author\" content=\"Magda Dulemba\" \/>\n<meta name=\"twitter:card\" content=\"summary_large_image\" \/>\n<meta name=\"twitter:label1\" content=\"Napisane przez\" \/>\n\t<meta name=\"twitter:data1\" content=\"Magda Dulemba\" \/>\n\t<meta name=\"twitter:label2\" content=\"Szacowany czas czytania\" \/>\n\t<meta name=\"twitter:data2\" content=\"1 minuta\" \/>\n<script type=\"application\/ld+json\" class=\"yoast-schema-graph\">{\"@context\":\"https:\\\/\\\/schema.org\",\"@graph\":[{\"@type\":\"Article\",\"@id\":\"https:\\\/\\\/www.przedszkole161.pl\\\/?p=6304#article\",\"isPartOf\":{\"@id\":\"https:\\\/\\\/www.przedszkole161.pl\\\/?p=6304\"},\"author\":{\"name\":\"Magda Dulemba\",\"@id\":\"https:\\\/\\\/www.przedszkole161.pl\\\/#\\\/schema\\\/person\\\/673325371d681555a8b67c870d21faac\"},\"headline\":\"Cykl warsztat\u00f3w z zakresu profilaktyki stomatologicznej prowadzonych przez wolontariuszy Fundacji Wiewi\u00f3rki Julii\",\"datePublished\":\"2021-09-06T20:10:14+00:00\",\"dateModified\":\"2021-09-06T20:10:15+00:00\",\"mainEntityOfPage\":{\"@id\":\"https:\\\/\\\/www.przedszkole161.pl\\\/?p=6304\"},\"wordCount\":260,\"image\":{\"@id\":\"https:\\\/\\\/www.przedszkole161.pl\\\/?p=6304#primaryimage\"},\"thumbnailUrl\":\"https:\\\/\\\/ple161.poznan.pl\\\/wp-content\\\/uploads\\\/2021\\\/09\\\/fundacja-wiewiorki.png\",\"articleSection\":[\"Aktualno\u015bci\",\"Wydarzenia\"],\"inLanguage\":\"pl-PL\"},{\"@type\":\"WebPage\",\"@id\":\"https:\\\/\\\/www.przedszkole161.pl\\\/?p=6304\",\"url\":\"https:\\\/\\\/www.przedszkole161.pl\\\/?p=6304\",\"name\":\"Cykl warsztat\u00f3w z zakresu profilaktyki stomatologicznej prowadzonych przez wolontariuszy Fundacji Wiewi\u00f3rki Julii - Przedszkole im. Ksi\u0119cia Przemys\u0142awa\",\"isPartOf\":{\"@id\":\"https:\\\/\\\/www.przedszkole161.pl\\\/#website\"},\"primaryImageOfPage\":{\"@id\":\"https:\\\/\\\/www.przedszkole161.pl\\\/?p=6304#primaryimage\"},\"image\":{\"@id\":\"https:\\\/\\\/www.przedszkole161.pl\\\/?p=6304#primaryimage\"},\"thumbnailUrl\":\"https:\\\/\\\/ple161.poznan.pl\\\/wp-content\\\/uploads\\\/2021\\\/09\\\/fundacja-wiewiorki.png\",\"datePublished\":\"2021-09-06T20:10:14+00:00\",\"dateModified\":\"2021-09-06T20:10:15+00:00\",\"author\":{\"@id\":\"https:\\\/\\\/www.przedszkole161.pl\\\/#\\\/schema\\\/person\\\/673325371d681555a8b67c870d21faac\"},\"breadcrumb\":{\"@id\":\"https:\\\/\\\/www.przedszkole161.pl\\\/?p=6304#breadcrumb\"},\"inLanguage\":\"pl-PL\",\"potentialAction\":[{\"@type\":\"ReadAction\",\"target\":[\"https:\\\/\\\/www.przedszkole161.pl\\\/?p=6304\"]}]},{\"@type\":\"ImageObject\",\"inLanguage\":\"pl-PL\",\"@id\":\"https:\\\/\\\/www.przedszkole161.pl\\\/?p=6304#primaryimage\",\"url\":\"https:\\\/\\\/ple161.poznan.pl\\\/wp-content\\\/uploads\\\/2021\\\/09\\\/fundacja-wiewiorki.png\",\"contentUrl\":\"https:\\\/\\\/ple161.poznan.pl\\\/wp-content\\\/uploads\\\/2021\\\/09\\\/fundacja-wiewiorki.png\",\"width\":300,\"height\":300},{\"@type\":\"BreadcrumbList\",\"@id\":\"https:\\\/\\\/www.przedszkole161.pl\\\/?p=6304#breadcrumb\",\"itemListElement\":[{\"@type\":\"ListItem\",\"position\":1,\"name\":\"Strona g\u0142\u00f3wna\",\"item\":\"https:\\\/\\\/www.przedszkole161.pl\\\/\"},{\"@type\":\"ListItem\",\"position\":2,\"name\":\"Cykl warsztat\u00f3w z zakresu profilaktyki stomatologicznej prowadzonych przez wolontariuszy Fundacji Wiewi\u00f3rki Julii\"}]},{\"@type\":\"WebSite\",\"@id\":\"https:\\\/\\\/www.przedszkole161.pl\\\/#website\",\"url\":\"https:\\\/\\\/www.przedszkole161.pl\\\/\",\"name\":\"Przedszkole im. Ksi\u0119cia Przemys\u0142awa 161\",\"description\":\"\",\"potentialAction\":[{\"@type\":\"SearchAction\",\"target\":{\"@type\":\"EntryPoint\",\"urlTemplate\":\"https:\\\/\\\/www.przedszkole161.pl\\\/?s={search_term_string}\"},\"query-input\":{\"@type\":\"PropertyValueSpecification\",\"valueRequired\":true,\"valueName\":\"search_term_string\"}}],\"inLanguage\":\"pl-PL\"},{\"@type\":\"Person\",\"@id\":\"https:\\\/\\\/www.przedszkole161.pl\\\/#\\\/schema\\\/person\\\/673325371d681555a8b67c870d21faac\",\"name\":\"Magda Dulemba\",\"image\":{\"@type\":\"ImageObject\",\"inLanguage\":\"pl-PL\",\"@id\":\"https:\\\/\\\/secure.gravatar.com\\\/avatar\\\/f6f4cc73208d68c67fc19e1f80620e23d66ef2a923cb26a6d726fbc6a55bbcbc?s=96&d=mm&r=g\",\"url\":\"https:\\\/\\\/secure.gravatar.com\\\/avatar\\\/f6f4cc73208d68c67fc19e1f80620e23d66ef2a923cb26a6d726fbc6a55bbcbc?s=96&d=mm&r=g\",\"contentUrl\":\"https:\\\/\\\/secure.gravatar.com\\\/avatar\\\/f6f4cc73208d68c67fc19e1f80620e23d66ef2a923cb26a6d726fbc6a55bbcbc?s=96&d=mm&r=g\",\"caption\":\"Magda Dulemba\"},\"url\":\"https:\\\/\\\/ple161.poznan.pl\\\/?author=2\"}]}<\/script>\n<!-- \/ Yoast SEO plugin. -->","yoast_head_json":{"title":"Cykl warsztat\u00f3w z zakresu profilaktyki stomatologicznej prowadzonych przez wolontariuszy Fundacji Wiewi\u00f3rki Julii - Przedszkole im. Ksi\u0119cia Przemys\u0142awa","robots":{"index":"noindex","follow":"follow"},"og_locale":"pl_PL","og_type":"article","og_title":"Cykl warsztat\u00f3w z zakresu profilaktyki stomatologicznej prowadzonych przez wolontariuszy Fundacji Wiewi\u00f3rki Julii - Przedszkole im. Ksi\u0119cia Przemys\u0142awa","og_description":"Nasze przedszkolaki ju\u017c po raz kolejny b\u0119d\u0105 uczestniczy\u0107 w warsztatach z zakresu profilaktyki stomatologicznej. Na warsztatach dowiemy si\u0119: Temat nr 1: data spotkania: 28.09.21 Podstawowa higiena jamy ustnej &#8211; po co s\u0105 nam&nbsp; potrzebne z\u0119by -Jak wygl\u0105da buzia w \u015brodku -budowa z\u0119ba -mleczaki -co trzeba zrobi\u0107 \u017ceby z\u0105b by\u0142 zdrowy? -czym myjemy z\u0119by (szczoteczki manualne [&hellip;]","og_url":"https:\/\/www.przedszkole161.pl\/?p=6304","og_site_name":"Przedszkole im. Ksi\u0119cia Przemys\u0142awa","article_published_time":"2021-09-06T20:10:14+00:00","article_modified_time":"2021-09-06T20:10:15+00:00","og_image":[{"width":300,"height":300,"url":"https:\/\/www.przedszkole161.pl\/wp-content\/uploads\/2021\/09\/fundacja-wiewiorki.png","type":"image\/png"}],"author":"Magda Dulemba","twitter_card":"summary_large_image","twitter_misc":{"Napisane przez":"Magda Dulemba","Szacowany czas czytania":"1 minuta"},"schema":{"@context":"https:\/\/schema.org","@graph":[{"@type":"Article","@id":"https:\/\/www.przedszkole161.pl\/?p=6304#article","isPartOf":{"@id":"https:\/\/www.przedszkole161.pl\/?p=6304"},"author":{"name":"Magda Dulemba","@id":"https:\/\/www.przedszkole161.pl\/#\/schema\/person\/673325371d681555a8b67c870d21faac"},"headline":"Cykl warsztat\u00f3w z zakresu profilaktyki stomatologicznej prowadzonych przez wolontariuszy Fundacji Wiewi\u00f3rki Julii","datePublished":"2021-09-06T20:10:14+00:00","dateModified":"2021-09-06T20:10:15+00:00","mainEntityOfPage":{"@id":"https:\/\/www.przedszkole161.pl\/?p=6304"},"wordCount":260,"image":{"@id":"https:\/\/www.przedszkole161.pl\/?p=6304#primaryimage"},"thumbnailUrl":"https:\/\/ple161.poznan.pl\/wp-content\/uploads\/2021\/09\/fundacja-wiewiorki.png","articleSection":["Aktualno\u015bci","Wydarzenia"],"inLanguage":"pl-PL"},{"@type":"WebPage","@id":"https:\/\/www.przedszkole161.pl\/?p=6304","url":"https:\/\/www.przedszkole161.pl\/?p=6304","name":"Cykl warsztat\u00f3w z zakresu profilaktyki stomatologicznej prowadzonych przez wolontariuszy Fundacji Wiewi\u00f3rki Julii - Przedszkole im. Ksi\u0119cia Przemys\u0142awa","isPartOf":{"@id":"https:\/\/www.przedszkole161.pl\/#website"},"primaryImageOfPage":{"@id":"https:\/\/www.przedszkole161.pl\/?p=6304#primaryimage"},"image":{"@id":"https:\/\/www.przedszkole161.pl\/?p=6304#primaryimage"},"thumbnailUrl":"https:\/\/ple161.poznan.pl\/wp-content\/uploads\/2021\/09\/fundacja-wiewiorki.png","datePublished":"2021-09-06T20:10:14+00:00","dateModified":"2021-09-06T20:10:15+00:00","author":{"@id":"https:\/\/www.przedszkole161.pl\/#\/schema\/person\/673325371d681555a8b67c870d21faac"},"breadcrumb":{"@id":"https:\/\/www.przedszkole161.pl\/?p=6304#breadcrumb"},"inLanguage":"pl-PL","potentialAction":[{"@type":"ReadAction","target":["https:\/\/www.przedszkole161.pl\/?p=6304"]}]},{"@type":"ImageObject","inLanguage":"pl-PL","@id":"https:\/\/www.przedszkole161.pl\/?p=6304#primaryimage","url":"https:\/\/ple161.poznan.pl\/wp-content\/uploads\/2021\/09\/fundacja-wiewiorki.png","contentUrl":"https:\/\/ple161.poznan.pl\/wp-content\/uploads\/2021\/09\/fundacja-wiewiorki.png","width":300,"height":300},{"@type":"BreadcrumbList","@id":"https:\/\/www.przedszkole161.pl\/?p=6304#breadcrumb","itemListElement":[{"@type":"ListItem","position":1,"name":"Strona g\u0142\u00f3wna","item":"https:\/\/www.przedszkole161.pl\/"},{"@type":"ListItem","position":2,"name":"Cykl warsztat\u00f3w z zakresu profilaktyki stomatologicznej prowadzonych przez wolontariuszy Fundacji Wiewi\u00f3rki Julii"}]},{"@type":"WebSite","@id":"https:\/\/www.przedszkole161.pl\/#website","url":"https:\/\/www.przedszkole161.pl\/","name":"Przedszkole im. Ksi\u0119cia Przemys\u0142awa 161","description":"","potentialAction":[{"@type":"SearchAction","target":{"@type":"EntryPoint","urlTemplate":"https:\/\/www.przedszkole161.pl\/?s={search_term_string}"},"query-input":{"@type":"PropertyValueSpecification","valueRequired":true,"valueName":"search_term_string"}}],"inLanguage":"pl-PL"},{"@type":"Person","@id":"https:\/\/www.przedszkole161.pl\/#\/schema\/person\/673325371d681555a8b67c870d21faac","name":"Magda Dulemba","image":{"@type":"ImageObject","inLanguage":"pl-PL","@id":"https:\/\/secure.gravatar.com\/avatar\/f6f4cc73208d68c67fc19e1f80620e23d66ef2a923cb26a6d726fbc6a55bbcbc?s=96&d=mm&r=g","url":"https:\/\/secure.gravatar.com\/avatar\/f6f4cc73208d68c67fc19e1f80620e23d66ef2a923cb26a6d726fbc6a55bbcbc?s=96&d=mm&r=g","contentUrl":"https:\/\/secure.gravatar.com\/avatar\/f6f4cc73208d68c67fc19e1f80620e23d66ef2a923cb26a6d726fbc6a55bbcbc?s=96&d=mm&r=g","caption":"Magda Dulemba"},"url":"https:\/\/ple161.poznan.pl\/?author=2"}]}},"_links":{"self":[{"href":"https:\/\/ple161.poznan.pl\/index.php?rest_route=\/wp\/v2\/posts\/6304","targetHints":{"allow":["GET"]}}],"collection":[{"href":"https:\/\/ple161.poznan.pl\/index.php?rest_route=\/wp\/v2\/posts"}],"about":[{"href":"https:\/\/ple161.poznan.pl\/index.php?rest_route=\/wp\/v2\/types\/post"}],"author":[{"embeddable":true,"href":"https:\/\/ple161.poznan.pl\/index.php?rest_route=\/wp\/v2\/users\/2"}],"replies":[{"embeddable":true,"href":"https:\/\/ple161.poznan.pl\/index.php?rest_route=%2Fwp%2Fv2%2Fcomments&post=6304"}],"version-history":[{"count":1,"href":"https:\/\/ple161.poznan.pl\/index.php?rest_route=\/wp\/v2\/posts\/6304\/revisions"}],"predecessor-version":[{"id":6306,"href":"https:\/\/ple161.poznan.pl\/index.php?rest_route=\/wp\/v2\/posts\/6304\/revisions\/6306"}],"wp:featuredmedia":[{"embeddable":true,"href":"https:\/\/ple161.poznan.pl\/index.php?rest_route=\/wp\/v2\/media\/6305"}],"wp:attachment":[{"href":"https:\/\/ple161.poznan.pl\/index.php?rest_route=%2Fwp%2Fv2%2Fmedia&parent=6304"}],"wp:term":[{"taxonomy":"category","embeddable":true,"href":"https:\/\/ple161.poznan.pl\/index.php?rest_route=%2Fwp%2Fv2%2Fcategories&post=6304"},{"taxonomy":"post_tag","embeddable":true,"href":"https:\/\/ple161.poznan.pl\/index.php?rest_route=%2Fwp%2Fv2%2Ftags&post=6304"}],"curies":[{"name":"wp","href":"https:\/\/api.w.org\/{rel}","templated":true}]}}