{"id":6256,"date":"2022-08-09T19:41:31","date_gmt":"2022-08-09T18:41:31","guid":{"rendered":"http:\/\/ple161.poznan.pl\/?p=6256"},"modified":"2022-08-19T17:08:07","modified_gmt":"2022-08-19T16:08:07","slug":"co-przyniesc-do-przedszkola-1-wrzesnia","status":"publish","type":"post","link":"https:\/\/ple161.poznan.pl\/?p=6256","title":{"rendered":"Co przynie\u015b\u0107 do przedszkola 1 wrze\u015bnia"},"content":{"rendered":"\r\n<p>Grupa I 3 latki Kozio\u0142eczki<\/p>\r\n\r\n\r\n\r\n<ul class=\"wp-block-list\">\r\n<li>ma\u0142y kocyk lub ma\u0142a ko\u0142derka<\/li>\r\n<li>ma\u0142a poduszka typu jasiek<\/li>\r\n<li>pi\u017camka<\/li>\r\n<li>prze\u015bcierad\u0142o z gumk\u0105 wielko\u015bci ma\u0142ego materaca w \u0142\u00f3\u017ceczku<\/li>\r\n<li>kapcie<\/li>\r\n<li>ubranka na przebranie &#8211; spory zapas w razie awarii<\/li>\r\n<li>worek<\/li>\r\n<li>ma\u0142y r\u0119cznik<\/li>\r\n<li>chusteczki higieniczne<\/li>\r\n<li>chusteczki mokre<\/li>\r\n<li>papier toaletowy nawil\u017cany<\/li>\r\n<li>wszystkie rzeczy podpisane<\/li>\r\n<\/ul>\r\n\r\n\r\n\r\n<p>Pozosta\u0142e grupy<\/p>\r\n\r\n\r\n\r\n<ul class=\"wp-block-list\">\r\n<li>kapcie<\/li>\r\n<li>rzeczy na zmian\u0119 w razie awarii<\/li>\r\n<li>grupa V str\u00f3j sportowy (kr\u00f3tkie spodenki i koszulka)<\/li>\r\n<li>wszystko zapakowane w worek\u00a0<\/li>\r\n<li>ma\u0142y r\u0119cznik<\/li>\r\n<li>wszystkie rzeczy podpisane<\/li>\r\n<\/ul>\r\n","protected":false},"excerpt":{"rendered":"<p>Grupa I 3 latki Kozio\u0142eczki ma\u0142y kocyk lub ma\u0142a ko\u0142derka ma\u0142a poduszka typu jasiek pi\u017camka prze\u015bcierad\u0142o z gumk\u0105 wielko\u015bci ma\u0142ego materaca w \u0142\u00f3\u017ceczku kapcie ubranka na przebranie &#8211; spory zapas w razie awarii worek ma\u0142y r\u0119cznik chusteczki higieniczne chusteczki mokre papier toaletowy nawil\u017cany wszystkie rzeczy podpisane Pozosta\u0142e grupy kapcie rzeczy na zmian\u0119 w razie awarii [&hellip;]<\/p>\n","protected":false},"author":2,"featured_media":6257,"comment_status":"closed","ping_status":"closed","sticky":false,"template":"","format":"standard","meta":{"ngg_post_thumbnail":0,"footnotes":""},"categories":[4,1],"tags":[],"class_list":["post-6256","post","type-post","status-publish","format-standard","has-post-thumbnail","hentry","category-aktualnosci","category-wydarzenia"],"yoast_head":"<!-- This site is optimized with the Yoast SEO plugin v27.4 - https:\/\/yoast.com\/product\/yoast-seo-wordpress\/ -->\n<title>Co przynie\u015b\u0107 do przedszkola 1 wrze\u015bnia - Przedszkole im. Ksi\u0119cia Przemys\u0142awa<\/title>\n<meta name=\"robots\" content=\"noindex, follow\" \/>\n<meta property=\"og:locale\" content=\"pl_PL\" \/>\n<meta property=\"og:type\" content=\"article\" \/>\n<meta property=\"og:title\" content=\"Co przynie\u015b\u0107 do przedszkola 1 wrze\u015bnia - Przedszkole im. Ksi\u0119cia Przemys\u0142awa\" \/>\n<meta property=\"og:description\" content=\"Grupa I 3 latki Kozio\u0142eczki ma\u0142y kocyk lub ma\u0142a ko\u0142derka ma\u0142a poduszka typu jasiek pi\u017camka prze\u015bcierad\u0142o z gumk\u0105 wielko\u015bci ma\u0142ego materaca w \u0142\u00f3\u017ceczku kapcie ubranka na przebranie &#8211; spory zapas w razie awarii worek ma\u0142y r\u0119cznik chusteczki higieniczne chusteczki mokre papier toaletowy nawil\u017cany wszystkie rzeczy podpisane Pozosta\u0142e grupy kapcie rzeczy na zmian\u0119 w razie awarii [&hellip;]\" \/>\n<meta property=\"og:url\" content=\"https:\/\/www.przedszkole161.pl\/?p=6256\" \/>\n<meta property=\"og:site_name\" content=\"Przedszkole im. Ksi\u0119cia Przemys\u0142awa\" \/>\n<meta property=\"article:published_time\" content=\"2022-08-09T18:41:31+00:00\" \/>\n<meta property=\"article:modified_time\" content=\"2022-08-19T16:08:07+00:00\" \/>\n<meta property=\"og:image\" content=\"https:\/\/www.przedszkole161.pl\/wp-content\/uploads\/2021\/08\/gif-powrot-po-wakacjach.jpg\" \/>\n\t<meta property=\"og:image:width\" content=\"270\" \/>\n\t<meta property=\"og:image:height\" content=\"187\" \/>\n\t<meta property=\"og:image:type\" content=\"image\/jpeg\" \/>\n<meta name=\"author\" content=\"Magda Dulemba\" \/>\n<meta name=\"twitter:card\" content=\"summary_large_image\" \/>\n<meta name=\"twitter:label1\" content=\"Napisane przez\" \/>\n\t<meta name=\"twitter:data1\" content=\"Magda Dulemba\" \/>\n<script type=\"application\/ld+json\" class=\"yoast-schema-graph\">{\"@context\":\"https:\\\/\\\/schema.org\",\"@graph\":[{\"@type\":\"Article\",\"@id\":\"https:\\\/\\\/www.przedszkole161.pl\\\/?p=6256#article\",\"isPartOf\":{\"@id\":\"https:\\\/\\\/www.przedszkole161.pl\\\/?p=6256\"},\"author\":{\"name\":\"Magda Dulemba\",\"@id\":\"https:\\\/\\\/www.przedszkole161.pl\\\/#\\\/schema\\\/person\\\/673325371d681555a8b67c870d21faac\"},\"headline\":\"Co przynie\u015b\u0107 do przedszkola 1 wrze\u015bnia\",\"datePublished\":\"2022-08-09T18:41:31+00:00\",\"dateModified\":\"2022-08-19T16:08:07+00:00\",\"mainEntityOfPage\":{\"@id\":\"https:\\\/\\\/www.przedszkole161.pl\\\/?p=6256\"},\"wordCount\":95,\"image\":{\"@id\":\"https:\\\/\\\/www.przedszkole161.pl\\\/?p=6256#primaryimage\"},\"thumbnailUrl\":\"https:\\\/\\\/ple161.poznan.pl\\\/wp-content\\\/uploads\\\/2021\\\/08\\\/gif-powrot-po-wakacjach.jpg\",\"articleSection\":[\"Aktualno\u015bci\",\"Wydarzenia\"],\"inLanguage\":\"pl-PL\"},{\"@type\":\"WebPage\",\"@id\":\"https:\\\/\\\/www.przedszkole161.pl\\\/?p=6256\",\"url\":\"https:\\\/\\\/www.przedszkole161.pl\\\/?p=6256\",\"name\":\"Co przynie\u015b\u0107 do przedszkola 1 wrze\u015bnia - Przedszkole im. Ksi\u0119cia Przemys\u0142awa\",\"isPartOf\":{\"@id\":\"https:\\\/\\\/www.przedszkole161.pl\\\/#website\"},\"primaryImageOfPage\":{\"@id\":\"https:\\\/\\\/www.przedszkole161.pl\\\/?p=6256#primaryimage\"},\"image\":{\"@id\":\"https:\\\/\\\/www.przedszkole161.pl\\\/?p=6256#primaryimage\"},\"thumbnailUrl\":\"https:\\\/\\\/ple161.poznan.pl\\\/wp-content\\\/uploads\\\/2021\\\/08\\\/gif-powrot-po-wakacjach.jpg\",\"datePublished\":\"2022-08-09T18:41:31+00:00\",\"dateModified\":\"2022-08-19T16:08:07+00:00\",\"author\":{\"@id\":\"https:\\\/\\\/www.przedszkole161.pl\\\/#\\\/schema\\\/person\\\/673325371d681555a8b67c870d21faac\"},\"breadcrumb\":{\"@id\":\"https:\\\/\\\/www.przedszkole161.pl\\\/?p=6256#breadcrumb\"},\"inLanguage\":\"pl-PL\",\"potentialAction\":[{\"@type\":\"ReadAction\",\"target\":[\"https:\\\/\\\/www.przedszkole161.pl\\\/?p=6256\"]}]},{\"@type\":\"ImageObject\",\"inLanguage\":\"pl-PL\",\"@id\":\"https:\\\/\\\/www.przedszkole161.pl\\\/?p=6256#primaryimage\",\"url\":\"https:\\\/\\\/ple161.poznan.pl\\\/wp-content\\\/uploads\\\/2021\\\/08\\\/gif-powrot-po-wakacjach.jpg\",\"contentUrl\":\"https:\\\/\\\/ple161.poznan.pl\\\/wp-content\\\/uploads\\\/2021\\\/08\\\/gif-powrot-po-wakacjach.jpg\",\"width\":270,\"height\":187},{\"@type\":\"BreadcrumbList\",\"@id\":\"https:\\\/\\\/www.przedszkole161.pl\\\/?p=6256#breadcrumb\",\"itemListElement\":[{\"@type\":\"ListItem\",\"position\":1,\"name\":\"Strona g\u0142\u00f3wna\",\"item\":\"https:\\\/\\\/www.przedszkole161.pl\\\/\"},{\"@type\":\"ListItem\",\"position\":2,\"name\":\"Co przynie\u015b\u0107 do przedszkola 1 wrze\u015bnia\"}]},{\"@type\":\"WebSite\",\"@id\":\"https:\\\/\\\/www.przedszkole161.pl\\\/#website\",\"url\":\"https:\\\/\\\/www.przedszkole161.pl\\\/\",\"name\":\"Przedszkole im. Ksi\u0119cia Przemys\u0142awa 161\",\"description\":\"\",\"potentialAction\":[{\"@type\":\"SearchAction\",\"target\":{\"@type\":\"EntryPoint\",\"urlTemplate\":\"https:\\\/\\\/www.przedszkole161.pl\\\/?s={search_term_string}\"},\"query-input\":{\"@type\":\"PropertyValueSpecification\",\"valueRequired\":true,\"valueName\":\"search_term_string\"}}],\"inLanguage\":\"pl-PL\"},{\"@type\":\"Person\",\"@id\":\"https:\\\/\\\/www.przedszkole161.pl\\\/#\\\/schema\\\/person\\\/673325371d681555a8b67c870d21faac\",\"name\":\"Magda Dulemba\",\"image\":{\"@type\":\"ImageObject\",\"inLanguage\":\"pl-PL\",\"@id\":\"https:\\\/\\\/secure.gravatar.com\\\/avatar\\\/f6f4cc73208d68c67fc19e1f80620e23d66ef2a923cb26a6d726fbc6a55bbcbc?s=96&d=mm&r=g\",\"url\":\"https:\\\/\\\/secure.gravatar.com\\\/avatar\\\/f6f4cc73208d68c67fc19e1f80620e23d66ef2a923cb26a6d726fbc6a55bbcbc?s=96&d=mm&r=g\",\"contentUrl\":\"https:\\\/\\\/secure.gravatar.com\\\/avatar\\\/f6f4cc73208d68c67fc19e1f80620e23d66ef2a923cb26a6d726fbc6a55bbcbc?s=96&d=mm&r=g\",\"caption\":\"Magda Dulemba\"},\"url\":\"https:\\\/\\\/ple161.poznan.pl\\\/?author=2\"}]}<\/script>\n<!-- \/ Yoast SEO plugin. -->","yoast_head_json":{"title":"Co przynie\u015b\u0107 do przedszkola 1 wrze\u015bnia - Przedszkole im. Ksi\u0119cia Przemys\u0142awa","robots":{"index":"noindex","follow":"follow"},"og_locale":"pl_PL","og_type":"article","og_title":"Co przynie\u015b\u0107 do przedszkola 1 wrze\u015bnia - Przedszkole im. Ksi\u0119cia Przemys\u0142awa","og_description":"Grupa I 3 latki Kozio\u0142eczki ma\u0142y kocyk lub ma\u0142a ko\u0142derka ma\u0142a poduszka typu jasiek pi\u017camka prze\u015bcierad\u0142o z gumk\u0105 wielko\u015bci ma\u0142ego materaca w \u0142\u00f3\u017ceczku kapcie ubranka na przebranie &#8211; spory zapas w razie awarii worek ma\u0142y r\u0119cznik chusteczki higieniczne chusteczki mokre papier toaletowy nawil\u017cany wszystkie rzeczy podpisane Pozosta\u0142e grupy kapcie rzeczy na zmian\u0119 w razie awarii [&hellip;]","og_url":"https:\/\/www.przedszkole161.pl\/?p=6256","og_site_name":"Przedszkole im. Ksi\u0119cia Przemys\u0142awa","article_published_time":"2022-08-09T18:41:31+00:00","article_modified_time":"2022-08-19T16:08:07+00:00","og_image":[{"width":270,"height":187,"url":"https:\/\/www.przedszkole161.pl\/wp-content\/uploads\/2021\/08\/gif-powrot-po-wakacjach.jpg","type":"image\/jpeg"}],"author":"Magda Dulemba","twitter_card":"summary_large_image","twitter_misc":{"Napisane przez":"Magda Dulemba"},"schema":{"@context":"https:\/\/schema.org","@graph":[{"@type":"Article","@id":"https:\/\/www.przedszkole161.pl\/?p=6256#article","isPartOf":{"@id":"https:\/\/www.przedszkole161.pl\/?p=6256"},"author":{"name":"Magda Dulemba","@id":"https:\/\/www.przedszkole161.pl\/#\/schema\/person\/673325371d681555a8b67c870d21faac"},"headline":"Co przynie\u015b\u0107 do przedszkola 1 wrze\u015bnia","datePublished":"2022-08-09T18:41:31+00:00","dateModified":"2022-08-19T16:08:07+00:00","mainEntityOfPage":{"@id":"https:\/\/www.przedszkole161.pl\/?p=6256"},"wordCount":95,"image":{"@id":"https:\/\/www.przedszkole161.pl\/?p=6256#primaryimage"},"thumbnailUrl":"https:\/\/ple161.poznan.pl\/wp-content\/uploads\/2021\/08\/gif-powrot-po-wakacjach.jpg","articleSection":["Aktualno\u015bci","Wydarzenia"],"inLanguage":"pl-PL"},{"@type":"WebPage","@id":"https:\/\/www.przedszkole161.pl\/?p=6256","url":"https:\/\/www.przedszkole161.pl\/?p=6256","name":"Co przynie\u015b\u0107 do przedszkola 1 wrze\u015bnia - Przedszkole im. Ksi\u0119cia Przemys\u0142awa","isPartOf":{"@id":"https:\/\/www.przedszkole161.pl\/#website"},"primaryImageOfPage":{"@id":"https:\/\/www.przedszkole161.pl\/?p=6256#primaryimage"},"image":{"@id":"https:\/\/www.przedszkole161.pl\/?p=6256#primaryimage"},"thumbnailUrl":"https:\/\/ple161.poznan.pl\/wp-content\/uploads\/2021\/08\/gif-powrot-po-wakacjach.jpg","datePublished":"2022-08-09T18:41:31+00:00","dateModified":"2022-08-19T16:08:07+00:00","author":{"@id":"https:\/\/www.przedszkole161.pl\/#\/schema\/person\/673325371d681555a8b67c870d21faac"},"breadcrumb":{"@id":"https:\/\/www.przedszkole161.pl\/?p=6256#breadcrumb"},"inLanguage":"pl-PL","potentialAction":[{"@type":"ReadAction","target":["https:\/\/www.przedszkole161.pl\/?p=6256"]}]},{"@type":"ImageObject","inLanguage":"pl-PL","@id":"https:\/\/www.przedszkole161.pl\/?p=6256#primaryimage","url":"https:\/\/ple161.poznan.pl\/wp-content\/uploads\/2021\/08\/gif-powrot-po-wakacjach.jpg","contentUrl":"https:\/\/ple161.poznan.pl\/wp-content\/uploads\/2021\/08\/gif-powrot-po-wakacjach.jpg","width":270,"height":187},{"@type":"BreadcrumbList","@id":"https:\/\/www.przedszkole161.pl\/?p=6256#breadcrumb","itemListElement":[{"@type":"ListItem","position":1,"name":"Strona g\u0142\u00f3wna","item":"https:\/\/www.przedszkole161.pl\/"},{"@type":"ListItem","position":2,"name":"Co przynie\u015b\u0107 do przedszkola 1 wrze\u015bnia"}]},{"@type":"WebSite","@id":"https:\/\/www.przedszkole161.pl\/#website","url":"https:\/\/www.przedszkole161.pl\/","name":"Przedszkole im. Ksi\u0119cia Przemys\u0142awa 161","description":"","potentialAction":[{"@type":"SearchAction","target":{"@type":"EntryPoint","urlTemplate":"https:\/\/www.przedszkole161.pl\/?s={search_term_string}"},"query-input":{"@type":"PropertyValueSpecification","valueRequired":true,"valueName":"search_term_string"}}],"inLanguage":"pl-PL"},{"@type":"Person","@id":"https:\/\/www.przedszkole161.pl\/#\/schema\/person\/673325371d681555a8b67c870d21faac","name":"Magda Dulemba","image":{"@type":"ImageObject","inLanguage":"pl-PL","@id":"https:\/\/secure.gravatar.com\/avatar\/f6f4cc73208d68c67fc19e1f80620e23d66ef2a923cb26a6d726fbc6a55bbcbc?s=96&d=mm&r=g","url":"https:\/\/secure.gravatar.com\/avatar\/f6f4cc73208d68c67fc19e1f80620e23d66ef2a923cb26a6d726fbc6a55bbcbc?s=96&d=mm&r=g","contentUrl":"https:\/\/secure.gravatar.com\/avatar\/f6f4cc73208d68c67fc19e1f80620e23d66ef2a923cb26a6d726fbc6a55bbcbc?s=96&d=mm&r=g","caption":"Magda Dulemba"},"url":"https:\/\/ple161.poznan.pl\/?author=2"}]}},"_links":{"self":[{"href":"https:\/\/ple161.poznan.pl\/index.php?rest_route=\/wp\/v2\/posts\/6256","targetHints":{"allow":["GET"]}}],"collection":[{"href":"https:\/\/ple161.poznan.pl\/index.php?rest_route=\/wp\/v2\/posts"}],"about":[{"href":"https:\/\/ple161.poznan.pl\/index.php?rest_route=\/wp\/v2\/types\/post"}],"author":[{"embeddable":true,"href":"https:\/\/ple161.poznan.pl\/index.php?rest_route=\/wp\/v2\/users\/2"}],"replies":[{"embeddable":true,"href":"https:\/\/ple161.poznan.pl\/index.php?rest_route=%2Fwp%2Fv2%2Fcomments&post=6256"}],"version-history":[{"count":5,"href":"https:\/\/ple161.poznan.pl\/index.php?rest_route=\/wp\/v2\/posts\/6256\/revisions"}],"predecessor-version":[{"id":7329,"href":"https:\/\/ple161.poznan.pl\/index.php?rest_route=\/wp\/v2\/posts\/6256\/revisions\/7329"}],"wp:featuredmedia":[{"embeddable":true,"href":"https:\/\/ple161.poznan.pl\/index.php?rest_route=\/wp\/v2\/media\/6257"}],"wp:attachment":[{"href":"https:\/\/ple161.poznan.pl\/index.php?rest_route=%2Fwp%2Fv2%2Fmedia&parent=6256"}],"wp:term":[{"taxonomy":"category","embeddable":true,"href":"https:\/\/ple161.poznan.pl\/index.php?rest_route=%2Fwp%2Fv2%2Fcategories&post=6256"},{"taxonomy":"post_tag","embeddable":true,"href":"https:\/\/ple161.poznan.pl\/index.php?rest_route=%2Fwp%2Fv2%2Ftags&post=6256"}],"curies":[{"name":"wp","href":"https:\/\/api.w.org\/{rel}","templated":true}]}}