{"id":5884,"date":"2021-04-08T10:36:36","date_gmt":"2021-04-08T09:36:36","guid":{"rendered":"http:\/\/ple161.poznan.pl\/?p=5884"},"modified":"2021-04-08T13:16:17","modified_gmt":"2021-04-08T12:16:17","slug":"decyzja-o-przedluzeniu-zamkniecia-przedszkoli-do-18-04-21","status":"publish","type":"post","link":"https:\/\/ple161.poznan.pl\/?p=5884","title":{"rendered":"Decyzja o przed\u0142u\u017ceniu zamkni\u0119cia przedszkoli do 18.04.21"},"content":{"rendered":"\n<p>Szanowni Rodzice<\/p>\n\n\n\n<p>Szanowni Pa\u0144stwo!<br>W zwi\u0105zku z decyzj\u0105 Ministra Zdrowia o przed\u0142u\u017ceniu zamkni\u0119cia przedszkoli do 18.04.21. poni\u017cej zamieszczamy wniosek o przyj\u0119cie dziecka na zaj\u0119cia w formie stacjonarnej (dla rodzic\u00f3w okre\u015blonych grup zawodowych). wype\u0142niony wniosek prosz\u0119 dostarczy\u0107 do jutra tj. 09.04.21( pi\u0105tek) do godz. 14.00. (osobi\u015bcie lub mailowo na adres p161@poznan.interklasa.pl). Dla pozosta\u0142ych dzieci b\u0119dzie realizowana edukacja zdalna zamieszczana na stronie internetowej przedszkola <a href=\"https:\/\/ple161.poznan.pl\">www.przedszkole161.pl<\/a><\/p>\n\n\n\n<p><a href=\"https:\/\/ple161.poznan.pl\/wp-content\/uploads\/2021\/04\/WNIOSEK-O-PRZYJECIE-DZIECKA-NA-ZAJECIA-12-18.04-poprawiony.docx\">https:\/\/ple161.poznan.pl\/wp-content\/uploads\/2021\/04\/WNIOSEK-O-PRZYJECIE-DZIECKA-NA-ZAJECIA-12-18.04-poprawiony.docx<\/a><\/p>\n","protected":false},"excerpt":{"rendered":"<p>Szanowni Rodzice Szanowni Pa\u0144stwo!W zwi\u0105zku z decyzj\u0105 Ministra Zdrowia o przed\u0142u\u017ceniu zamkni\u0119cia przedszkoli do 18.04.21. poni\u017cej zamieszczamy wniosek o przyj\u0119cie dziecka na zaj\u0119cia w formie stacjonarnej (dla rodzic\u00f3w okre\u015blonych grup zawodowych). wype\u0142niony wniosek prosz\u0119 dostarczy\u0107 do jutra tj. 09.04.21( pi\u0105tek) do godz. 14.00. (osobi\u015bcie lub mailowo na adres p161@poznan.interklasa.pl). Dla pozosta\u0142ych dzieci b\u0119dzie realizowana edukacja [&hellip;]<\/p>\n","protected":false},"author":2,"featured_media":4123,"comment_status":"closed","ping_status":"closed","sticky":false,"template":"","format":"standard","meta":{"ngg_post_thumbnail":0,"footnotes":""},"categories":[4,5,1],"tags":[],"class_list":["post-5884","post","type-post","status-publish","format-standard","has-post-thumbnail","hentry","category-aktualnosci","category-edukacja-zdalna","category-wydarzenia"],"yoast_head":"<!-- This site is optimized with the Yoast SEO plugin v27.5 - https:\/\/yoast.com\/product\/yoast-seo-wordpress\/ -->\n<title>Decyzja o przed\u0142u\u017ceniu zamkni\u0119cia przedszkoli do 18.04.21 - Przedszkole im. Ksi\u0119cia Przemys\u0142awa<\/title>\n<meta name=\"robots\" content=\"noindex, follow\" \/>\n<meta property=\"og:locale\" content=\"pl_PL\" \/>\n<meta property=\"og:type\" content=\"article\" \/>\n<meta property=\"og:title\" content=\"Decyzja o przed\u0142u\u017ceniu zamkni\u0119cia przedszkoli do 18.04.21 - Przedszkole im. Ksi\u0119cia Przemys\u0142awa\" \/>\n<meta property=\"og:description\" content=\"Szanowni Rodzice Szanowni Pa\u0144stwo!W zwi\u0105zku z decyzj\u0105 Ministra Zdrowia o przed\u0142u\u017ceniu zamkni\u0119cia przedszkoli do 18.04.21. poni\u017cej zamieszczamy wniosek o przyj\u0119cie dziecka na zaj\u0119cia w formie stacjonarnej (dla rodzic\u00f3w okre\u015blonych grup zawodowych). wype\u0142niony wniosek prosz\u0119 dostarczy\u0107 do jutra tj. 09.04.21( pi\u0105tek) do godz. 14.00. (osobi\u015bcie lub mailowo na adres p161@poznan.interklasa.pl). Dla pozosta\u0142ych dzieci b\u0119dzie realizowana edukacja [&hellip;]\" \/>\n<meta property=\"og:url\" content=\"https:\/\/www.przedszkole161.pl\/?p=5884\" \/>\n<meta property=\"og:site_name\" content=\"Przedszkole im. Ksi\u0119cia Przemys\u0142awa\" \/>\n<meta property=\"article:published_time\" content=\"2021-04-08T09:36:36+00:00\" \/>\n<meta property=\"article:modified_time\" content=\"2021-04-08T12:16:17+00:00\" \/>\n<meta property=\"og:image\" content=\"https:\/\/www.przedszkole161.pl\/wp-content\/uploads\/2020\/03\/uwaga-e1583847823253.jpg\" \/>\n\t<meta property=\"og:image:width\" content=\"183\" \/>\n\t<meta property=\"og:image:height\" content=\"125\" \/>\n\t<meta property=\"og:image:type\" content=\"image\/jpeg\" \/>\n<meta name=\"author\" content=\"Magda Dulemba\" \/>\n<meta name=\"twitter:card\" content=\"summary_large_image\" \/>\n<meta name=\"twitter:label1\" content=\"Napisane przez\" \/>\n\t<meta name=\"twitter:data1\" content=\"Magda Dulemba\" \/>\n<script type=\"application\/ld+json\" class=\"yoast-schema-graph\">{\"@context\":\"https:\\\/\\\/schema.org\",\"@graph\":[{\"@type\":\"Article\",\"@id\":\"https:\\\/\\\/www.przedszkole161.pl\\\/?p=5884#article\",\"isPartOf\":{\"@id\":\"https:\\\/\\\/www.przedszkole161.pl\\\/?p=5884\"},\"author\":{\"name\":\"Magda Dulemba\",\"@id\":\"https:\\\/\\\/www.przedszkole161.pl\\\/#\\\/schema\\\/person\\\/673325371d681555a8b67c870d21faac\"},\"headline\":\"Decyzja o przed\u0142u\u017ceniu zamkni\u0119cia przedszkoli do 18.04.21\",\"datePublished\":\"2021-04-08T09:36:36+00:00\",\"dateModified\":\"2021-04-08T12:16:17+00:00\",\"mainEntityOfPage\":{\"@id\":\"https:\\\/\\\/www.przedszkole161.pl\\\/?p=5884\"},\"wordCount\":99,\"image\":{\"@id\":\"https:\\\/\\\/www.przedszkole161.pl\\\/?p=5884#primaryimage\"},\"thumbnailUrl\":\"https:\\\/\\\/ple161.poznan.pl\\\/wp-content\\\/uploads\\\/2020\\\/03\\\/uwaga-e1583847823253.jpg\",\"articleSection\":[\"Aktualno\u015bci\",\"Edukacja zdalna\",\"Wydarzenia\"],\"inLanguage\":\"pl-PL\"},{\"@type\":\"WebPage\",\"@id\":\"https:\\\/\\\/www.przedszkole161.pl\\\/?p=5884\",\"url\":\"https:\\\/\\\/www.przedszkole161.pl\\\/?p=5884\",\"name\":\"Decyzja o przed\u0142u\u017ceniu zamkni\u0119cia przedszkoli do 18.04.21 - Przedszkole im. Ksi\u0119cia Przemys\u0142awa\",\"isPartOf\":{\"@id\":\"https:\\\/\\\/www.przedszkole161.pl\\\/#website\"},\"primaryImageOfPage\":{\"@id\":\"https:\\\/\\\/www.przedszkole161.pl\\\/?p=5884#primaryimage\"},\"image\":{\"@id\":\"https:\\\/\\\/www.przedszkole161.pl\\\/?p=5884#primaryimage\"},\"thumbnailUrl\":\"https:\\\/\\\/ple161.poznan.pl\\\/wp-content\\\/uploads\\\/2020\\\/03\\\/uwaga-e1583847823253.jpg\",\"datePublished\":\"2021-04-08T09:36:36+00:00\",\"dateModified\":\"2021-04-08T12:16:17+00:00\",\"author\":{\"@id\":\"https:\\\/\\\/www.przedszkole161.pl\\\/#\\\/schema\\\/person\\\/673325371d681555a8b67c870d21faac\"},\"breadcrumb\":{\"@id\":\"https:\\\/\\\/www.przedszkole161.pl\\\/?p=5884#breadcrumb\"},\"inLanguage\":\"pl-PL\",\"potentialAction\":[{\"@type\":\"ReadAction\",\"target\":[\"https:\\\/\\\/www.przedszkole161.pl\\\/?p=5884\"]}]},{\"@type\":\"ImageObject\",\"inLanguage\":\"pl-PL\",\"@id\":\"https:\\\/\\\/www.przedszkole161.pl\\\/?p=5884#primaryimage\",\"url\":\"https:\\\/\\\/ple161.poznan.pl\\\/wp-content\\\/uploads\\\/2020\\\/03\\\/uwaga-e1583847823253.jpg\",\"contentUrl\":\"https:\\\/\\\/ple161.poznan.pl\\\/wp-content\\\/uploads\\\/2020\\\/03\\\/uwaga-e1583847823253.jpg\",\"width\":183,\"height\":125},{\"@type\":\"BreadcrumbList\",\"@id\":\"https:\\\/\\\/www.przedszkole161.pl\\\/?p=5884#breadcrumb\",\"itemListElement\":[{\"@type\":\"ListItem\",\"position\":1,\"name\":\"Strona g\u0142\u00f3wna\",\"item\":\"https:\\\/\\\/www.przedszkole161.pl\\\/\"},{\"@type\":\"ListItem\",\"position\":2,\"name\":\"Decyzja o przed\u0142u\u017ceniu zamkni\u0119cia przedszkoli do 18.04.21\"}]},{\"@type\":\"WebSite\",\"@id\":\"https:\\\/\\\/www.przedszkole161.pl\\\/#website\",\"url\":\"https:\\\/\\\/www.przedszkole161.pl\\\/\",\"name\":\"Przedszkole im. Ksi\u0119cia Przemys\u0142awa 161\",\"description\":\"\",\"potentialAction\":[{\"@type\":\"SearchAction\",\"target\":{\"@type\":\"EntryPoint\",\"urlTemplate\":\"https:\\\/\\\/www.przedszkole161.pl\\\/?s={search_term_string}\"},\"query-input\":{\"@type\":\"PropertyValueSpecification\",\"valueRequired\":true,\"valueName\":\"search_term_string\"}}],\"inLanguage\":\"pl-PL\"},{\"@type\":\"Person\",\"@id\":\"https:\\\/\\\/www.przedszkole161.pl\\\/#\\\/schema\\\/person\\\/673325371d681555a8b67c870d21faac\",\"name\":\"Magda Dulemba\",\"image\":{\"@type\":\"ImageObject\",\"inLanguage\":\"pl-PL\",\"@id\":\"https:\\\/\\\/secure.gravatar.com\\\/avatar\\\/f6f4cc73208d68c67fc19e1f80620e23d66ef2a923cb26a6d726fbc6a55bbcbc?s=96&d=mm&r=g\",\"url\":\"https:\\\/\\\/secure.gravatar.com\\\/avatar\\\/f6f4cc73208d68c67fc19e1f80620e23d66ef2a923cb26a6d726fbc6a55bbcbc?s=96&d=mm&r=g\",\"contentUrl\":\"https:\\\/\\\/secure.gravatar.com\\\/avatar\\\/f6f4cc73208d68c67fc19e1f80620e23d66ef2a923cb26a6d726fbc6a55bbcbc?s=96&d=mm&r=g\",\"caption\":\"Magda Dulemba\"},\"url\":\"https:\\\/\\\/ple161.poznan.pl\\\/?author=2\"}]}<\/script>\n<!-- \/ Yoast SEO plugin. -->","yoast_head_json":{"title":"Decyzja o przed\u0142u\u017ceniu zamkni\u0119cia przedszkoli do 18.04.21 - Przedszkole im. Ksi\u0119cia Przemys\u0142awa","robots":{"index":"noindex","follow":"follow"},"og_locale":"pl_PL","og_type":"article","og_title":"Decyzja o przed\u0142u\u017ceniu zamkni\u0119cia przedszkoli do 18.04.21 - Przedszkole im. Ksi\u0119cia Przemys\u0142awa","og_description":"Szanowni Rodzice Szanowni Pa\u0144stwo!W zwi\u0105zku z decyzj\u0105 Ministra Zdrowia o przed\u0142u\u017ceniu zamkni\u0119cia przedszkoli do 18.04.21. poni\u017cej zamieszczamy wniosek o przyj\u0119cie dziecka na zaj\u0119cia w formie stacjonarnej (dla rodzic\u00f3w okre\u015blonych grup zawodowych). wype\u0142niony wniosek prosz\u0119 dostarczy\u0107 do jutra tj. 09.04.21( pi\u0105tek) do godz. 14.00. (osobi\u015bcie lub mailowo na adres p161@poznan.interklasa.pl). Dla pozosta\u0142ych dzieci b\u0119dzie realizowana edukacja [&hellip;]","og_url":"https:\/\/www.przedszkole161.pl\/?p=5884","og_site_name":"Przedszkole im. Ksi\u0119cia Przemys\u0142awa","article_published_time":"2021-04-08T09:36:36+00:00","article_modified_time":"2021-04-08T12:16:17+00:00","og_image":[{"width":183,"height":125,"url":"https:\/\/www.przedszkole161.pl\/wp-content\/uploads\/2020\/03\/uwaga-e1583847823253.jpg","type":"image\/jpeg"}],"author":"Magda Dulemba","twitter_card":"summary_large_image","twitter_misc":{"Napisane przez":"Magda Dulemba"},"schema":{"@context":"https:\/\/schema.org","@graph":[{"@type":"Article","@id":"https:\/\/www.przedszkole161.pl\/?p=5884#article","isPartOf":{"@id":"https:\/\/www.przedszkole161.pl\/?p=5884"},"author":{"name":"Magda Dulemba","@id":"https:\/\/www.przedszkole161.pl\/#\/schema\/person\/673325371d681555a8b67c870d21faac"},"headline":"Decyzja o przed\u0142u\u017ceniu zamkni\u0119cia przedszkoli do 18.04.21","datePublished":"2021-04-08T09:36:36+00:00","dateModified":"2021-04-08T12:16:17+00:00","mainEntityOfPage":{"@id":"https:\/\/www.przedszkole161.pl\/?p=5884"},"wordCount":99,"image":{"@id":"https:\/\/www.przedszkole161.pl\/?p=5884#primaryimage"},"thumbnailUrl":"https:\/\/ple161.poznan.pl\/wp-content\/uploads\/2020\/03\/uwaga-e1583847823253.jpg","articleSection":["Aktualno\u015bci","Edukacja zdalna","Wydarzenia"],"inLanguage":"pl-PL"},{"@type":"WebPage","@id":"https:\/\/www.przedszkole161.pl\/?p=5884","url":"https:\/\/www.przedszkole161.pl\/?p=5884","name":"Decyzja o przed\u0142u\u017ceniu zamkni\u0119cia przedszkoli do 18.04.21 - Przedszkole im. Ksi\u0119cia Przemys\u0142awa","isPartOf":{"@id":"https:\/\/www.przedszkole161.pl\/#website"},"primaryImageOfPage":{"@id":"https:\/\/www.przedszkole161.pl\/?p=5884#primaryimage"},"image":{"@id":"https:\/\/www.przedszkole161.pl\/?p=5884#primaryimage"},"thumbnailUrl":"https:\/\/ple161.poznan.pl\/wp-content\/uploads\/2020\/03\/uwaga-e1583847823253.jpg","datePublished":"2021-04-08T09:36:36+00:00","dateModified":"2021-04-08T12:16:17+00:00","author":{"@id":"https:\/\/www.przedszkole161.pl\/#\/schema\/person\/673325371d681555a8b67c870d21faac"},"breadcrumb":{"@id":"https:\/\/www.przedszkole161.pl\/?p=5884#breadcrumb"},"inLanguage":"pl-PL","potentialAction":[{"@type":"ReadAction","target":["https:\/\/www.przedszkole161.pl\/?p=5884"]}]},{"@type":"ImageObject","inLanguage":"pl-PL","@id":"https:\/\/www.przedszkole161.pl\/?p=5884#primaryimage","url":"https:\/\/ple161.poznan.pl\/wp-content\/uploads\/2020\/03\/uwaga-e1583847823253.jpg","contentUrl":"https:\/\/ple161.poznan.pl\/wp-content\/uploads\/2020\/03\/uwaga-e1583847823253.jpg","width":183,"height":125},{"@type":"BreadcrumbList","@id":"https:\/\/www.przedszkole161.pl\/?p=5884#breadcrumb","itemListElement":[{"@type":"ListItem","position":1,"name":"Strona g\u0142\u00f3wna","item":"https:\/\/www.przedszkole161.pl\/"},{"@type":"ListItem","position":2,"name":"Decyzja o przed\u0142u\u017ceniu zamkni\u0119cia przedszkoli do 18.04.21"}]},{"@type":"WebSite","@id":"https:\/\/www.przedszkole161.pl\/#website","url":"https:\/\/www.przedszkole161.pl\/","name":"Przedszkole im. Ksi\u0119cia Przemys\u0142awa 161","description":"","potentialAction":[{"@type":"SearchAction","target":{"@type":"EntryPoint","urlTemplate":"https:\/\/www.przedszkole161.pl\/?s={search_term_string}"},"query-input":{"@type":"PropertyValueSpecification","valueRequired":true,"valueName":"search_term_string"}}],"inLanguage":"pl-PL"},{"@type":"Person","@id":"https:\/\/www.przedszkole161.pl\/#\/schema\/person\/673325371d681555a8b67c870d21faac","name":"Magda Dulemba","image":{"@type":"ImageObject","inLanguage":"pl-PL","@id":"https:\/\/secure.gravatar.com\/avatar\/f6f4cc73208d68c67fc19e1f80620e23d66ef2a923cb26a6d726fbc6a55bbcbc?s=96&d=mm&r=g","url":"https:\/\/secure.gravatar.com\/avatar\/f6f4cc73208d68c67fc19e1f80620e23d66ef2a923cb26a6d726fbc6a55bbcbc?s=96&d=mm&r=g","contentUrl":"https:\/\/secure.gravatar.com\/avatar\/f6f4cc73208d68c67fc19e1f80620e23d66ef2a923cb26a6d726fbc6a55bbcbc?s=96&d=mm&r=g","caption":"Magda Dulemba"},"url":"https:\/\/ple161.poznan.pl\/?author=2"}]}},"_links":{"self":[{"href":"https:\/\/ple161.poznan.pl\/index.php?rest_route=\/wp\/v2\/posts\/5884","targetHints":{"allow":["GET"]}}],"collection":[{"href":"https:\/\/ple161.poznan.pl\/index.php?rest_route=\/wp\/v2\/posts"}],"about":[{"href":"https:\/\/ple161.poznan.pl\/index.php?rest_route=\/wp\/v2\/types\/post"}],"author":[{"embeddable":true,"href":"https:\/\/ple161.poznan.pl\/index.php?rest_route=\/wp\/v2\/users\/2"}],"replies":[{"embeddable":true,"href":"https:\/\/ple161.poznan.pl\/index.php?rest_route=%2Fwp%2Fv2%2Fcomments&post=5884"}],"version-history":[{"count":3,"href":"https:\/\/ple161.poznan.pl\/index.php?rest_route=\/wp\/v2\/posts\/5884\/revisions"}],"predecessor-version":[{"id":5891,"href":"https:\/\/ple161.poznan.pl\/index.php?rest_route=\/wp\/v2\/posts\/5884\/revisions\/5891"}],"wp:featuredmedia":[{"embeddable":true,"href":"https:\/\/ple161.poznan.pl\/index.php?rest_route=\/wp\/v2\/media\/4123"}],"wp:attachment":[{"href":"https:\/\/ple161.poznan.pl\/index.php?rest_route=%2Fwp%2Fv2%2Fmedia&parent=5884"}],"wp:term":[{"taxonomy":"category","embeddable":true,"href":"https:\/\/ple161.poznan.pl\/index.php?rest_route=%2Fwp%2Fv2%2Fcategories&post=5884"},{"taxonomy":"post_tag","embeddable":true,"href":"https:\/\/ple161.poznan.pl\/index.php?rest_route=%2Fwp%2Fv2%2Ftags&post=5884"}],"curies":[{"name":"wp","href":"https:\/\/api.w.org\/{rel}","templated":true}]}}