{"id":5754,"date":"2021-03-22T13:13:00","date_gmt":"2021-03-22T12:13:00","guid":{"rendered":"http:\/\/ple161.poznan.pl\/?p=5754"},"modified":"2021-03-23T13:22:31","modified_gmt":"2021-03-23T12:22:31","slug":"pierwszy-dzien-wiosny-2","status":"publish","type":"post","link":"https:\/\/ple161.poznan.pl\/?p=5754","title":{"rendered":"Pierwszy Dzie\u0144 Wiosny"},"content":{"rendered":"\n<p><strong><em>\u201eMarzanno, Marzanno ty zimowa panno,<\/em><\/strong><\/p>\n\n\n\n<p><strong><em>do kosza ci\u0119 wrzucamy, bo Zim\u0119 \u017cegnamy\u201d.<\/em><\/strong><\/p>\n\n\n\n<p>Aby tradycji sta\u0142a si\u0119 zado\u015b\u0107 obchodzili\u015bmy 22.03.2021r. pierwszy dzie\u0144 wiosny. Jak co roku mieli\u015bmy  Marzann\u0119 \u2013 symbolizuj\u0105c\u0105 zim\u0119.  W tym dniu podczas zaj\u0119\u0107 dzieci mia\u0142y okazj\u0119 wykaza\u0107 si\u0119 znajomo\u015bci\u0105 i wiedz\u0105 o nadchodz\u0105cej porze roku, rozwi\u0105zywa\u0142y zagadki i wykonywa\u0142y zadania dotycz\u0105ce wiosny. Bawi\u0142y si\u0119 ta\u0144cz\u0105c przy weso\u0142ej muzyce. G\u0142o\u015bnym graniem na instrumentach i skandowaniem przedszkolaki przywo\u0142ywa\u0142y upragnion\u0105 wiosn\u0119. <\/p>\n\n\n\n<p><\/p>\n","protected":false},"excerpt":{"rendered":"<p>\u201eMarzanno, Marzanno ty zimowa panno, do kosza ci\u0119 wrzucamy, bo Zim\u0119 \u017cegnamy\u201d. Aby tradycji sta\u0142a si\u0119 zado\u015b\u0107 obchodzili\u015bmy 22.03.2021r. pierwszy dzie\u0144 wiosny. Jak co roku mieli\u015bmy Marzann\u0119 \u2013 symbolizuj\u0105c\u0105 zim\u0119. W tym dniu podczas zaj\u0119\u0107 dzieci mia\u0142y okazj\u0119 wykaza\u0107 si\u0119 znajomo\u015bci\u0105 i wiedz\u0105 o nadchodz\u0105cej porze roku, rozwi\u0105zywa\u0142y zagadki i wykonywa\u0142y zadania dotycz\u0105ce wiosny. Bawi\u0142y [&hellip;]<\/p>\n","protected":false},"author":2,"featured_media":4151,"comment_status":"closed","ping_status":"closed","sticky":false,"template":"","format":"standard","meta":{"ngg_post_thumbnail":0,"footnotes":""},"categories":[4,1],"tags":[],"class_list":["post-5754","post","type-post","status-publish","format-standard","has-post-thumbnail","hentry","category-aktualnosci","category-wydarzenia"],"yoast_head":"<!-- This site is optimized with the Yoast SEO plugin v27.5 - https:\/\/yoast.com\/product\/yoast-seo-wordpress\/ -->\n<title>Pierwszy Dzie\u0144 Wiosny - Przedszkole im. Ksi\u0119cia Przemys\u0142awa<\/title>\n<meta name=\"robots\" content=\"noindex, follow\" \/>\n<meta property=\"og:locale\" content=\"pl_PL\" \/>\n<meta property=\"og:type\" content=\"article\" \/>\n<meta property=\"og:title\" content=\"Pierwszy Dzie\u0144 Wiosny - Przedszkole im. Ksi\u0119cia Przemys\u0142awa\" \/>\n<meta property=\"og:description\" content=\"\u201eMarzanno, Marzanno ty zimowa panno, do kosza ci\u0119 wrzucamy, bo Zim\u0119 \u017cegnamy\u201d. Aby tradycji sta\u0142a si\u0119 zado\u015b\u0107 obchodzili\u015bmy 22.03.2021r. pierwszy dzie\u0144 wiosny. Jak co roku mieli\u015bmy Marzann\u0119 \u2013 symbolizuj\u0105c\u0105 zim\u0119. W tym dniu podczas zaj\u0119\u0107 dzieci mia\u0142y okazj\u0119 wykaza\u0107 si\u0119 znajomo\u015bci\u0105 i wiedz\u0105 o nadchodz\u0105cej porze roku, rozwi\u0105zywa\u0142y zagadki i wykonywa\u0142y zadania dotycz\u0105ce wiosny. Bawi\u0142y [&hellip;]\" \/>\n<meta property=\"og:url\" content=\"https:\/\/www.przedszkole161.pl\/?p=5754\" \/>\n<meta property=\"og:site_name\" content=\"Przedszkole im. Ksi\u0119cia Przemys\u0142awa\" \/>\n<meta property=\"article:published_time\" content=\"2021-03-22T12:13:00+00:00\" \/>\n<meta property=\"article:modified_time\" content=\"2021-03-23T12:22:31+00:00\" \/>\n<meta property=\"og:image\" content=\"https:\/\/www.przedszkole161.pl\/wp-content\/uploads\/2020\/03\/wiosna.png\" \/>\n\t<meta property=\"og:image:width\" content=\"225\" \/>\n\t<meta property=\"og:image:height\" content=\"300\" \/>\n\t<meta property=\"og:image:type\" content=\"image\/png\" \/>\n<meta name=\"author\" content=\"Magda Dulemba\" \/>\n<meta name=\"twitter:card\" content=\"summary_large_image\" \/>\n<meta name=\"twitter:label1\" content=\"Napisane przez\" \/>\n\t<meta name=\"twitter:data1\" content=\"Magda Dulemba\" \/>\n<script type=\"application\/ld+json\" class=\"yoast-schema-graph\">{\"@context\":\"https:\\\/\\\/schema.org\",\"@graph\":[{\"@type\":\"Article\",\"@id\":\"https:\\\/\\\/www.przedszkole161.pl\\\/?p=5754#article\",\"isPartOf\":{\"@id\":\"https:\\\/\\\/www.przedszkole161.pl\\\/?p=5754\"},\"author\":{\"name\":\"Magda Dulemba\",\"@id\":\"https:\\\/\\\/www.przedszkole161.pl\\\/#\\\/schema\\\/person\\\/673325371d681555a8b67c870d21faac\"},\"headline\":\"Pierwszy Dzie\u0144 Wiosny\",\"datePublished\":\"2021-03-22T12:13:00+00:00\",\"dateModified\":\"2021-03-23T12:22:31+00:00\",\"mainEntityOfPage\":{\"@id\":\"https:\\\/\\\/www.przedszkole161.pl\\\/?p=5754\"},\"wordCount\":91,\"image\":{\"@id\":\"https:\\\/\\\/www.przedszkole161.pl\\\/?p=5754#primaryimage\"},\"thumbnailUrl\":\"https:\\\/\\\/ple161.poznan.pl\\\/wp-content\\\/uploads\\\/2020\\\/03\\\/wiosna.png\",\"articleSection\":[\"Aktualno\u015bci\",\"Wydarzenia\"],\"inLanguage\":\"pl-PL\"},{\"@type\":\"WebPage\",\"@id\":\"https:\\\/\\\/www.przedszkole161.pl\\\/?p=5754\",\"url\":\"https:\\\/\\\/www.przedszkole161.pl\\\/?p=5754\",\"name\":\"Pierwszy Dzie\u0144 Wiosny - Przedszkole im. Ksi\u0119cia Przemys\u0142awa\",\"isPartOf\":{\"@id\":\"https:\\\/\\\/www.przedszkole161.pl\\\/#website\"},\"primaryImageOfPage\":{\"@id\":\"https:\\\/\\\/www.przedszkole161.pl\\\/?p=5754#primaryimage\"},\"image\":{\"@id\":\"https:\\\/\\\/www.przedszkole161.pl\\\/?p=5754#primaryimage\"},\"thumbnailUrl\":\"https:\\\/\\\/ple161.poznan.pl\\\/wp-content\\\/uploads\\\/2020\\\/03\\\/wiosna.png\",\"datePublished\":\"2021-03-22T12:13:00+00:00\",\"dateModified\":\"2021-03-23T12:22:31+00:00\",\"author\":{\"@id\":\"https:\\\/\\\/www.przedszkole161.pl\\\/#\\\/schema\\\/person\\\/673325371d681555a8b67c870d21faac\"},\"breadcrumb\":{\"@id\":\"https:\\\/\\\/www.przedszkole161.pl\\\/?p=5754#breadcrumb\"},\"inLanguage\":\"pl-PL\",\"potentialAction\":[{\"@type\":\"ReadAction\",\"target\":[\"https:\\\/\\\/www.przedszkole161.pl\\\/?p=5754\"]}]},{\"@type\":\"ImageObject\",\"inLanguage\":\"pl-PL\",\"@id\":\"https:\\\/\\\/www.przedszkole161.pl\\\/?p=5754#primaryimage\",\"url\":\"https:\\\/\\\/ple161.poznan.pl\\\/wp-content\\\/uploads\\\/2020\\\/03\\\/wiosna.png\",\"contentUrl\":\"https:\\\/\\\/ple161.poznan.pl\\\/wp-content\\\/uploads\\\/2020\\\/03\\\/wiosna.png\",\"width\":225,\"height\":300},{\"@type\":\"BreadcrumbList\",\"@id\":\"https:\\\/\\\/www.przedszkole161.pl\\\/?p=5754#breadcrumb\",\"itemListElement\":[{\"@type\":\"ListItem\",\"position\":1,\"name\":\"Strona g\u0142\u00f3wna\",\"item\":\"https:\\\/\\\/www.przedszkole161.pl\\\/\"},{\"@type\":\"ListItem\",\"position\":2,\"name\":\"Pierwszy Dzie\u0144 Wiosny\"}]},{\"@type\":\"WebSite\",\"@id\":\"https:\\\/\\\/www.przedszkole161.pl\\\/#website\",\"url\":\"https:\\\/\\\/www.przedszkole161.pl\\\/\",\"name\":\"Przedszkole im. Ksi\u0119cia Przemys\u0142awa 161\",\"description\":\"\",\"potentialAction\":[{\"@type\":\"SearchAction\",\"target\":{\"@type\":\"EntryPoint\",\"urlTemplate\":\"https:\\\/\\\/www.przedszkole161.pl\\\/?s={search_term_string}\"},\"query-input\":{\"@type\":\"PropertyValueSpecification\",\"valueRequired\":true,\"valueName\":\"search_term_string\"}}],\"inLanguage\":\"pl-PL\"},{\"@type\":\"Person\",\"@id\":\"https:\\\/\\\/www.przedszkole161.pl\\\/#\\\/schema\\\/person\\\/673325371d681555a8b67c870d21faac\",\"name\":\"Magda Dulemba\",\"image\":{\"@type\":\"ImageObject\",\"inLanguage\":\"pl-PL\",\"@id\":\"https:\\\/\\\/secure.gravatar.com\\\/avatar\\\/f6f4cc73208d68c67fc19e1f80620e23d66ef2a923cb26a6d726fbc6a55bbcbc?s=96&d=mm&r=g\",\"url\":\"https:\\\/\\\/secure.gravatar.com\\\/avatar\\\/f6f4cc73208d68c67fc19e1f80620e23d66ef2a923cb26a6d726fbc6a55bbcbc?s=96&d=mm&r=g\",\"contentUrl\":\"https:\\\/\\\/secure.gravatar.com\\\/avatar\\\/f6f4cc73208d68c67fc19e1f80620e23d66ef2a923cb26a6d726fbc6a55bbcbc?s=96&d=mm&r=g\",\"caption\":\"Magda Dulemba\"},\"url\":\"https:\\\/\\\/ple161.poznan.pl\\\/?author=2\"}]}<\/script>\n<!-- \/ Yoast SEO plugin. -->","yoast_head_json":{"title":"Pierwszy Dzie\u0144 Wiosny - Przedszkole im. Ksi\u0119cia Przemys\u0142awa","robots":{"index":"noindex","follow":"follow"},"og_locale":"pl_PL","og_type":"article","og_title":"Pierwszy Dzie\u0144 Wiosny - Przedszkole im. Ksi\u0119cia Przemys\u0142awa","og_description":"\u201eMarzanno, Marzanno ty zimowa panno, do kosza ci\u0119 wrzucamy, bo Zim\u0119 \u017cegnamy\u201d. Aby tradycji sta\u0142a si\u0119 zado\u015b\u0107 obchodzili\u015bmy 22.03.2021r. pierwszy dzie\u0144 wiosny. Jak co roku mieli\u015bmy Marzann\u0119 \u2013 symbolizuj\u0105c\u0105 zim\u0119. W tym dniu podczas zaj\u0119\u0107 dzieci mia\u0142y okazj\u0119 wykaza\u0107 si\u0119 znajomo\u015bci\u0105 i wiedz\u0105 o nadchodz\u0105cej porze roku, rozwi\u0105zywa\u0142y zagadki i wykonywa\u0142y zadania dotycz\u0105ce wiosny. Bawi\u0142y [&hellip;]","og_url":"https:\/\/www.przedszkole161.pl\/?p=5754","og_site_name":"Przedszkole im. Ksi\u0119cia Przemys\u0142awa","article_published_time":"2021-03-22T12:13:00+00:00","article_modified_time":"2021-03-23T12:22:31+00:00","og_image":[{"width":225,"height":300,"url":"https:\/\/www.przedszkole161.pl\/wp-content\/uploads\/2020\/03\/wiosna.png","type":"image\/png"}],"author":"Magda Dulemba","twitter_card":"summary_large_image","twitter_misc":{"Napisane przez":"Magda Dulemba"},"schema":{"@context":"https:\/\/schema.org","@graph":[{"@type":"Article","@id":"https:\/\/www.przedszkole161.pl\/?p=5754#article","isPartOf":{"@id":"https:\/\/www.przedszkole161.pl\/?p=5754"},"author":{"name":"Magda Dulemba","@id":"https:\/\/www.przedszkole161.pl\/#\/schema\/person\/673325371d681555a8b67c870d21faac"},"headline":"Pierwszy Dzie\u0144 Wiosny","datePublished":"2021-03-22T12:13:00+00:00","dateModified":"2021-03-23T12:22:31+00:00","mainEntityOfPage":{"@id":"https:\/\/www.przedszkole161.pl\/?p=5754"},"wordCount":91,"image":{"@id":"https:\/\/www.przedszkole161.pl\/?p=5754#primaryimage"},"thumbnailUrl":"https:\/\/ple161.poznan.pl\/wp-content\/uploads\/2020\/03\/wiosna.png","articleSection":["Aktualno\u015bci","Wydarzenia"],"inLanguage":"pl-PL"},{"@type":"WebPage","@id":"https:\/\/www.przedszkole161.pl\/?p=5754","url":"https:\/\/www.przedszkole161.pl\/?p=5754","name":"Pierwszy Dzie\u0144 Wiosny - Przedszkole im. Ksi\u0119cia Przemys\u0142awa","isPartOf":{"@id":"https:\/\/www.przedszkole161.pl\/#website"},"primaryImageOfPage":{"@id":"https:\/\/www.przedszkole161.pl\/?p=5754#primaryimage"},"image":{"@id":"https:\/\/www.przedszkole161.pl\/?p=5754#primaryimage"},"thumbnailUrl":"https:\/\/ple161.poznan.pl\/wp-content\/uploads\/2020\/03\/wiosna.png","datePublished":"2021-03-22T12:13:00+00:00","dateModified":"2021-03-23T12:22:31+00:00","author":{"@id":"https:\/\/www.przedszkole161.pl\/#\/schema\/person\/673325371d681555a8b67c870d21faac"},"breadcrumb":{"@id":"https:\/\/www.przedszkole161.pl\/?p=5754#breadcrumb"},"inLanguage":"pl-PL","potentialAction":[{"@type":"ReadAction","target":["https:\/\/www.przedszkole161.pl\/?p=5754"]}]},{"@type":"ImageObject","inLanguage":"pl-PL","@id":"https:\/\/www.przedszkole161.pl\/?p=5754#primaryimage","url":"https:\/\/ple161.poznan.pl\/wp-content\/uploads\/2020\/03\/wiosna.png","contentUrl":"https:\/\/ple161.poznan.pl\/wp-content\/uploads\/2020\/03\/wiosna.png","width":225,"height":300},{"@type":"BreadcrumbList","@id":"https:\/\/www.przedszkole161.pl\/?p=5754#breadcrumb","itemListElement":[{"@type":"ListItem","position":1,"name":"Strona g\u0142\u00f3wna","item":"https:\/\/www.przedszkole161.pl\/"},{"@type":"ListItem","position":2,"name":"Pierwszy Dzie\u0144 Wiosny"}]},{"@type":"WebSite","@id":"https:\/\/www.przedszkole161.pl\/#website","url":"https:\/\/www.przedszkole161.pl\/","name":"Przedszkole im. Ksi\u0119cia Przemys\u0142awa 161","description":"","potentialAction":[{"@type":"SearchAction","target":{"@type":"EntryPoint","urlTemplate":"https:\/\/www.przedszkole161.pl\/?s={search_term_string}"},"query-input":{"@type":"PropertyValueSpecification","valueRequired":true,"valueName":"search_term_string"}}],"inLanguage":"pl-PL"},{"@type":"Person","@id":"https:\/\/www.przedszkole161.pl\/#\/schema\/person\/673325371d681555a8b67c870d21faac","name":"Magda Dulemba","image":{"@type":"ImageObject","inLanguage":"pl-PL","@id":"https:\/\/secure.gravatar.com\/avatar\/f6f4cc73208d68c67fc19e1f80620e23d66ef2a923cb26a6d726fbc6a55bbcbc?s=96&d=mm&r=g","url":"https:\/\/secure.gravatar.com\/avatar\/f6f4cc73208d68c67fc19e1f80620e23d66ef2a923cb26a6d726fbc6a55bbcbc?s=96&d=mm&r=g","contentUrl":"https:\/\/secure.gravatar.com\/avatar\/f6f4cc73208d68c67fc19e1f80620e23d66ef2a923cb26a6d726fbc6a55bbcbc?s=96&d=mm&r=g","caption":"Magda Dulemba"},"url":"https:\/\/ple161.poznan.pl\/?author=2"}]}},"_links":{"self":[{"href":"https:\/\/ple161.poznan.pl\/index.php?rest_route=\/wp\/v2\/posts\/5754","targetHints":{"allow":["GET"]}}],"collection":[{"href":"https:\/\/ple161.poznan.pl\/index.php?rest_route=\/wp\/v2\/posts"}],"about":[{"href":"https:\/\/ple161.poznan.pl\/index.php?rest_route=\/wp\/v2\/types\/post"}],"author":[{"embeddable":true,"href":"https:\/\/ple161.poznan.pl\/index.php?rest_route=\/wp\/v2\/users\/2"}],"replies":[{"embeddable":true,"href":"https:\/\/ple161.poznan.pl\/index.php?rest_route=%2Fwp%2Fv2%2Fcomments&post=5754"}],"version-history":[{"count":1,"href":"https:\/\/ple161.poznan.pl\/index.php?rest_route=\/wp\/v2\/posts\/5754\/revisions"}],"predecessor-version":[{"id":5755,"href":"https:\/\/ple161.poznan.pl\/index.php?rest_route=\/wp\/v2\/posts\/5754\/revisions\/5755"}],"wp:featuredmedia":[{"embeddable":true,"href":"https:\/\/ple161.poznan.pl\/index.php?rest_route=\/wp\/v2\/media\/4151"}],"wp:attachment":[{"href":"https:\/\/ple161.poznan.pl\/index.php?rest_route=%2Fwp%2Fv2%2Fmedia&parent=5754"}],"wp:term":[{"taxonomy":"category","embeddable":true,"href":"https:\/\/ple161.poznan.pl\/index.php?rest_route=%2Fwp%2Fv2%2Fcategories&post=5754"},{"taxonomy":"post_tag","embeddable":true,"href":"https:\/\/ple161.poznan.pl\/index.php?rest_route=%2Fwp%2Fv2%2Ftags&post=5754"}],"curies":[{"name":"wp","href":"https:\/\/api.w.org\/{rel}","templated":true}]}}