{"id":5711,"date":"2021-03-21T11:32:52","date_gmt":"2021-03-21T10:32:52","guid":{"rendered":"http:\/\/ple161.poznan.pl\/?p=5711"},"modified":"2021-03-21T11:32:54","modified_gmt":"2021-03-21T10:32:54","slug":"sierzant-pyrek","status":"publish","type":"post","link":"https:\/\/ple161.poznan.pl\/?p=5711","title":{"rendered":"Sier\u017cant Pyrek"},"content":{"rendered":"\n<p>Drodzy Rodzice!<\/p>\n\n\n\n<p>W ramach projektu pod nazw\u0105 &#8222;Regionalne Obserwatorium Zagro\u017ce\u0144&#8221; &#8211; rozw\u00f3j elektronicznych us\u0142ug publicznych w Wielkopolskiej Policji zosta\u0142a uruchomiona strona internetowa dedykowana uczniom, rodzicom, przedszkolakom oparta na wizerunku  maskotki Sier\u017canta Pyrka. Portal ma charakter prewencyjny, maj\u0105cy na celu szerzenie edukacyjnych tre\u015bci dotycz\u0105cych bezpiecze\u0144stwa. Portal zawiera elementy rozrywkowe, takie jak tematyczne quizy, gry, modu\u0142y do kreacji kartek okoliczno\u015bciowych. Ma za zadanie edukowa\u0107 zar\u00f3wno dzieci, jak i ich rodzic\u00f3w w zakresie bezpiecze\u0144stwa oraz potencjalnych zagro\u017ce\u0144. Komisariat Policji Pozna n Nowe Miasto zach\u0119ca do rejestrowania si\u0119 do w\/w e-us\u0142ugi. Wystarczy wej\u015b\u0107 na stron\u0119 www.pyrek.pl i zarejestrowa\u0107 si\u0119. <\/p>\n","protected":false},"excerpt":{"rendered":"<p>Drodzy Rodzice! W ramach projektu pod nazw\u0105 &#8222;Regionalne Obserwatorium Zagro\u017ce\u0144&#8221; &#8211; rozw\u00f3j elektronicznych us\u0142ug publicznych w Wielkopolskiej Policji zosta\u0142a uruchomiona strona internetowa dedykowana uczniom, rodzicom, przedszkolakom oparta na wizerunku maskotki Sier\u017canta Pyrka. Portal ma charakter prewencyjny, maj\u0105cy na celu szerzenie edukacyjnych tre\u015bci dotycz\u0105cych bezpiecze\u0144stwa. Portal zawiera elementy rozrywkowe, takie jak tematyczne quizy, gry, modu\u0142y do [&hellip;]<\/p>\n","protected":false},"author":2,"featured_media":5712,"comment_status":"closed","ping_status":"closed","sticky":false,"template":"","format":"standard","meta":{"ngg_post_thumbnail":0,"footnotes":""},"categories":[4,1],"tags":[],"class_list":["post-5711","post","type-post","status-publish","format-standard","has-post-thumbnail","hentry","category-aktualnosci","category-wydarzenia"],"yoast_head":"<!-- This site is optimized with the Yoast SEO plugin v27.5 - https:\/\/yoast.com\/product\/yoast-seo-wordpress\/ -->\n<title>Sier\u017cant Pyrek - Przedszkole im. Ksi\u0119cia Przemys\u0142awa<\/title>\n<meta name=\"robots\" content=\"noindex, follow\" \/>\n<meta property=\"og:locale\" content=\"pl_PL\" \/>\n<meta property=\"og:type\" content=\"article\" \/>\n<meta property=\"og:title\" content=\"Sier\u017cant Pyrek - Przedszkole im. Ksi\u0119cia Przemys\u0142awa\" \/>\n<meta property=\"og:description\" content=\"Drodzy Rodzice! W ramach projektu pod nazw\u0105 &#8222;Regionalne Obserwatorium Zagro\u017ce\u0144&#8221; &#8211; rozw\u00f3j elektronicznych us\u0142ug publicznych w Wielkopolskiej Policji zosta\u0142a uruchomiona strona internetowa dedykowana uczniom, rodzicom, przedszkolakom oparta na wizerunku maskotki Sier\u017canta Pyrka. Portal ma charakter prewencyjny, maj\u0105cy na celu szerzenie edukacyjnych tre\u015bci dotycz\u0105cych bezpiecze\u0144stwa. Portal zawiera elementy rozrywkowe, takie jak tematyczne quizy, gry, modu\u0142y do [&hellip;]\" \/>\n<meta property=\"og:url\" content=\"https:\/\/www.przedszkole161.pl\/?p=5711\" \/>\n<meta property=\"og:site_name\" content=\"Przedszkole im. Ksi\u0119cia Przemys\u0142awa\" \/>\n<meta property=\"article:published_time\" content=\"2021-03-21T10:32:52+00:00\" \/>\n<meta property=\"article:modified_time\" content=\"2021-03-21T10:32:54+00:00\" \/>\n<meta property=\"og:image\" content=\"https:\/\/www.przedszkole161.pl\/wp-content\/uploads\/2021\/03\/pyrek.png\" \/>\n\t<meta property=\"og:image:width\" content=\"190\" \/>\n\t<meta property=\"og:image:height\" content=\"266\" \/>\n\t<meta property=\"og:image:type\" content=\"image\/png\" \/>\n<meta name=\"author\" content=\"Magda Dulemba\" \/>\n<meta name=\"twitter:card\" content=\"summary_large_image\" \/>\n<meta name=\"twitter:label1\" content=\"Napisane przez\" \/>\n\t<meta name=\"twitter:data1\" content=\"Magda Dulemba\" \/>\n\t<meta name=\"twitter:label2\" content=\"Szacowany czas czytania\" \/>\n\t<meta name=\"twitter:data2\" content=\"1 minuta\" \/>\n<script type=\"application\/ld+json\" class=\"yoast-schema-graph\">{\"@context\":\"https:\\\/\\\/schema.org\",\"@graph\":[{\"@type\":\"Article\",\"@id\":\"https:\\\/\\\/www.przedszkole161.pl\\\/?p=5711#article\",\"isPartOf\":{\"@id\":\"https:\\\/\\\/www.przedszkole161.pl\\\/?p=5711\"},\"author\":{\"name\":\"Magda Dulemba\",\"@id\":\"https:\\\/\\\/www.przedszkole161.pl\\\/#\\\/schema\\\/person\\\/673325371d681555a8b67c870d21faac\"},\"headline\":\"Sier\u017cant Pyrek\",\"datePublished\":\"2021-03-21T10:32:52+00:00\",\"dateModified\":\"2021-03-21T10:32:54+00:00\",\"mainEntityOfPage\":{\"@id\":\"https:\\\/\\\/www.przedszkole161.pl\\\/?p=5711\"},\"wordCount\":118,\"image\":{\"@id\":\"https:\\\/\\\/www.przedszkole161.pl\\\/?p=5711#primaryimage\"},\"thumbnailUrl\":\"https:\\\/\\\/ple161.poznan.pl\\\/wp-content\\\/uploads\\\/2021\\\/03\\\/pyrek-e1700927855997.png\",\"articleSection\":[\"Aktualno\u015bci\",\"Wydarzenia\"],\"inLanguage\":\"pl-PL\"},{\"@type\":\"WebPage\",\"@id\":\"https:\\\/\\\/www.przedszkole161.pl\\\/?p=5711\",\"url\":\"https:\\\/\\\/www.przedszkole161.pl\\\/?p=5711\",\"name\":\"Sier\u017cant Pyrek - Przedszkole im. Ksi\u0119cia Przemys\u0142awa\",\"isPartOf\":{\"@id\":\"https:\\\/\\\/www.przedszkole161.pl\\\/#website\"},\"primaryImageOfPage\":{\"@id\":\"https:\\\/\\\/www.przedszkole161.pl\\\/?p=5711#primaryimage\"},\"image\":{\"@id\":\"https:\\\/\\\/www.przedszkole161.pl\\\/?p=5711#primaryimage\"},\"thumbnailUrl\":\"https:\\\/\\\/ple161.poznan.pl\\\/wp-content\\\/uploads\\\/2021\\\/03\\\/pyrek-e1700927855997.png\",\"datePublished\":\"2021-03-21T10:32:52+00:00\",\"dateModified\":\"2021-03-21T10:32:54+00:00\",\"author\":{\"@id\":\"https:\\\/\\\/www.przedszkole161.pl\\\/#\\\/schema\\\/person\\\/673325371d681555a8b67c870d21faac\"},\"breadcrumb\":{\"@id\":\"https:\\\/\\\/www.przedszkole161.pl\\\/?p=5711#breadcrumb\"},\"inLanguage\":\"pl-PL\",\"potentialAction\":[{\"@type\":\"ReadAction\",\"target\":[\"https:\\\/\\\/www.przedszkole161.pl\\\/?p=5711\"]}]},{\"@type\":\"ImageObject\",\"inLanguage\":\"pl-PL\",\"@id\":\"https:\\\/\\\/www.przedszkole161.pl\\\/?p=5711#primaryimage\",\"url\":\"https:\\\/\\\/ple161.poznan.pl\\\/wp-content\\\/uploads\\\/2021\\\/03\\\/pyrek-e1700927855997.png\",\"contentUrl\":\"https:\\\/\\\/ple161.poznan.pl\\\/wp-content\\\/uploads\\\/2021\\\/03\\\/pyrek-e1700927855997.png\",\"width\":160,\"height\":224},{\"@type\":\"BreadcrumbList\",\"@id\":\"https:\\\/\\\/www.przedszkole161.pl\\\/?p=5711#breadcrumb\",\"itemListElement\":[{\"@type\":\"ListItem\",\"position\":1,\"name\":\"Strona g\u0142\u00f3wna\",\"item\":\"https:\\\/\\\/www.przedszkole161.pl\\\/\"},{\"@type\":\"ListItem\",\"position\":2,\"name\":\"Sier\u017cant Pyrek\"}]},{\"@type\":\"WebSite\",\"@id\":\"https:\\\/\\\/www.przedszkole161.pl\\\/#website\",\"url\":\"https:\\\/\\\/www.przedszkole161.pl\\\/\",\"name\":\"Przedszkole im. Ksi\u0119cia Przemys\u0142awa 161\",\"description\":\"\",\"potentialAction\":[{\"@type\":\"SearchAction\",\"target\":{\"@type\":\"EntryPoint\",\"urlTemplate\":\"https:\\\/\\\/www.przedszkole161.pl\\\/?s={search_term_string}\"},\"query-input\":{\"@type\":\"PropertyValueSpecification\",\"valueRequired\":true,\"valueName\":\"search_term_string\"}}],\"inLanguage\":\"pl-PL\"},{\"@type\":\"Person\",\"@id\":\"https:\\\/\\\/www.przedszkole161.pl\\\/#\\\/schema\\\/person\\\/673325371d681555a8b67c870d21faac\",\"name\":\"Magda Dulemba\",\"image\":{\"@type\":\"ImageObject\",\"inLanguage\":\"pl-PL\",\"@id\":\"https:\\\/\\\/secure.gravatar.com\\\/avatar\\\/f6f4cc73208d68c67fc19e1f80620e23d66ef2a923cb26a6d726fbc6a55bbcbc?s=96&d=mm&r=g\",\"url\":\"https:\\\/\\\/secure.gravatar.com\\\/avatar\\\/f6f4cc73208d68c67fc19e1f80620e23d66ef2a923cb26a6d726fbc6a55bbcbc?s=96&d=mm&r=g\",\"contentUrl\":\"https:\\\/\\\/secure.gravatar.com\\\/avatar\\\/f6f4cc73208d68c67fc19e1f80620e23d66ef2a923cb26a6d726fbc6a55bbcbc?s=96&d=mm&r=g\",\"caption\":\"Magda Dulemba\"},\"url\":\"https:\\\/\\\/ple161.poznan.pl\\\/?author=2\"}]}<\/script>\n<!-- \/ Yoast SEO plugin. -->","yoast_head_json":{"title":"Sier\u017cant Pyrek - Przedszkole im. Ksi\u0119cia Przemys\u0142awa","robots":{"index":"noindex","follow":"follow"},"og_locale":"pl_PL","og_type":"article","og_title":"Sier\u017cant Pyrek - Przedszkole im. Ksi\u0119cia Przemys\u0142awa","og_description":"Drodzy Rodzice! W ramach projektu pod nazw\u0105 &#8222;Regionalne Obserwatorium Zagro\u017ce\u0144&#8221; &#8211; rozw\u00f3j elektronicznych us\u0142ug publicznych w Wielkopolskiej Policji zosta\u0142a uruchomiona strona internetowa dedykowana uczniom, rodzicom, przedszkolakom oparta na wizerunku maskotki Sier\u017canta Pyrka. Portal ma charakter prewencyjny, maj\u0105cy na celu szerzenie edukacyjnych tre\u015bci dotycz\u0105cych bezpiecze\u0144stwa. Portal zawiera elementy rozrywkowe, takie jak tematyczne quizy, gry, modu\u0142y do [&hellip;]","og_url":"https:\/\/www.przedszkole161.pl\/?p=5711","og_site_name":"Przedszkole im. Ksi\u0119cia Przemys\u0142awa","article_published_time":"2021-03-21T10:32:52+00:00","article_modified_time":"2021-03-21T10:32:54+00:00","og_image":[{"width":190,"height":266,"url":"https:\/\/www.przedszkole161.pl\/wp-content\/uploads\/2021\/03\/pyrek.png","type":"image\/png"}],"author":"Magda Dulemba","twitter_card":"summary_large_image","twitter_misc":{"Napisane przez":"Magda Dulemba","Szacowany czas czytania":"1 minuta"},"schema":{"@context":"https:\/\/schema.org","@graph":[{"@type":"Article","@id":"https:\/\/www.przedszkole161.pl\/?p=5711#article","isPartOf":{"@id":"https:\/\/www.przedszkole161.pl\/?p=5711"},"author":{"name":"Magda Dulemba","@id":"https:\/\/www.przedszkole161.pl\/#\/schema\/person\/673325371d681555a8b67c870d21faac"},"headline":"Sier\u017cant Pyrek","datePublished":"2021-03-21T10:32:52+00:00","dateModified":"2021-03-21T10:32:54+00:00","mainEntityOfPage":{"@id":"https:\/\/www.przedszkole161.pl\/?p=5711"},"wordCount":118,"image":{"@id":"https:\/\/www.przedszkole161.pl\/?p=5711#primaryimage"},"thumbnailUrl":"https:\/\/ple161.poznan.pl\/wp-content\/uploads\/2021\/03\/pyrek-e1700927855997.png","articleSection":["Aktualno\u015bci","Wydarzenia"],"inLanguage":"pl-PL"},{"@type":"WebPage","@id":"https:\/\/www.przedszkole161.pl\/?p=5711","url":"https:\/\/www.przedszkole161.pl\/?p=5711","name":"Sier\u017cant Pyrek - Przedszkole im. Ksi\u0119cia Przemys\u0142awa","isPartOf":{"@id":"https:\/\/www.przedszkole161.pl\/#website"},"primaryImageOfPage":{"@id":"https:\/\/www.przedszkole161.pl\/?p=5711#primaryimage"},"image":{"@id":"https:\/\/www.przedszkole161.pl\/?p=5711#primaryimage"},"thumbnailUrl":"https:\/\/ple161.poznan.pl\/wp-content\/uploads\/2021\/03\/pyrek-e1700927855997.png","datePublished":"2021-03-21T10:32:52+00:00","dateModified":"2021-03-21T10:32:54+00:00","author":{"@id":"https:\/\/www.przedszkole161.pl\/#\/schema\/person\/673325371d681555a8b67c870d21faac"},"breadcrumb":{"@id":"https:\/\/www.przedszkole161.pl\/?p=5711#breadcrumb"},"inLanguage":"pl-PL","potentialAction":[{"@type":"ReadAction","target":["https:\/\/www.przedszkole161.pl\/?p=5711"]}]},{"@type":"ImageObject","inLanguage":"pl-PL","@id":"https:\/\/www.przedszkole161.pl\/?p=5711#primaryimage","url":"https:\/\/ple161.poznan.pl\/wp-content\/uploads\/2021\/03\/pyrek-e1700927855997.png","contentUrl":"https:\/\/ple161.poznan.pl\/wp-content\/uploads\/2021\/03\/pyrek-e1700927855997.png","width":160,"height":224},{"@type":"BreadcrumbList","@id":"https:\/\/www.przedszkole161.pl\/?p=5711#breadcrumb","itemListElement":[{"@type":"ListItem","position":1,"name":"Strona g\u0142\u00f3wna","item":"https:\/\/www.przedszkole161.pl\/"},{"@type":"ListItem","position":2,"name":"Sier\u017cant Pyrek"}]},{"@type":"WebSite","@id":"https:\/\/www.przedszkole161.pl\/#website","url":"https:\/\/www.przedszkole161.pl\/","name":"Przedszkole im. Ksi\u0119cia Przemys\u0142awa 161","description":"","potentialAction":[{"@type":"SearchAction","target":{"@type":"EntryPoint","urlTemplate":"https:\/\/www.przedszkole161.pl\/?s={search_term_string}"},"query-input":{"@type":"PropertyValueSpecification","valueRequired":true,"valueName":"search_term_string"}}],"inLanguage":"pl-PL"},{"@type":"Person","@id":"https:\/\/www.przedszkole161.pl\/#\/schema\/person\/673325371d681555a8b67c870d21faac","name":"Magda Dulemba","image":{"@type":"ImageObject","inLanguage":"pl-PL","@id":"https:\/\/secure.gravatar.com\/avatar\/f6f4cc73208d68c67fc19e1f80620e23d66ef2a923cb26a6d726fbc6a55bbcbc?s=96&d=mm&r=g","url":"https:\/\/secure.gravatar.com\/avatar\/f6f4cc73208d68c67fc19e1f80620e23d66ef2a923cb26a6d726fbc6a55bbcbc?s=96&d=mm&r=g","contentUrl":"https:\/\/secure.gravatar.com\/avatar\/f6f4cc73208d68c67fc19e1f80620e23d66ef2a923cb26a6d726fbc6a55bbcbc?s=96&d=mm&r=g","caption":"Magda Dulemba"},"url":"https:\/\/ple161.poznan.pl\/?author=2"}]}},"_links":{"self":[{"href":"https:\/\/ple161.poznan.pl\/index.php?rest_route=\/wp\/v2\/posts\/5711","targetHints":{"allow":["GET"]}}],"collection":[{"href":"https:\/\/ple161.poznan.pl\/index.php?rest_route=\/wp\/v2\/posts"}],"about":[{"href":"https:\/\/ple161.poznan.pl\/index.php?rest_route=\/wp\/v2\/types\/post"}],"author":[{"embeddable":true,"href":"https:\/\/ple161.poznan.pl\/index.php?rest_route=\/wp\/v2\/users\/2"}],"replies":[{"embeddable":true,"href":"https:\/\/ple161.poznan.pl\/index.php?rest_route=%2Fwp%2Fv2%2Fcomments&post=5711"}],"version-history":[{"count":1,"href":"https:\/\/ple161.poznan.pl\/index.php?rest_route=\/wp\/v2\/posts\/5711\/revisions"}],"predecessor-version":[{"id":5713,"href":"https:\/\/ple161.poznan.pl\/index.php?rest_route=\/wp\/v2\/posts\/5711\/revisions\/5713"}],"wp:featuredmedia":[{"embeddable":true,"href":"https:\/\/ple161.poznan.pl\/index.php?rest_route=\/wp\/v2\/media\/5712"}],"wp:attachment":[{"href":"https:\/\/ple161.poznan.pl\/index.php?rest_route=%2Fwp%2Fv2%2Fmedia&parent=5711"}],"wp:term":[{"taxonomy":"category","embeddable":true,"href":"https:\/\/ple161.poznan.pl\/index.php?rest_route=%2Fwp%2Fv2%2Fcategories&post=5711"},{"taxonomy":"post_tag","embeddable":true,"href":"https:\/\/ple161.poznan.pl\/index.php?rest_route=%2Fwp%2Fv2%2Ftags&post=5711"}],"curies":[{"name":"wp","href":"https:\/\/api.w.org\/{rel}","templated":true}]}}