{"id":5691,"date":"2021-03-17T13:00:22","date_gmt":"2021-03-17T12:00:22","guid":{"rendered":"http:\/\/ple161.poznan.pl\/?p=5691"},"modified":"2021-03-17T13:02:10","modified_gmt":"2021-03-17T12:02:10","slug":"zajecia-sportowe","status":"publish","type":"post","link":"https:\/\/ple161.poznan.pl\/?p=5691","title":{"rendered":"Zaj\u0119cia sportowe"},"content":{"rendered":"\n<p>Nasze przedszkole przyst\u0105pi\u0142o do projektu zaj\u0119\u0107 sportowych organizowanych przez Sportowy Fyrtel Gzuba.  Projekt realizowany jest przez Fundacj\u0119 na rzecz Akademii Wychowania Fizycznego im. Eugeniusza Piaseckiego w Poznaniu, finansowany jest ze \u015brodk\u00f3w Wydzia\u0142u\u00a0Sportu\u00a0Urz\u0119du Miasta Poznania, w ramach Pozna\u0144skiego Bud\u017cetu Obywatelskiego. Dzi\u0119ki projektowi nasze przedszkolaki w ka\u017cdy pi\u0105tek b\u0119d\u0105 uczestniczy\u0142y w zaj\u0119ciach sportowych:<br>\u2013 bezp\u0142atne wszechstronne, atrakcyjne zaj\u0119cia ruchowe z elementami gier i zabaw zespo\u0142owych, kszta\u0142tuj\u0105ce sprawno\u015b\u0107 og\u00f3ln\u0105 z elementami profilaktyki, a tak\u017ce korekcji wad postawy dla dziewczynek oraz ch\u0142opc\u00f3w w wieku przedszkolnym,<br>\u2013 bezp\u0142atne zaj\u0119cia z pomoc\u0105 r\u00f3\u017cnorodnego sprz\u0119tu sportowego z wykorzystaniem form zabawowych oraz metod opartych na opowie\u015bci ruchowej i wykorzystaniem fabu\u0142y,<br>\u2013 elementy edukacyjno \u2013 poznawcze zawarte w ka\u017cdym temacie treningu (kontynenty, miasta, planety, zwierz\u0119ta, kultury, bajki, superbohaterowie),<br>\u2013 skojarzenie ruchu z dobr\u0105 zabaw\u0105 i samopoczuciem,<br>\u2013 popularyzacja w\u015br\u00f3d dzieci aktywnego sp\u0119dzania wolnego czasu,<br>\u2013 rozw\u00f3j oraz utrwalenie w\u015br\u00f3d uczestnik\u00f3w potrzeb rozwoju ruchowego poprzez zabawy ruchowe przy muzyce, zabawy kszta\u0142tuj\u0105ce postaw\u0119, zabawy orientacyjno \u2013 porz\u0105dkowe, zabawy z elementami r\u00f3wnowagi, zabawy z elementami skoku i podskoku, zabawy z \u0107wiczeniami oddechowymi.<\/p>\n\n\n\n<p><\/p>\n\n\n\n<p><\/p>\n","protected":false},"excerpt":{"rendered":"<p>Nasze przedszkole przyst\u0105pi\u0142o do projektu zaj\u0119\u0107 sportowych organizowanych przez Sportowy Fyrtel Gzuba. Projekt realizowany jest przez Fundacj\u0119 na rzecz Akademii Wychowania Fizycznego im. Eugeniusza Piaseckiego w Poznaniu, finansowany jest ze \u015brodk\u00f3w Wydzia\u0142u\u00a0Sportu\u00a0Urz\u0119du Miasta Poznania, w ramach Pozna\u0144skiego Bud\u017cetu Obywatelskiego. Dzi\u0119ki projektowi nasze przedszkolaki w ka\u017cdy pi\u0105tek b\u0119d\u0105 uczestniczy\u0142y w zaj\u0119ciach sportowych:\u2013 bezp\u0142atne wszechstronne, atrakcyjne zaj\u0119cia [&hellip;]<\/p>\n","protected":false},"author":2,"featured_media":5692,"comment_status":"closed","ping_status":"closed","sticky":false,"template":"","format":"standard","meta":{"ngg_post_thumbnail":0,"footnotes":""},"categories":[4,1],"tags":[],"class_list":["post-5691","post","type-post","status-publish","format-standard","has-post-thumbnail","hentry","category-aktualnosci","category-wydarzenia"],"yoast_head":"<!-- This site is optimized with the Yoast SEO plugin v27.5 - https:\/\/yoast.com\/product\/yoast-seo-wordpress\/ -->\n<title>Zaj\u0119cia sportowe - Przedszkole im. Ksi\u0119cia Przemys\u0142awa<\/title>\n<meta name=\"robots\" content=\"noindex, follow\" \/>\n<meta property=\"og:locale\" content=\"pl_PL\" \/>\n<meta property=\"og:type\" content=\"article\" \/>\n<meta property=\"og:title\" content=\"Zaj\u0119cia sportowe - Przedszkole im. Ksi\u0119cia Przemys\u0142awa\" \/>\n<meta property=\"og:description\" content=\"Nasze przedszkole przyst\u0105pi\u0142o do projektu zaj\u0119\u0107 sportowych organizowanych przez Sportowy Fyrtel Gzuba. Projekt realizowany jest przez Fundacj\u0119 na rzecz Akademii Wychowania Fizycznego im. Eugeniusza Piaseckiego w Poznaniu, finansowany jest ze \u015brodk\u00f3w Wydzia\u0142u\u00a0Sportu\u00a0Urz\u0119du Miasta Poznania, w ramach Pozna\u0144skiego Bud\u017cetu Obywatelskiego. Dzi\u0119ki projektowi nasze przedszkolaki w ka\u017cdy pi\u0105tek b\u0119d\u0105 uczestniczy\u0142y w zaj\u0119ciach sportowych:\u2013 bezp\u0142atne wszechstronne, atrakcyjne zaj\u0119cia [&hellip;]\" \/>\n<meta property=\"og:url\" content=\"https:\/\/www.przedszkole161.pl\/?p=5691\" \/>\n<meta property=\"og:site_name\" content=\"Przedszkole im. Ksi\u0119cia Przemys\u0142awa\" \/>\n<meta property=\"article:published_time\" content=\"2021-03-17T12:00:22+00:00\" \/>\n<meta property=\"article:modified_time\" content=\"2021-03-17T12:02:10+00:00\" \/>\n<meta property=\"og:image\" content=\"https:\/\/www.przedszkole161.pl\/wp-content\/uploads\/2021\/03\/logo-sportowy-fyrtel.png\" \/>\n\t<meta property=\"og:image:width\" content=\"254\" \/>\n\t<meta property=\"og:image:height\" content=\"358\" \/>\n\t<meta property=\"og:image:type\" content=\"image\/png\" \/>\n<meta name=\"author\" content=\"Magda Dulemba\" \/>\n<meta name=\"twitter:card\" content=\"summary_large_image\" \/>\n<meta name=\"twitter:label1\" content=\"Napisane przez\" \/>\n\t<meta name=\"twitter:data1\" content=\"Magda Dulemba\" \/>\n\t<meta name=\"twitter:label2\" content=\"Szacowany czas czytania\" \/>\n\t<meta name=\"twitter:data2\" content=\"1 minuta\" \/>\n<script type=\"application\/ld+json\" class=\"yoast-schema-graph\">{\"@context\":\"https:\\\/\\\/schema.org\",\"@graph\":[{\"@type\":\"Article\",\"@id\":\"https:\\\/\\\/www.przedszkole161.pl\\\/?p=5691#article\",\"isPartOf\":{\"@id\":\"https:\\\/\\\/www.przedszkole161.pl\\\/?p=5691\"},\"author\":{\"name\":\"Magda Dulemba\",\"@id\":\"https:\\\/\\\/www.przedszkole161.pl\\\/#\\\/schema\\\/person\\\/673325371d681555a8b67c870d21faac\"},\"headline\":\"Zaj\u0119cia sportowe\",\"datePublished\":\"2021-03-17T12:00:22+00:00\",\"dateModified\":\"2021-03-17T12:02:10+00:00\",\"mainEntityOfPage\":{\"@id\":\"https:\\\/\\\/www.przedszkole161.pl\\\/?p=5691\"},\"wordCount\":208,\"image\":{\"@id\":\"https:\\\/\\\/www.przedszkole161.pl\\\/?p=5691#primaryimage\"},\"thumbnailUrl\":\"https:\\\/\\\/ple161.poznan.pl\\\/wp-content\\\/uploads\\\/2021\\\/03\\\/logo-sportowy-fyrtel.png\",\"articleSection\":[\"Aktualno\u015bci\",\"Wydarzenia\"],\"inLanguage\":\"pl-PL\"},{\"@type\":\"WebPage\",\"@id\":\"https:\\\/\\\/www.przedszkole161.pl\\\/?p=5691\",\"url\":\"https:\\\/\\\/www.przedszkole161.pl\\\/?p=5691\",\"name\":\"Zaj\u0119cia sportowe - Przedszkole im. Ksi\u0119cia Przemys\u0142awa\",\"isPartOf\":{\"@id\":\"https:\\\/\\\/www.przedszkole161.pl\\\/#website\"},\"primaryImageOfPage\":{\"@id\":\"https:\\\/\\\/www.przedszkole161.pl\\\/?p=5691#primaryimage\"},\"image\":{\"@id\":\"https:\\\/\\\/www.przedszkole161.pl\\\/?p=5691#primaryimage\"},\"thumbnailUrl\":\"https:\\\/\\\/ple161.poznan.pl\\\/wp-content\\\/uploads\\\/2021\\\/03\\\/logo-sportowy-fyrtel.png\",\"datePublished\":\"2021-03-17T12:00:22+00:00\",\"dateModified\":\"2021-03-17T12:02:10+00:00\",\"author\":{\"@id\":\"https:\\\/\\\/www.przedszkole161.pl\\\/#\\\/schema\\\/person\\\/673325371d681555a8b67c870d21faac\"},\"breadcrumb\":{\"@id\":\"https:\\\/\\\/www.przedszkole161.pl\\\/?p=5691#breadcrumb\"},\"inLanguage\":\"pl-PL\",\"potentialAction\":[{\"@type\":\"ReadAction\",\"target\":[\"https:\\\/\\\/www.przedszkole161.pl\\\/?p=5691\"]}]},{\"@type\":\"ImageObject\",\"inLanguage\":\"pl-PL\",\"@id\":\"https:\\\/\\\/www.przedszkole161.pl\\\/?p=5691#primaryimage\",\"url\":\"https:\\\/\\\/ple161.poznan.pl\\\/wp-content\\\/uploads\\\/2021\\\/03\\\/logo-sportowy-fyrtel.png\",\"contentUrl\":\"https:\\\/\\\/ple161.poznan.pl\\\/wp-content\\\/uploads\\\/2021\\\/03\\\/logo-sportowy-fyrtel.png\",\"width\":254,\"height\":358},{\"@type\":\"BreadcrumbList\",\"@id\":\"https:\\\/\\\/www.przedszkole161.pl\\\/?p=5691#breadcrumb\",\"itemListElement\":[{\"@type\":\"ListItem\",\"position\":1,\"name\":\"Strona g\u0142\u00f3wna\",\"item\":\"https:\\\/\\\/www.przedszkole161.pl\\\/\"},{\"@type\":\"ListItem\",\"position\":2,\"name\":\"Zaj\u0119cia sportowe\"}]},{\"@type\":\"WebSite\",\"@id\":\"https:\\\/\\\/www.przedszkole161.pl\\\/#website\",\"url\":\"https:\\\/\\\/www.przedszkole161.pl\\\/\",\"name\":\"Przedszkole im. Ksi\u0119cia Przemys\u0142awa 161\",\"description\":\"\",\"potentialAction\":[{\"@type\":\"SearchAction\",\"target\":{\"@type\":\"EntryPoint\",\"urlTemplate\":\"https:\\\/\\\/www.przedszkole161.pl\\\/?s={search_term_string}\"},\"query-input\":{\"@type\":\"PropertyValueSpecification\",\"valueRequired\":true,\"valueName\":\"search_term_string\"}}],\"inLanguage\":\"pl-PL\"},{\"@type\":\"Person\",\"@id\":\"https:\\\/\\\/www.przedszkole161.pl\\\/#\\\/schema\\\/person\\\/673325371d681555a8b67c870d21faac\",\"name\":\"Magda Dulemba\",\"image\":{\"@type\":\"ImageObject\",\"inLanguage\":\"pl-PL\",\"@id\":\"https:\\\/\\\/secure.gravatar.com\\\/avatar\\\/f6f4cc73208d68c67fc19e1f80620e23d66ef2a923cb26a6d726fbc6a55bbcbc?s=96&d=mm&r=g\",\"url\":\"https:\\\/\\\/secure.gravatar.com\\\/avatar\\\/f6f4cc73208d68c67fc19e1f80620e23d66ef2a923cb26a6d726fbc6a55bbcbc?s=96&d=mm&r=g\",\"contentUrl\":\"https:\\\/\\\/secure.gravatar.com\\\/avatar\\\/f6f4cc73208d68c67fc19e1f80620e23d66ef2a923cb26a6d726fbc6a55bbcbc?s=96&d=mm&r=g\",\"caption\":\"Magda Dulemba\"},\"url\":\"https:\\\/\\\/ple161.poznan.pl\\\/?author=2\"}]}<\/script>\n<!-- \/ Yoast SEO plugin. -->","yoast_head_json":{"title":"Zaj\u0119cia sportowe - Przedszkole im. Ksi\u0119cia Przemys\u0142awa","robots":{"index":"noindex","follow":"follow"},"og_locale":"pl_PL","og_type":"article","og_title":"Zaj\u0119cia sportowe - Przedszkole im. Ksi\u0119cia Przemys\u0142awa","og_description":"Nasze przedszkole przyst\u0105pi\u0142o do projektu zaj\u0119\u0107 sportowych organizowanych przez Sportowy Fyrtel Gzuba. Projekt realizowany jest przez Fundacj\u0119 na rzecz Akademii Wychowania Fizycznego im. Eugeniusza Piaseckiego w Poznaniu, finansowany jest ze \u015brodk\u00f3w Wydzia\u0142u\u00a0Sportu\u00a0Urz\u0119du Miasta Poznania, w ramach Pozna\u0144skiego Bud\u017cetu Obywatelskiego. Dzi\u0119ki projektowi nasze przedszkolaki w ka\u017cdy pi\u0105tek b\u0119d\u0105 uczestniczy\u0142y w zaj\u0119ciach sportowych:\u2013 bezp\u0142atne wszechstronne, atrakcyjne zaj\u0119cia [&hellip;]","og_url":"https:\/\/www.przedszkole161.pl\/?p=5691","og_site_name":"Przedszkole im. Ksi\u0119cia Przemys\u0142awa","article_published_time":"2021-03-17T12:00:22+00:00","article_modified_time":"2021-03-17T12:02:10+00:00","og_image":[{"width":254,"height":358,"url":"https:\/\/www.przedszkole161.pl\/wp-content\/uploads\/2021\/03\/logo-sportowy-fyrtel.png","type":"image\/png"}],"author":"Magda Dulemba","twitter_card":"summary_large_image","twitter_misc":{"Napisane przez":"Magda Dulemba","Szacowany czas czytania":"1 minuta"},"schema":{"@context":"https:\/\/schema.org","@graph":[{"@type":"Article","@id":"https:\/\/www.przedszkole161.pl\/?p=5691#article","isPartOf":{"@id":"https:\/\/www.przedszkole161.pl\/?p=5691"},"author":{"name":"Magda Dulemba","@id":"https:\/\/www.przedszkole161.pl\/#\/schema\/person\/673325371d681555a8b67c870d21faac"},"headline":"Zaj\u0119cia sportowe","datePublished":"2021-03-17T12:00:22+00:00","dateModified":"2021-03-17T12:02:10+00:00","mainEntityOfPage":{"@id":"https:\/\/www.przedszkole161.pl\/?p=5691"},"wordCount":208,"image":{"@id":"https:\/\/www.przedszkole161.pl\/?p=5691#primaryimage"},"thumbnailUrl":"https:\/\/ple161.poznan.pl\/wp-content\/uploads\/2021\/03\/logo-sportowy-fyrtel.png","articleSection":["Aktualno\u015bci","Wydarzenia"],"inLanguage":"pl-PL"},{"@type":"WebPage","@id":"https:\/\/www.przedszkole161.pl\/?p=5691","url":"https:\/\/www.przedszkole161.pl\/?p=5691","name":"Zaj\u0119cia sportowe - Przedszkole im. Ksi\u0119cia Przemys\u0142awa","isPartOf":{"@id":"https:\/\/www.przedszkole161.pl\/#website"},"primaryImageOfPage":{"@id":"https:\/\/www.przedszkole161.pl\/?p=5691#primaryimage"},"image":{"@id":"https:\/\/www.przedszkole161.pl\/?p=5691#primaryimage"},"thumbnailUrl":"https:\/\/ple161.poznan.pl\/wp-content\/uploads\/2021\/03\/logo-sportowy-fyrtel.png","datePublished":"2021-03-17T12:00:22+00:00","dateModified":"2021-03-17T12:02:10+00:00","author":{"@id":"https:\/\/www.przedszkole161.pl\/#\/schema\/person\/673325371d681555a8b67c870d21faac"},"breadcrumb":{"@id":"https:\/\/www.przedszkole161.pl\/?p=5691#breadcrumb"},"inLanguage":"pl-PL","potentialAction":[{"@type":"ReadAction","target":["https:\/\/www.przedszkole161.pl\/?p=5691"]}]},{"@type":"ImageObject","inLanguage":"pl-PL","@id":"https:\/\/www.przedszkole161.pl\/?p=5691#primaryimage","url":"https:\/\/ple161.poznan.pl\/wp-content\/uploads\/2021\/03\/logo-sportowy-fyrtel.png","contentUrl":"https:\/\/ple161.poznan.pl\/wp-content\/uploads\/2021\/03\/logo-sportowy-fyrtel.png","width":254,"height":358},{"@type":"BreadcrumbList","@id":"https:\/\/www.przedszkole161.pl\/?p=5691#breadcrumb","itemListElement":[{"@type":"ListItem","position":1,"name":"Strona g\u0142\u00f3wna","item":"https:\/\/www.przedszkole161.pl\/"},{"@type":"ListItem","position":2,"name":"Zaj\u0119cia sportowe"}]},{"@type":"WebSite","@id":"https:\/\/www.przedszkole161.pl\/#website","url":"https:\/\/www.przedszkole161.pl\/","name":"Przedszkole im. Ksi\u0119cia Przemys\u0142awa 161","description":"","potentialAction":[{"@type":"SearchAction","target":{"@type":"EntryPoint","urlTemplate":"https:\/\/www.przedszkole161.pl\/?s={search_term_string}"},"query-input":{"@type":"PropertyValueSpecification","valueRequired":true,"valueName":"search_term_string"}}],"inLanguage":"pl-PL"},{"@type":"Person","@id":"https:\/\/www.przedszkole161.pl\/#\/schema\/person\/673325371d681555a8b67c870d21faac","name":"Magda Dulemba","image":{"@type":"ImageObject","inLanguage":"pl-PL","@id":"https:\/\/secure.gravatar.com\/avatar\/f6f4cc73208d68c67fc19e1f80620e23d66ef2a923cb26a6d726fbc6a55bbcbc?s=96&d=mm&r=g","url":"https:\/\/secure.gravatar.com\/avatar\/f6f4cc73208d68c67fc19e1f80620e23d66ef2a923cb26a6d726fbc6a55bbcbc?s=96&d=mm&r=g","contentUrl":"https:\/\/secure.gravatar.com\/avatar\/f6f4cc73208d68c67fc19e1f80620e23d66ef2a923cb26a6d726fbc6a55bbcbc?s=96&d=mm&r=g","caption":"Magda Dulemba"},"url":"https:\/\/ple161.poznan.pl\/?author=2"}]}},"_links":{"self":[{"href":"https:\/\/ple161.poznan.pl\/index.php?rest_route=\/wp\/v2\/posts\/5691","targetHints":{"allow":["GET"]}}],"collection":[{"href":"https:\/\/ple161.poznan.pl\/index.php?rest_route=\/wp\/v2\/posts"}],"about":[{"href":"https:\/\/ple161.poznan.pl\/index.php?rest_route=\/wp\/v2\/types\/post"}],"author":[{"embeddable":true,"href":"https:\/\/ple161.poznan.pl\/index.php?rest_route=\/wp\/v2\/users\/2"}],"replies":[{"embeddable":true,"href":"https:\/\/ple161.poznan.pl\/index.php?rest_route=%2Fwp%2Fv2%2Fcomments&post=5691"}],"version-history":[{"count":3,"href":"https:\/\/ple161.poznan.pl\/index.php?rest_route=\/wp\/v2\/posts\/5691\/revisions"}],"predecessor-version":[{"id":5695,"href":"https:\/\/ple161.poznan.pl\/index.php?rest_route=\/wp\/v2\/posts\/5691\/revisions\/5695"}],"wp:featuredmedia":[{"embeddable":true,"href":"https:\/\/ple161.poznan.pl\/index.php?rest_route=\/wp\/v2\/media\/5692"}],"wp:attachment":[{"href":"https:\/\/ple161.poznan.pl\/index.php?rest_route=%2Fwp%2Fv2%2Fmedia&parent=5691"}],"wp:term":[{"taxonomy":"category","embeddable":true,"href":"https:\/\/ple161.poznan.pl\/index.php?rest_route=%2Fwp%2Fv2%2Fcategories&post=5691"},{"taxonomy":"post_tag","embeddable":true,"href":"https:\/\/ple161.poznan.pl\/index.php?rest_route=%2Fwp%2Fv2%2Ftags&post=5691"}],"curies":[{"name":"wp","href":"https:\/\/api.w.org\/{rel}","templated":true}]}}