{"id":5605,"date":"2021-03-04T20:30:04","date_gmt":"2021-03-04T19:30:04","guid":{"rendered":"http:\/\/ple161.poznan.pl\/?p=5605"},"modified":"2021-03-04T20:30:24","modified_gmt":"2021-03-04T19:30:24","slug":"zawieszenie-zajec-stacjonarnych","status":"publish","type":"post","link":"https:\/\/ple161.poznan.pl\/?p=5605","title":{"rendered":"Zawieszenie zaj\u0119\u0107 stacjonarnych w grupie Rusa\u0142ki"},"content":{"rendered":"\n<p>Informujemy, \u017ce\u00a0od 05.03.2021 r. do 11.03.2021 r. z powodu kwarantanny\u00a0zostaj\u0105 zawieszone zaj\u0119cia stacjonarne w grupie Rusa\u0142ki. Aktywno\u015bci dla grupy Rusa\u0142ki mo\u017cna znale\u017a\u0107 w zak\u0142adce &#8222;Edukacja zdalna&#8221;.<\/p>\n","protected":false},"excerpt":{"rendered":"<p>Informujemy, \u017ce\u00a0od 05.03.2021 r. do 11.03.2021 r. z powodu kwarantanny\u00a0zostaj\u0105 zawieszone zaj\u0119cia stacjonarne w grupie Rusa\u0142ki. Aktywno\u015bci dla grupy Rusa\u0142ki mo\u017cna znale\u017a\u0107 w zak\u0142adce &#8222;Edukacja zdalna&#8221;.<\/p>\n","protected":false},"author":2,"featured_media":4123,"comment_status":"closed","ping_status":"closed","sticky":false,"template":"","format":"standard","meta":{"ngg_post_thumbnail":0,"footnotes":""},"categories":[4],"tags":[],"class_list":["post-5605","post","type-post","status-publish","format-standard","has-post-thumbnail","hentry","category-aktualnosci"],"yoast_head":"<!-- This site is optimized with the Yoast SEO plugin v27.5 - https:\/\/yoast.com\/product\/yoast-seo-wordpress\/ -->\n<title>Zawieszenie zaj\u0119\u0107 stacjonarnych w grupie Rusa\u0142ki - Przedszkole im. Ksi\u0119cia Przemys\u0142awa<\/title>\n<meta name=\"robots\" content=\"noindex, follow\" \/>\n<meta property=\"og:locale\" content=\"pl_PL\" \/>\n<meta property=\"og:type\" content=\"article\" \/>\n<meta property=\"og:title\" content=\"Zawieszenie zaj\u0119\u0107 stacjonarnych w grupie Rusa\u0142ki - Przedszkole im. Ksi\u0119cia Przemys\u0142awa\" \/>\n<meta property=\"og:description\" content=\"Informujemy, \u017ce\u00a0od 05.03.2021 r. do 11.03.2021 r. z powodu kwarantanny\u00a0zostaj\u0105 zawieszone zaj\u0119cia stacjonarne w grupie Rusa\u0142ki. Aktywno\u015bci dla grupy Rusa\u0142ki mo\u017cna znale\u017a\u0107 w zak\u0142adce &#8222;Edukacja zdalna&#8221;.\" \/>\n<meta property=\"og:url\" content=\"https:\/\/www.przedszkole161.pl\/?p=5605\" \/>\n<meta property=\"og:site_name\" content=\"Przedszkole im. Ksi\u0119cia Przemys\u0142awa\" \/>\n<meta property=\"article:published_time\" content=\"2021-03-04T19:30:04+00:00\" \/>\n<meta property=\"article:modified_time\" content=\"2021-03-04T19:30:24+00:00\" \/>\n<meta property=\"og:image\" content=\"https:\/\/www.przedszkole161.pl\/wp-content\/uploads\/2020\/03\/uwaga-e1583847823253.jpg\" \/>\n\t<meta property=\"og:image:width\" content=\"183\" \/>\n\t<meta property=\"og:image:height\" content=\"125\" \/>\n\t<meta property=\"og:image:type\" content=\"image\/jpeg\" \/>\n<meta name=\"author\" content=\"Magda Dulemba\" \/>\n<meta name=\"twitter:card\" content=\"summary_large_image\" \/>\n<meta name=\"twitter:label1\" content=\"Napisane przez\" \/>\n\t<meta name=\"twitter:data1\" content=\"Magda Dulemba\" \/>\n<script type=\"application\/ld+json\" class=\"yoast-schema-graph\">{\"@context\":\"https:\\\/\\\/schema.org\",\"@graph\":[{\"@type\":\"Article\",\"@id\":\"https:\\\/\\\/www.przedszkole161.pl\\\/?p=5605#article\",\"isPartOf\":{\"@id\":\"https:\\\/\\\/www.przedszkole161.pl\\\/?p=5605\"},\"author\":{\"name\":\"Magda Dulemba\",\"@id\":\"https:\\\/\\\/www.przedszkole161.pl\\\/#\\\/schema\\\/person\\\/673325371d681555a8b67c870d21faac\"},\"headline\":\"Zawieszenie zaj\u0119\u0107 stacjonarnych w grupie Rusa\u0142ki\",\"datePublished\":\"2021-03-04T19:30:04+00:00\",\"dateModified\":\"2021-03-04T19:30:24+00:00\",\"mainEntityOfPage\":{\"@id\":\"https:\\\/\\\/www.przedszkole161.pl\\\/?p=5605\"},\"wordCount\":39,\"image\":{\"@id\":\"https:\\\/\\\/www.przedszkole161.pl\\\/?p=5605#primaryimage\"},\"thumbnailUrl\":\"https:\\\/\\\/ple161.poznan.pl\\\/wp-content\\\/uploads\\\/2020\\\/03\\\/uwaga-e1583847823253.jpg\",\"articleSection\":[\"Aktualno\u015bci\"],\"inLanguage\":\"pl-PL\"},{\"@type\":\"WebPage\",\"@id\":\"https:\\\/\\\/www.przedszkole161.pl\\\/?p=5605\",\"url\":\"https:\\\/\\\/www.przedszkole161.pl\\\/?p=5605\",\"name\":\"Zawieszenie zaj\u0119\u0107 stacjonarnych w grupie Rusa\u0142ki - Przedszkole im. Ksi\u0119cia Przemys\u0142awa\",\"isPartOf\":{\"@id\":\"https:\\\/\\\/www.przedszkole161.pl\\\/#website\"},\"primaryImageOfPage\":{\"@id\":\"https:\\\/\\\/www.przedszkole161.pl\\\/?p=5605#primaryimage\"},\"image\":{\"@id\":\"https:\\\/\\\/www.przedszkole161.pl\\\/?p=5605#primaryimage\"},\"thumbnailUrl\":\"https:\\\/\\\/ple161.poznan.pl\\\/wp-content\\\/uploads\\\/2020\\\/03\\\/uwaga-e1583847823253.jpg\",\"datePublished\":\"2021-03-04T19:30:04+00:00\",\"dateModified\":\"2021-03-04T19:30:24+00:00\",\"author\":{\"@id\":\"https:\\\/\\\/www.przedszkole161.pl\\\/#\\\/schema\\\/person\\\/673325371d681555a8b67c870d21faac\"},\"breadcrumb\":{\"@id\":\"https:\\\/\\\/www.przedszkole161.pl\\\/?p=5605#breadcrumb\"},\"inLanguage\":\"pl-PL\",\"potentialAction\":[{\"@type\":\"ReadAction\",\"target\":[\"https:\\\/\\\/www.przedszkole161.pl\\\/?p=5605\"]}]},{\"@type\":\"ImageObject\",\"inLanguage\":\"pl-PL\",\"@id\":\"https:\\\/\\\/www.przedszkole161.pl\\\/?p=5605#primaryimage\",\"url\":\"https:\\\/\\\/ple161.poznan.pl\\\/wp-content\\\/uploads\\\/2020\\\/03\\\/uwaga-e1583847823253.jpg\",\"contentUrl\":\"https:\\\/\\\/ple161.poznan.pl\\\/wp-content\\\/uploads\\\/2020\\\/03\\\/uwaga-e1583847823253.jpg\",\"width\":183,\"height\":125},{\"@type\":\"BreadcrumbList\",\"@id\":\"https:\\\/\\\/www.przedszkole161.pl\\\/?p=5605#breadcrumb\",\"itemListElement\":[{\"@type\":\"ListItem\",\"position\":1,\"name\":\"Strona g\u0142\u00f3wna\",\"item\":\"https:\\\/\\\/www.przedszkole161.pl\\\/\"},{\"@type\":\"ListItem\",\"position\":2,\"name\":\"Zawieszenie zaj\u0119\u0107 stacjonarnych w grupie Rusa\u0142ki\"}]},{\"@type\":\"WebSite\",\"@id\":\"https:\\\/\\\/www.przedszkole161.pl\\\/#website\",\"url\":\"https:\\\/\\\/www.przedszkole161.pl\\\/\",\"name\":\"Przedszkole im. Ksi\u0119cia Przemys\u0142awa 161\",\"description\":\"\",\"potentialAction\":[{\"@type\":\"SearchAction\",\"target\":{\"@type\":\"EntryPoint\",\"urlTemplate\":\"https:\\\/\\\/www.przedszkole161.pl\\\/?s={search_term_string}\"},\"query-input\":{\"@type\":\"PropertyValueSpecification\",\"valueRequired\":true,\"valueName\":\"search_term_string\"}}],\"inLanguage\":\"pl-PL\"},{\"@type\":\"Person\",\"@id\":\"https:\\\/\\\/www.przedszkole161.pl\\\/#\\\/schema\\\/person\\\/673325371d681555a8b67c870d21faac\",\"name\":\"Magda Dulemba\",\"image\":{\"@type\":\"ImageObject\",\"inLanguage\":\"pl-PL\",\"@id\":\"https:\\\/\\\/secure.gravatar.com\\\/avatar\\\/f6f4cc73208d68c67fc19e1f80620e23d66ef2a923cb26a6d726fbc6a55bbcbc?s=96&d=mm&r=g\",\"url\":\"https:\\\/\\\/secure.gravatar.com\\\/avatar\\\/f6f4cc73208d68c67fc19e1f80620e23d66ef2a923cb26a6d726fbc6a55bbcbc?s=96&d=mm&r=g\",\"contentUrl\":\"https:\\\/\\\/secure.gravatar.com\\\/avatar\\\/f6f4cc73208d68c67fc19e1f80620e23d66ef2a923cb26a6d726fbc6a55bbcbc?s=96&d=mm&r=g\",\"caption\":\"Magda Dulemba\"},\"url\":\"https:\\\/\\\/ple161.poznan.pl\\\/?author=2\"}]}<\/script>\n<!-- \/ Yoast SEO plugin. -->","yoast_head_json":{"title":"Zawieszenie zaj\u0119\u0107 stacjonarnych w grupie Rusa\u0142ki - Przedszkole im. Ksi\u0119cia Przemys\u0142awa","robots":{"index":"noindex","follow":"follow"},"og_locale":"pl_PL","og_type":"article","og_title":"Zawieszenie zaj\u0119\u0107 stacjonarnych w grupie Rusa\u0142ki - Przedszkole im. Ksi\u0119cia Przemys\u0142awa","og_description":"Informujemy, \u017ce\u00a0od 05.03.2021 r. do 11.03.2021 r. z powodu kwarantanny\u00a0zostaj\u0105 zawieszone zaj\u0119cia stacjonarne w grupie Rusa\u0142ki. Aktywno\u015bci dla grupy Rusa\u0142ki mo\u017cna znale\u017a\u0107 w zak\u0142adce &#8222;Edukacja zdalna&#8221;.","og_url":"https:\/\/www.przedszkole161.pl\/?p=5605","og_site_name":"Przedszkole im. Ksi\u0119cia Przemys\u0142awa","article_published_time":"2021-03-04T19:30:04+00:00","article_modified_time":"2021-03-04T19:30:24+00:00","og_image":[{"width":183,"height":125,"url":"https:\/\/www.przedszkole161.pl\/wp-content\/uploads\/2020\/03\/uwaga-e1583847823253.jpg","type":"image\/jpeg"}],"author":"Magda Dulemba","twitter_card":"summary_large_image","twitter_misc":{"Napisane przez":"Magda Dulemba"},"schema":{"@context":"https:\/\/schema.org","@graph":[{"@type":"Article","@id":"https:\/\/www.przedszkole161.pl\/?p=5605#article","isPartOf":{"@id":"https:\/\/www.przedszkole161.pl\/?p=5605"},"author":{"name":"Magda Dulemba","@id":"https:\/\/www.przedszkole161.pl\/#\/schema\/person\/673325371d681555a8b67c870d21faac"},"headline":"Zawieszenie zaj\u0119\u0107 stacjonarnych w grupie Rusa\u0142ki","datePublished":"2021-03-04T19:30:04+00:00","dateModified":"2021-03-04T19:30:24+00:00","mainEntityOfPage":{"@id":"https:\/\/www.przedszkole161.pl\/?p=5605"},"wordCount":39,"image":{"@id":"https:\/\/www.przedszkole161.pl\/?p=5605#primaryimage"},"thumbnailUrl":"https:\/\/ple161.poznan.pl\/wp-content\/uploads\/2020\/03\/uwaga-e1583847823253.jpg","articleSection":["Aktualno\u015bci"],"inLanguage":"pl-PL"},{"@type":"WebPage","@id":"https:\/\/www.przedszkole161.pl\/?p=5605","url":"https:\/\/www.przedszkole161.pl\/?p=5605","name":"Zawieszenie zaj\u0119\u0107 stacjonarnych w grupie Rusa\u0142ki - Przedszkole im. Ksi\u0119cia Przemys\u0142awa","isPartOf":{"@id":"https:\/\/www.przedszkole161.pl\/#website"},"primaryImageOfPage":{"@id":"https:\/\/www.przedszkole161.pl\/?p=5605#primaryimage"},"image":{"@id":"https:\/\/www.przedszkole161.pl\/?p=5605#primaryimage"},"thumbnailUrl":"https:\/\/ple161.poznan.pl\/wp-content\/uploads\/2020\/03\/uwaga-e1583847823253.jpg","datePublished":"2021-03-04T19:30:04+00:00","dateModified":"2021-03-04T19:30:24+00:00","author":{"@id":"https:\/\/www.przedszkole161.pl\/#\/schema\/person\/673325371d681555a8b67c870d21faac"},"breadcrumb":{"@id":"https:\/\/www.przedszkole161.pl\/?p=5605#breadcrumb"},"inLanguage":"pl-PL","potentialAction":[{"@type":"ReadAction","target":["https:\/\/www.przedszkole161.pl\/?p=5605"]}]},{"@type":"ImageObject","inLanguage":"pl-PL","@id":"https:\/\/www.przedszkole161.pl\/?p=5605#primaryimage","url":"https:\/\/ple161.poznan.pl\/wp-content\/uploads\/2020\/03\/uwaga-e1583847823253.jpg","contentUrl":"https:\/\/ple161.poznan.pl\/wp-content\/uploads\/2020\/03\/uwaga-e1583847823253.jpg","width":183,"height":125},{"@type":"BreadcrumbList","@id":"https:\/\/www.przedszkole161.pl\/?p=5605#breadcrumb","itemListElement":[{"@type":"ListItem","position":1,"name":"Strona g\u0142\u00f3wna","item":"https:\/\/www.przedszkole161.pl\/"},{"@type":"ListItem","position":2,"name":"Zawieszenie zaj\u0119\u0107 stacjonarnych w grupie Rusa\u0142ki"}]},{"@type":"WebSite","@id":"https:\/\/www.przedszkole161.pl\/#website","url":"https:\/\/www.przedszkole161.pl\/","name":"Przedszkole im. Ksi\u0119cia Przemys\u0142awa 161","description":"","potentialAction":[{"@type":"SearchAction","target":{"@type":"EntryPoint","urlTemplate":"https:\/\/www.przedszkole161.pl\/?s={search_term_string}"},"query-input":{"@type":"PropertyValueSpecification","valueRequired":true,"valueName":"search_term_string"}}],"inLanguage":"pl-PL"},{"@type":"Person","@id":"https:\/\/www.przedszkole161.pl\/#\/schema\/person\/673325371d681555a8b67c870d21faac","name":"Magda Dulemba","image":{"@type":"ImageObject","inLanguage":"pl-PL","@id":"https:\/\/secure.gravatar.com\/avatar\/f6f4cc73208d68c67fc19e1f80620e23d66ef2a923cb26a6d726fbc6a55bbcbc?s=96&d=mm&r=g","url":"https:\/\/secure.gravatar.com\/avatar\/f6f4cc73208d68c67fc19e1f80620e23d66ef2a923cb26a6d726fbc6a55bbcbc?s=96&d=mm&r=g","contentUrl":"https:\/\/secure.gravatar.com\/avatar\/f6f4cc73208d68c67fc19e1f80620e23d66ef2a923cb26a6d726fbc6a55bbcbc?s=96&d=mm&r=g","caption":"Magda Dulemba"},"url":"https:\/\/ple161.poznan.pl\/?author=2"}]}},"_links":{"self":[{"href":"https:\/\/ple161.poznan.pl\/index.php?rest_route=\/wp\/v2\/posts\/5605","targetHints":{"allow":["GET"]}}],"collection":[{"href":"https:\/\/ple161.poznan.pl\/index.php?rest_route=\/wp\/v2\/posts"}],"about":[{"href":"https:\/\/ple161.poznan.pl\/index.php?rest_route=\/wp\/v2\/types\/post"}],"author":[{"embeddable":true,"href":"https:\/\/ple161.poznan.pl\/index.php?rest_route=\/wp\/v2\/users\/2"}],"replies":[{"embeddable":true,"href":"https:\/\/ple161.poznan.pl\/index.php?rest_route=%2Fwp%2Fv2%2Fcomments&post=5605"}],"version-history":[{"count":2,"href":"https:\/\/ple161.poznan.pl\/index.php?rest_route=\/wp\/v2\/posts\/5605\/revisions"}],"predecessor-version":[{"id":5607,"href":"https:\/\/ple161.poznan.pl\/index.php?rest_route=\/wp\/v2\/posts\/5605\/revisions\/5607"}],"wp:featuredmedia":[{"embeddable":true,"href":"https:\/\/ple161.poznan.pl\/index.php?rest_route=\/wp\/v2\/media\/4123"}],"wp:attachment":[{"href":"https:\/\/ple161.poznan.pl\/index.php?rest_route=%2Fwp%2Fv2%2Fmedia&parent=5605"}],"wp:term":[{"taxonomy":"category","embeddable":true,"href":"https:\/\/ple161.poznan.pl\/index.php?rest_route=%2Fwp%2Fv2%2Fcategories&post=5605"},{"taxonomy":"post_tag","embeddable":true,"href":"https:\/\/ple161.poznan.pl\/index.php?rest_route=%2Fwp%2Fv2%2Ftags&post=5605"}],"curies":[{"name":"wp","href":"https:\/\/api.w.org\/{rel}","templated":true}]}}