{"id":5531,"date":"2021-02-11T13:06:36","date_gmt":"2021-02-11T12:06:36","guid":{"rendered":"http:\/\/ple161.poznan.pl\/?p=5531"},"modified":"2021-02-11T19:08:40","modified_gmt":"2021-02-11T18:08:40","slug":"zajecia-z-zumby-i-yogi","status":"publish","type":"post","link":"https:\/\/ple161.poznan.pl\/?p=5531","title":{"rendered":"Zaj\u0119cia z Zumby i Yogi"},"content":{"rendered":"\n<div class=\"wp-block-image\"><figure class=\"aligncenter size-large\"><a href=\"https:\/\/ple161.poznan.pl\/wp-content\/uploads\/2021\/02\/obraz.png\"><img loading=\"lazy\" decoding=\"async\" width=\"350\" height=\"144\" src=\"https:\/\/ple161.poznan.pl\/wp-content\/uploads\/2021\/02\/obraz.png\" alt=\"\" class=\"wp-image-5532\" srcset=\"https:\/\/ple161.poznan.pl\/wp-content\/uploads\/2021\/02\/obraz.png 350w, https:\/\/ple161.poznan.pl\/wp-content\/uploads\/2021\/02\/obraz-300x123.png 300w\" sizes=\"auto, (max-width: 350px) 100vw, 350px\" \/><\/a><\/figure><\/div>\n\n\n\n<h3 class=\"has-text-align-center has-vivid-red-color has-text-color wp-block-heading\">#B\u0105d\u017aw przedszkolu i zr\u00f3b sw\u00f3j trening!<\/h3>\n\n\n\n<p class=\"has-text-align-center\">Pandemia nadal nie odpuszcza, mamy coraz mniej ruchu i energii, dlatego\u2026 czas na zmiany!!!!<br>Od marca zapraszamy na du\u017c\u0105 dawk\u0119 energii i dobrego nastroju.<br>Certyfikowana instruktorka fitnessu p. Magda. W,<br>zaprasza dzieci z wszystkich grup na bezp\u0142atne zaj\u0119cia z Jogi i Zumby dla dzieci.<br>Zaj\u0119cia b\u0119d\u0105 odbywa\u0107 si\u0119 dwa razy w miesi\u0105cu w godzinach porannych.<\/p>\n\n\n\n<div class=\"wp-block-image\"><figure class=\"aligncenter size-large\"><a href=\"https:\/\/ple161.poznan.pl\/wp-content\/uploads\/2021\/02\/obraz-1.png\"><img loading=\"lazy\" decoding=\"async\" width=\"502\" height=\"331\" src=\"https:\/\/ple161.poznan.pl\/wp-content\/uploads\/2021\/02\/obraz-1.png\" alt=\"\" class=\"wp-image-5533\" srcset=\"https:\/\/ple161.poznan.pl\/wp-content\/uploads\/2021\/02\/obraz-1.png 502w, https:\/\/ple161.poznan.pl\/wp-content\/uploads\/2021\/02\/obraz-1-300x198.png 300w\" sizes=\"auto, (max-width: 502px) 100vw, 502px\" \/><\/a><\/figure><\/div>\n","protected":false},"excerpt":{"rendered":"<p>#B\u0105d\u017aw przedszkolu i zr\u00f3b sw\u00f3j trening! Pandemia nadal nie odpuszcza, mamy coraz mniej ruchu i energii, dlatego\u2026 czas na zmiany!!!!Od marca zapraszamy na du\u017c\u0105 dawk\u0119 energii i dobrego nastroju.Certyfikowana instruktorka fitnessu p. Magda. W,zaprasza dzieci z wszystkich grup na bezp\u0142atne zaj\u0119cia z Jogi i Zumby dla dzieci.Zaj\u0119cia b\u0119d\u0105 odbywa\u0107 si\u0119 dwa razy w miesi\u0105cu w [&hellip;]<\/p>\n","protected":false},"author":2,"featured_media":5532,"comment_status":"closed","ping_status":"closed","sticky":false,"template":"","format":"standard","meta":{"ngg_post_thumbnail":0,"footnotes":""},"categories":[4,1],"tags":[],"class_list":["post-5531","post","type-post","status-publish","format-standard","has-post-thumbnail","hentry","category-aktualnosci","category-wydarzenia"],"yoast_head":"<!-- This site is optimized with the Yoast SEO plugin v27.5 - https:\/\/yoast.com\/product\/yoast-seo-wordpress\/ -->\n<title>Zaj\u0119cia z Zumby i Yogi - Przedszkole im. Ksi\u0119cia Przemys\u0142awa<\/title>\n<meta name=\"robots\" content=\"noindex, follow\" \/>\n<meta property=\"og:locale\" content=\"pl_PL\" \/>\n<meta property=\"og:type\" content=\"article\" \/>\n<meta property=\"og:title\" content=\"Zaj\u0119cia z Zumby i Yogi - Przedszkole im. Ksi\u0119cia Przemys\u0142awa\" \/>\n<meta property=\"og:description\" content=\"#B\u0105d\u017aw przedszkolu i zr\u00f3b sw\u00f3j trening! Pandemia nadal nie odpuszcza, mamy coraz mniej ruchu i energii, dlatego\u2026 czas na zmiany!!!!Od marca zapraszamy na du\u017c\u0105 dawk\u0119 energii i dobrego nastroju.Certyfikowana instruktorka fitnessu p. Magda. W,zaprasza dzieci z wszystkich grup na bezp\u0142atne zaj\u0119cia z Jogi i Zumby dla dzieci.Zaj\u0119cia b\u0119d\u0105 odbywa\u0107 si\u0119 dwa razy w miesi\u0105cu w [&hellip;]\" \/>\n<meta property=\"og:url\" content=\"https:\/\/www.przedszkole161.pl\/?p=5531\" \/>\n<meta property=\"og:site_name\" content=\"Przedszkole im. Ksi\u0119cia Przemys\u0142awa\" \/>\n<meta property=\"article:published_time\" content=\"2021-02-11T12:06:36+00:00\" \/>\n<meta property=\"article:modified_time\" content=\"2021-02-11T18:08:40+00:00\" \/>\n<meta property=\"og:image\" content=\"https:\/\/www.przedszkole161.pl\/wp-content\/uploads\/2021\/02\/obraz.png\" \/>\n\t<meta property=\"og:image:width\" content=\"350\" \/>\n\t<meta property=\"og:image:height\" content=\"144\" \/>\n\t<meta property=\"og:image:type\" content=\"image\/png\" \/>\n<meta name=\"author\" content=\"Magda Dulemba\" \/>\n<meta name=\"twitter:card\" content=\"summary_large_image\" \/>\n<meta name=\"twitter:label1\" content=\"Napisane przez\" \/>\n\t<meta name=\"twitter:data1\" content=\"Magda Dulemba\" \/>\n<script type=\"application\/ld+json\" class=\"yoast-schema-graph\">{\"@context\":\"https:\\\/\\\/schema.org\",\"@graph\":[{\"@type\":\"Article\",\"@id\":\"https:\\\/\\\/www.przedszkole161.pl\\\/?p=5531#article\",\"isPartOf\":{\"@id\":\"https:\\\/\\\/www.przedszkole161.pl\\\/?p=5531\"},\"author\":{\"name\":\"Magda Dulemba\",\"@id\":\"https:\\\/\\\/www.przedszkole161.pl\\\/#\\\/schema\\\/person\\\/673325371d681555a8b67c870d21faac\"},\"headline\":\"Zaj\u0119cia z Zumby i Yogi\",\"datePublished\":\"2021-02-11T12:06:36+00:00\",\"dateModified\":\"2021-02-11T18:08:40+00:00\",\"mainEntityOfPage\":{\"@id\":\"https:\\\/\\\/www.przedszkole161.pl\\\/?p=5531\"},\"wordCount\":76,\"image\":{\"@id\":\"https:\\\/\\\/www.przedszkole161.pl\\\/?p=5531#primaryimage\"},\"thumbnailUrl\":\"https:\\\/\\\/ple161.poznan.pl\\\/wp-content\\\/uploads\\\/2021\\\/02\\\/obraz.png\",\"articleSection\":[\"Aktualno\u015bci\",\"Wydarzenia\"],\"inLanguage\":\"pl-PL\"},{\"@type\":\"WebPage\",\"@id\":\"https:\\\/\\\/www.przedszkole161.pl\\\/?p=5531\",\"url\":\"https:\\\/\\\/www.przedszkole161.pl\\\/?p=5531\",\"name\":\"Zaj\u0119cia z Zumby i Yogi - Przedszkole im. Ksi\u0119cia Przemys\u0142awa\",\"isPartOf\":{\"@id\":\"https:\\\/\\\/www.przedszkole161.pl\\\/#website\"},\"primaryImageOfPage\":{\"@id\":\"https:\\\/\\\/www.przedszkole161.pl\\\/?p=5531#primaryimage\"},\"image\":{\"@id\":\"https:\\\/\\\/www.przedszkole161.pl\\\/?p=5531#primaryimage\"},\"thumbnailUrl\":\"https:\\\/\\\/ple161.poznan.pl\\\/wp-content\\\/uploads\\\/2021\\\/02\\\/obraz.png\",\"datePublished\":\"2021-02-11T12:06:36+00:00\",\"dateModified\":\"2021-02-11T18:08:40+00:00\",\"author\":{\"@id\":\"https:\\\/\\\/www.przedszkole161.pl\\\/#\\\/schema\\\/person\\\/673325371d681555a8b67c870d21faac\"},\"breadcrumb\":{\"@id\":\"https:\\\/\\\/www.przedszkole161.pl\\\/?p=5531#breadcrumb\"},\"inLanguage\":\"pl-PL\",\"potentialAction\":[{\"@type\":\"ReadAction\",\"target\":[\"https:\\\/\\\/www.przedszkole161.pl\\\/?p=5531\"]}]},{\"@type\":\"ImageObject\",\"inLanguage\":\"pl-PL\",\"@id\":\"https:\\\/\\\/www.przedszkole161.pl\\\/?p=5531#primaryimage\",\"url\":\"https:\\\/\\\/ple161.poznan.pl\\\/wp-content\\\/uploads\\\/2021\\\/02\\\/obraz.png\",\"contentUrl\":\"https:\\\/\\\/ple161.poznan.pl\\\/wp-content\\\/uploads\\\/2021\\\/02\\\/obraz.png\",\"width\":350,\"height\":144},{\"@type\":\"BreadcrumbList\",\"@id\":\"https:\\\/\\\/www.przedszkole161.pl\\\/?p=5531#breadcrumb\",\"itemListElement\":[{\"@type\":\"ListItem\",\"position\":1,\"name\":\"Strona g\u0142\u00f3wna\",\"item\":\"https:\\\/\\\/www.przedszkole161.pl\\\/\"},{\"@type\":\"ListItem\",\"position\":2,\"name\":\"Zaj\u0119cia z Zumby i Yogi\"}]},{\"@type\":\"WebSite\",\"@id\":\"https:\\\/\\\/www.przedszkole161.pl\\\/#website\",\"url\":\"https:\\\/\\\/www.przedszkole161.pl\\\/\",\"name\":\"Przedszkole im. Ksi\u0119cia Przemys\u0142awa 161\",\"description\":\"\",\"potentialAction\":[{\"@type\":\"SearchAction\",\"target\":{\"@type\":\"EntryPoint\",\"urlTemplate\":\"https:\\\/\\\/www.przedszkole161.pl\\\/?s={search_term_string}\"},\"query-input\":{\"@type\":\"PropertyValueSpecification\",\"valueRequired\":true,\"valueName\":\"search_term_string\"}}],\"inLanguage\":\"pl-PL\"},{\"@type\":\"Person\",\"@id\":\"https:\\\/\\\/www.przedszkole161.pl\\\/#\\\/schema\\\/person\\\/673325371d681555a8b67c870d21faac\",\"name\":\"Magda Dulemba\",\"image\":{\"@type\":\"ImageObject\",\"inLanguage\":\"pl-PL\",\"@id\":\"https:\\\/\\\/secure.gravatar.com\\\/avatar\\\/f6f4cc73208d68c67fc19e1f80620e23d66ef2a923cb26a6d726fbc6a55bbcbc?s=96&d=mm&r=g\",\"url\":\"https:\\\/\\\/secure.gravatar.com\\\/avatar\\\/f6f4cc73208d68c67fc19e1f80620e23d66ef2a923cb26a6d726fbc6a55bbcbc?s=96&d=mm&r=g\",\"contentUrl\":\"https:\\\/\\\/secure.gravatar.com\\\/avatar\\\/f6f4cc73208d68c67fc19e1f80620e23d66ef2a923cb26a6d726fbc6a55bbcbc?s=96&d=mm&r=g\",\"caption\":\"Magda Dulemba\"},\"url\":\"https:\\\/\\\/ple161.poznan.pl\\\/?author=2\"}]}<\/script>\n<!-- \/ Yoast SEO plugin. -->","yoast_head_json":{"title":"Zaj\u0119cia z Zumby i Yogi - Przedszkole im. Ksi\u0119cia Przemys\u0142awa","robots":{"index":"noindex","follow":"follow"},"og_locale":"pl_PL","og_type":"article","og_title":"Zaj\u0119cia z Zumby i Yogi - Przedszkole im. Ksi\u0119cia Przemys\u0142awa","og_description":"#B\u0105d\u017aw przedszkolu i zr\u00f3b sw\u00f3j trening! Pandemia nadal nie odpuszcza, mamy coraz mniej ruchu i energii, dlatego\u2026 czas na zmiany!!!!Od marca zapraszamy na du\u017c\u0105 dawk\u0119 energii i dobrego nastroju.Certyfikowana instruktorka fitnessu p. Magda. W,zaprasza dzieci z wszystkich grup na bezp\u0142atne zaj\u0119cia z Jogi i Zumby dla dzieci.Zaj\u0119cia b\u0119d\u0105 odbywa\u0107 si\u0119 dwa razy w miesi\u0105cu w [&hellip;]","og_url":"https:\/\/www.przedszkole161.pl\/?p=5531","og_site_name":"Przedszkole im. Ksi\u0119cia Przemys\u0142awa","article_published_time":"2021-02-11T12:06:36+00:00","article_modified_time":"2021-02-11T18:08:40+00:00","og_image":[{"width":350,"height":144,"url":"https:\/\/www.przedszkole161.pl\/wp-content\/uploads\/2021\/02\/obraz.png","type":"image\/png"}],"author":"Magda Dulemba","twitter_card":"summary_large_image","twitter_misc":{"Napisane przez":"Magda Dulemba"},"schema":{"@context":"https:\/\/schema.org","@graph":[{"@type":"Article","@id":"https:\/\/www.przedszkole161.pl\/?p=5531#article","isPartOf":{"@id":"https:\/\/www.przedszkole161.pl\/?p=5531"},"author":{"name":"Magda Dulemba","@id":"https:\/\/www.przedszkole161.pl\/#\/schema\/person\/673325371d681555a8b67c870d21faac"},"headline":"Zaj\u0119cia z Zumby i Yogi","datePublished":"2021-02-11T12:06:36+00:00","dateModified":"2021-02-11T18:08:40+00:00","mainEntityOfPage":{"@id":"https:\/\/www.przedszkole161.pl\/?p=5531"},"wordCount":76,"image":{"@id":"https:\/\/www.przedszkole161.pl\/?p=5531#primaryimage"},"thumbnailUrl":"https:\/\/ple161.poznan.pl\/wp-content\/uploads\/2021\/02\/obraz.png","articleSection":["Aktualno\u015bci","Wydarzenia"],"inLanguage":"pl-PL"},{"@type":"WebPage","@id":"https:\/\/www.przedszkole161.pl\/?p=5531","url":"https:\/\/www.przedszkole161.pl\/?p=5531","name":"Zaj\u0119cia z Zumby i Yogi - Przedszkole im. Ksi\u0119cia Przemys\u0142awa","isPartOf":{"@id":"https:\/\/www.przedszkole161.pl\/#website"},"primaryImageOfPage":{"@id":"https:\/\/www.przedszkole161.pl\/?p=5531#primaryimage"},"image":{"@id":"https:\/\/www.przedszkole161.pl\/?p=5531#primaryimage"},"thumbnailUrl":"https:\/\/ple161.poznan.pl\/wp-content\/uploads\/2021\/02\/obraz.png","datePublished":"2021-02-11T12:06:36+00:00","dateModified":"2021-02-11T18:08:40+00:00","author":{"@id":"https:\/\/www.przedszkole161.pl\/#\/schema\/person\/673325371d681555a8b67c870d21faac"},"breadcrumb":{"@id":"https:\/\/www.przedszkole161.pl\/?p=5531#breadcrumb"},"inLanguage":"pl-PL","potentialAction":[{"@type":"ReadAction","target":["https:\/\/www.przedszkole161.pl\/?p=5531"]}]},{"@type":"ImageObject","inLanguage":"pl-PL","@id":"https:\/\/www.przedszkole161.pl\/?p=5531#primaryimage","url":"https:\/\/ple161.poznan.pl\/wp-content\/uploads\/2021\/02\/obraz.png","contentUrl":"https:\/\/ple161.poznan.pl\/wp-content\/uploads\/2021\/02\/obraz.png","width":350,"height":144},{"@type":"BreadcrumbList","@id":"https:\/\/www.przedszkole161.pl\/?p=5531#breadcrumb","itemListElement":[{"@type":"ListItem","position":1,"name":"Strona g\u0142\u00f3wna","item":"https:\/\/www.przedszkole161.pl\/"},{"@type":"ListItem","position":2,"name":"Zaj\u0119cia z Zumby i Yogi"}]},{"@type":"WebSite","@id":"https:\/\/www.przedszkole161.pl\/#website","url":"https:\/\/www.przedszkole161.pl\/","name":"Przedszkole im. Ksi\u0119cia Przemys\u0142awa 161","description":"","potentialAction":[{"@type":"SearchAction","target":{"@type":"EntryPoint","urlTemplate":"https:\/\/www.przedszkole161.pl\/?s={search_term_string}"},"query-input":{"@type":"PropertyValueSpecification","valueRequired":true,"valueName":"search_term_string"}}],"inLanguage":"pl-PL"},{"@type":"Person","@id":"https:\/\/www.przedszkole161.pl\/#\/schema\/person\/673325371d681555a8b67c870d21faac","name":"Magda Dulemba","image":{"@type":"ImageObject","inLanguage":"pl-PL","@id":"https:\/\/secure.gravatar.com\/avatar\/f6f4cc73208d68c67fc19e1f80620e23d66ef2a923cb26a6d726fbc6a55bbcbc?s=96&d=mm&r=g","url":"https:\/\/secure.gravatar.com\/avatar\/f6f4cc73208d68c67fc19e1f80620e23d66ef2a923cb26a6d726fbc6a55bbcbc?s=96&d=mm&r=g","contentUrl":"https:\/\/secure.gravatar.com\/avatar\/f6f4cc73208d68c67fc19e1f80620e23d66ef2a923cb26a6d726fbc6a55bbcbc?s=96&d=mm&r=g","caption":"Magda Dulemba"},"url":"https:\/\/ple161.poznan.pl\/?author=2"}]}},"_links":{"self":[{"href":"https:\/\/ple161.poznan.pl\/index.php?rest_route=\/wp\/v2\/posts\/5531","targetHints":{"allow":["GET"]}}],"collection":[{"href":"https:\/\/ple161.poznan.pl\/index.php?rest_route=\/wp\/v2\/posts"}],"about":[{"href":"https:\/\/ple161.poznan.pl\/index.php?rest_route=\/wp\/v2\/types\/post"}],"author":[{"embeddable":true,"href":"https:\/\/ple161.poznan.pl\/index.php?rest_route=\/wp\/v2\/users\/2"}],"replies":[{"embeddable":true,"href":"https:\/\/ple161.poznan.pl\/index.php?rest_route=%2Fwp%2Fv2%2Fcomments&post=5531"}],"version-history":[{"count":2,"href":"https:\/\/ple161.poznan.pl\/index.php?rest_route=\/wp\/v2\/posts\/5531\/revisions"}],"predecessor-version":[{"id":5539,"href":"https:\/\/ple161.poznan.pl\/index.php?rest_route=\/wp\/v2\/posts\/5531\/revisions\/5539"}],"wp:featuredmedia":[{"embeddable":true,"href":"https:\/\/ple161.poznan.pl\/index.php?rest_route=\/wp\/v2\/media\/5532"}],"wp:attachment":[{"href":"https:\/\/ple161.poznan.pl\/index.php?rest_route=%2Fwp%2Fv2%2Fmedia&parent=5531"}],"wp:term":[{"taxonomy":"category","embeddable":true,"href":"https:\/\/ple161.poznan.pl\/index.php?rest_route=%2Fwp%2Fv2%2Fcategories&post=5531"},{"taxonomy":"post_tag","embeddable":true,"href":"https:\/\/ple161.poznan.pl\/index.php?rest_route=%2Fwp%2Fv2%2Ftags&post=5531"}],"curies":[{"name":"wp","href":"https:\/\/api.w.org\/{rel}","templated":true}]}}