{"id":5417,"date":"2020-10-28T19:12:00","date_gmt":"2020-10-28T18:12:00","guid":{"rendered":"http:\/\/ple161.poznan.pl\/?p=5417"},"modified":"2020-11-12T13:41:55","modified_gmt":"2020-11-12T12:41:55","slug":"pasowanie-na-przedszkolaka","status":"publish","type":"post","link":"https:\/\/ple161.poznan.pl\/?p=5417","title":{"rendered":"Pasowanie na Przedszkolaka"},"content":{"rendered":"\n<p><br>Dzie\u0144 28 pa\u017adziernika 2020r. pozostanie na d\u0142ugo w pami\u0119ci dzieci z grupy &#8222;Maltanie&#8221;.Tego w\u0142a\u015bnie dnia odby\u0142a si\u0119 pierwsza wa\u017cna przedszkolna uroczysto\u015b\u0107 ,,Pasowanie na Przedszkolaka&#8221;. Uroczysto\u015b\u0107 rozpocz\u0119\u0142a si\u0119 od przedstawienia kr\u00f3tkiej cz\u0119\u015bci artystycznej, w kt\u00f3rej maluszki zaprezentowa\u0142y swoje umiej\u0119tno\u015bci.  Po cz\u0119\u015bci artystycznej nast\u0105pi\u0142 akt pasowania, czyli dotkni\u0119cie ramienia ka\u017cdego przedszkolaka du\u017c\u0105 kredk\u0105 przez Pani\u0105 Dyrektor. Na pami\u0105tk\u0119 tego wa\u017cnego wydarzenia ka\u017cdy przedszkolak otrzyma\u0142 dyplom pasowania i medal.<\/p>\n\n\n\n<figure class=\"wp-block-gallery columns-3 is-cropped wp-block-gallery-1 is-layout-flex wp-block-gallery-is-layout-flex\"><ul class=\"blocks-gallery-grid\"><li class=\"blocks-gallery-item\"><figure><img loading=\"lazy\" decoding=\"async\" width=\"718\" height=\"1024\" src=\"https:\/\/ple161.poznan.pl\/wp-content\/uploads\/2020\/11\/pasowanie-1-718x1024.jpg\" alt=\"\" data-id=\"5420\" data-full-url=\"https:\/\/ple161.poznan.pl\/wp-content\/uploads\/2020\/11\/pasowanie-1-scaled.jpg\" data-link=\"https:\/\/ple161.poznan.pl\/?attachment_id=5420\" class=\"wp-image-5420\" srcset=\"https:\/\/ple161.poznan.pl\/wp-content\/uploads\/2020\/11\/pasowanie-1-718x1024.jpg 718w, https:\/\/ple161.poznan.pl\/wp-content\/uploads\/2020\/11\/pasowanie-1-210x300.jpg 210w, https:\/\/ple161.poznan.pl\/wp-content\/uploads\/2020\/11\/pasowanie-1-768x1096.jpg 768w, https:\/\/ple161.poznan.pl\/wp-content\/uploads\/2020\/11\/pasowanie-1-1077x1536.jpg 1077w, https:\/\/ple161.poznan.pl\/wp-content\/uploads\/2020\/11\/pasowanie-1-1436x2048.jpg 1436w, https:\/\/ple161.poznan.pl\/wp-content\/uploads\/2020\/11\/pasowanie-1-scaled.jpg 1794w\" sizes=\"auto, (max-width: 718px) 100vw, 718px\" \/><\/figure><\/li><li class=\"blocks-gallery-item\"><figure><img loading=\"lazy\" decoding=\"async\" width=\"1024\" height=\"522\" src=\"https:\/\/ple161.poznan.pl\/wp-content\/uploads\/2020\/11\/pasowanie-2-1024x522.jpg\" alt=\"\" data-id=\"5421\" data-full-url=\"https:\/\/ple161.poznan.pl\/wp-content\/uploads\/2020\/11\/pasowanie-2-scaled.jpg\" data-link=\"https:\/\/ple161.poznan.pl\/?attachment_id=5421\" class=\"wp-image-5421\" srcset=\"https:\/\/ple161.poznan.pl\/wp-content\/uploads\/2020\/11\/pasowanie-2-1024x522.jpg 1024w, https:\/\/ple161.poznan.pl\/wp-content\/uploads\/2020\/11\/pasowanie-2-300x153.jpg 300w, https:\/\/ple161.poznan.pl\/wp-content\/uploads\/2020\/11\/pasowanie-2-768x391.jpg 768w, https:\/\/ple161.poznan.pl\/wp-content\/uploads\/2020\/11\/pasowanie-2-1536x783.jpg 1536w, https:\/\/ple161.poznan.pl\/wp-content\/uploads\/2020\/11\/pasowanie-2-2048x1044.jpg 2048w\" sizes=\"auto, (max-width: 1024px) 100vw, 1024px\" \/><\/figure><\/li><li class=\"blocks-gallery-item\"><figure><img loading=\"lazy\" decoding=\"async\" width=\"617\" height=\"1024\" src=\"https:\/\/ple161.poznan.pl\/wp-content\/uploads\/2020\/11\/pasowanie-3-617x1024.jpg\" alt=\"\" data-id=\"5422\" data-full-url=\"https:\/\/ple161.poznan.pl\/wp-content\/uploads\/2020\/11\/pasowanie-3-scaled.jpg\" data-link=\"https:\/\/ple161.poznan.pl\/?attachment_id=5422\" class=\"wp-image-5422\" srcset=\"https:\/\/ple161.poznan.pl\/wp-content\/uploads\/2020\/11\/pasowanie-3-617x1024.jpg 617w, https:\/\/ple161.poznan.pl\/wp-content\/uploads\/2020\/11\/pasowanie-3-181x300.jpg 181w, https:\/\/ple161.poznan.pl\/wp-content\/uploads\/2020\/11\/pasowanie-3-768x1276.jpg 768w, https:\/\/ple161.poznan.pl\/wp-content\/uploads\/2020\/11\/pasowanie-3-925x1536.jpg 925w, https:\/\/ple161.poznan.pl\/wp-content\/uploads\/2020\/11\/pasowanie-3-1233x2048.jpg 1233w, https:\/\/ple161.poznan.pl\/wp-content\/uploads\/2020\/11\/pasowanie-3-scaled.jpg 1541w\" sizes=\"auto, (max-width: 617px) 100vw, 617px\" \/><\/figure><\/li><li class=\"blocks-gallery-item\"><figure><img loading=\"lazy\" decoding=\"async\" width=\"1024\" height=\"505\" src=\"https:\/\/ple161.poznan.pl\/wp-content\/uploads\/2020\/11\/pasowanie-4-1-1024x505.jpeg\" alt=\"\" data-id=\"5423\" data-full-url=\"https:\/\/ple161.poznan.pl\/wp-content\/uploads\/2020\/11\/pasowanie-4-1.jpeg\" data-link=\"https:\/\/ple161.poznan.pl\/?attachment_id=5423\" class=\"wp-image-5423\" srcset=\"https:\/\/ple161.poznan.pl\/wp-content\/uploads\/2020\/11\/pasowanie-4-1-1024x505.jpeg 1024w, https:\/\/ple161.poznan.pl\/wp-content\/uploads\/2020\/11\/pasowanie-4-1-300x148.jpeg 300w, https:\/\/ple161.poznan.pl\/wp-content\/uploads\/2020\/11\/pasowanie-4-1-768x379.jpeg 768w, https:\/\/ple161.poznan.pl\/wp-content\/uploads\/2020\/11\/pasowanie-4-1.jpeg 1501w\" sizes=\"auto, (max-width: 1024px) 100vw, 1024px\" \/><\/figure><\/li><li class=\"blocks-gallery-item\"><figure><img loading=\"lazy\" decoding=\"async\" width=\"1024\" height=\"995\" src=\"https:\/\/ple161.poznan.pl\/wp-content\/uploads\/2020\/11\/pasowanie-5-1024x995.jpg\" alt=\"\" data-id=\"5424\" data-full-url=\"https:\/\/ple161.poznan.pl\/wp-content\/uploads\/2020\/11\/pasowanie-5-scaled.jpg\" data-link=\"https:\/\/ple161.poznan.pl\/?attachment_id=5424\" class=\"wp-image-5424\" srcset=\"https:\/\/ple161.poznan.pl\/wp-content\/uploads\/2020\/11\/pasowanie-5-1024x995.jpg 1024w, https:\/\/ple161.poznan.pl\/wp-content\/uploads\/2020\/11\/pasowanie-5-300x291.jpg 300w, https:\/\/ple161.poznan.pl\/wp-content\/uploads\/2020\/11\/pasowanie-5-768x746.jpg 768w, https:\/\/ple161.poznan.pl\/wp-content\/uploads\/2020\/11\/pasowanie-5-1536x1492.jpg 1536w, https:\/\/ple161.poznan.pl\/wp-content\/uploads\/2020\/11\/pasowanie-5-2048x1989.jpg 2048w\" sizes=\"auto, (max-width: 1024px) 100vw, 1024px\" \/><\/figure><\/li><\/ul><\/figure>\n","protected":false},"excerpt":{"rendered":"<p>Dzie\u0144 28 pa\u017adziernika 2020r. pozostanie na d\u0142ugo w pami\u0119ci dzieci z grupy &#8222;Maltanie&#8221;.Tego w\u0142a\u015bnie dnia odby\u0142a si\u0119 pierwsza wa\u017cna przedszkolna uroczysto\u015b\u0107 ,,Pasowanie na Przedszkolaka&#8221;. Uroczysto\u015b\u0107 rozpocz\u0119\u0142a si\u0119 od przedstawienia kr\u00f3tkiej cz\u0119\u015bci artystycznej, w kt\u00f3rej maluszki zaprezentowa\u0142y swoje umiej\u0119tno\u015bci. Po cz\u0119\u015bci artystycznej nast\u0105pi\u0142 akt pasowania, czyli dotkni\u0119cie ramienia ka\u017cdego przedszkolaka du\u017c\u0105 kredk\u0105 przez Pani\u0105 Dyrektor. Na [&hellip;]<\/p>\n","protected":false},"author":2,"featured_media":5418,"comment_status":"closed","ping_status":"closed","sticky":false,"template":"","format":"standard","meta":{"ngg_post_thumbnail":0,"footnotes":""},"categories":[4,1],"tags":[],"class_list":["post-5417","post","type-post","status-publish","format-standard","has-post-thumbnail","hentry","category-aktualnosci","category-wydarzenia"],"yoast_head":"<!-- This site is optimized with the Yoast SEO plugin v27.5 - https:\/\/yoast.com\/product\/yoast-seo-wordpress\/ -->\n<title>Pasowanie na Przedszkolaka - Przedszkole im. Ksi\u0119cia Przemys\u0142awa<\/title>\n<meta name=\"robots\" content=\"noindex, follow\" \/>\n<meta property=\"og:locale\" content=\"pl_PL\" \/>\n<meta property=\"og:type\" content=\"article\" \/>\n<meta property=\"og:title\" content=\"Pasowanie na Przedszkolaka - Przedszkole im. Ksi\u0119cia Przemys\u0142awa\" \/>\n<meta property=\"og:description\" content=\"Dzie\u0144 28 pa\u017adziernika 2020r. pozostanie na d\u0142ugo w pami\u0119ci dzieci z grupy &#8222;Maltanie&#8221;.Tego w\u0142a\u015bnie dnia odby\u0142a si\u0119 pierwsza wa\u017cna przedszkolna uroczysto\u015b\u0107 ,,Pasowanie na Przedszkolaka&#8221;. Uroczysto\u015b\u0107 rozpocz\u0119\u0142a si\u0119 od przedstawienia kr\u00f3tkiej cz\u0119\u015bci artystycznej, w kt\u00f3rej maluszki zaprezentowa\u0142y swoje umiej\u0119tno\u015bci. Po cz\u0119\u015bci artystycznej nast\u0105pi\u0142 akt pasowania, czyli dotkni\u0119cie ramienia ka\u017cdego przedszkolaka du\u017c\u0105 kredk\u0105 przez Pani\u0105 Dyrektor. Na [&hellip;]\" \/>\n<meta property=\"og:url\" content=\"https:\/\/www.przedszkole161.pl\/?p=5417\" \/>\n<meta property=\"og:site_name\" content=\"Przedszkole im. Ksi\u0119cia Przemys\u0142awa\" \/>\n<meta property=\"article:published_time\" content=\"2020-10-28T18:12:00+00:00\" \/>\n<meta property=\"article:modified_time\" content=\"2020-11-12T12:41:55+00:00\" \/>\n<meta property=\"og:image\" content=\"https:\/\/www.przedszkole161.pl\/wp-content\/uploads\/2020\/11\/pasowanie-4.jpeg\" \/>\n\t<meta property=\"og:image:width\" content=\"1501\" \/>\n\t<meta property=\"og:image:height\" content=\"740\" \/>\n\t<meta property=\"og:image:type\" content=\"image\/jpeg\" \/>\n<meta name=\"author\" content=\"Magda Dulemba\" \/>\n<meta name=\"twitter:card\" content=\"summary_large_image\" \/>\n<meta name=\"twitter:label1\" content=\"Napisane przez\" \/>\n\t<meta name=\"twitter:data1\" content=\"Magda Dulemba\" \/>\n<script type=\"application\/ld+json\" class=\"yoast-schema-graph\">{\"@context\":\"https:\\\/\\\/schema.org\",\"@graph\":[{\"@type\":\"Article\",\"@id\":\"https:\\\/\\\/www.przedszkole161.pl\\\/?p=5417#article\",\"isPartOf\":{\"@id\":\"https:\\\/\\\/www.przedszkole161.pl\\\/?p=5417\"},\"author\":{\"name\":\"Magda Dulemba\",\"@id\":\"https:\\\/\\\/www.przedszkole161.pl\\\/#\\\/schema\\\/person\\\/673325371d681555a8b67c870d21faac\"},\"headline\":\"Pasowanie na Przedszkolaka\",\"datePublished\":\"2020-10-28T18:12:00+00:00\",\"dateModified\":\"2020-11-12T12:41:55+00:00\",\"mainEntityOfPage\":{\"@id\":\"https:\\\/\\\/www.przedszkole161.pl\\\/?p=5417\"},\"wordCount\":90,\"image\":{\"@id\":\"https:\\\/\\\/www.przedszkole161.pl\\\/?p=5417#primaryimage\"},\"thumbnailUrl\":\"https:\\\/\\\/ple161.poznan.pl\\\/wp-content\\\/uploads\\\/2020\\\/11\\\/pasowanie-4.jpeg\",\"articleSection\":[\"Aktualno\u015bci\",\"Wydarzenia\"],\"inLanguage\":\"pl-PL\"},{\"@type\":\"WebPage\",\"@id\":\"https:\\\/\\\/www.przedszkole161.pl\\\/?p=5417\",\"url\":\"https:\\\/\\\/www.przedszkole161.pl\\\/?p=5417\",\"name\":\"Pasowanie na Przedszkolaka - Przedszkole im. Ksi\u0119cia Przemys\u0142awa\",\"isPartOf\":{\"@id\":\"https:\\\/\\\/www.przedszkole161.pl\\\/#website\"},\"primaryImageOfPage\":{\"@id\":\"https:\\\/\\\/www.przedszkole161.pl\\\/?p=5417#primaryimage\"},\"image\":{\"@id\":\"https:\\\/\\\/www.przedszkole161.pl\\\/?p=5417#primaryimage\"},\"thumbnailUrl\":\"https:\\\/\\\/ple161.poznan.pl\\\/wp-content\\\/uploads\\\/2020\\\/11\\\/pasowanie-4.jpeg\",\"datePublished\":\"2020-10-28T18:12:00+00:00\",\"dateModified\":\"2020-11-12T12:41:55+00:00\",\"author\":{\"@id\":\"https:\\\/\\\/www.przedszkole161.pl\\\/#\\\/schema\\\/person\\\/673325371d681555a8b67c870d21faac\"},\"breadcrumb\":{\"@id\":\"https:\\\/\\\/www.przedszkole161.pl\\\/?p=5417#breadcrumb\"},\"inLanguage\":\"pl-PL\",\"potentialAction\":[{\"@type\":\"ReadAction\",\"target\":[\"https:\\\/\\\/www.przedszkole161.pl\\\/?p=5417\"]}]},{\"@type\":\"ImageObject\",\"inLanguage\":\"pl-PL\",\"@id\":\"https:\\\/\\\/www.przedszkole161.pl\\\/?p=5417#primaryimage\",\"url\":\"https:\\\/\\\/ple161.poznan.pl\\\/wp-content\\\/uploads\\\/2020\\\/11\\\/pasowanie-4.jpeg\",\"contentUrl\":\"https:\\\/\\\/ple161.poznan.pl\\\/wp-content\\\/uploads\\\/2020\\\/11\\\/pasowanie-4.jpeg\",\"width\":1501,\"height\":740},{\"@type\":\"BreadcrumbList\",\"@id\":\"https:\\\/\\\/www.przedszkole161.pl\\\/?p=5417#breadcrumb\",\"itemListElement\":[{\"@type\":\"ListItem\",\"position\":1,\"name\":\"Strona g\u0142\u00f3wna\",\"item\":\"https:\\\/\\\/www.przedszkole161.pl\\\/\"},{\"@type\":\"ListItem\",\"position\":2,\"name\":\"Pasowanie na Przedszkolaka\"}]},{\"@type\":\"WebSite\",\"@id\":\"https:\\\/\\\/www.przedszkole161.pl\\\/#website\",\"url\":\"https:\\\/\\\/www.przedszkole161.pl\\\/\",\"name\":\"Przedszkole im. Ksi\u0119cia Przemys\u0142awa 161\",\"description\":\"\",\"potentialAction\":[{\"@type\":\"SearchAction\",\"target\":{\"@type\":\"EntryPoint\",\"urlTemplate\":\"https:\\\/\\\/www.przedszkole161.pl\\\/?s={search_term_string}\"},\"query-input\":{\"@type\":\"PropertyValueSpecification\",\"valueRequired\":true,\"valueName\":\"search_term_string\"}}],\"inLanguage\":\"pl-PL\"},{\"@type\":\"Person\",\"@id\":\"https:\\\/\\\/www.przedszkole161.pl\\\/#\\\/schema\\\/person\\\/673325371d681555a8b67c870d21faac\",\"name\":\"Magda Dulemba\",\"image\":{\"@type\":\"ImageObject\",\"inLanguage\":\"pl-PL\",\"@id\":\"https:\\\/\\\/secure.gravatar.com\\\/avatar\\\/f6f4cc73208d68c67fc19e1f80620e23d66ef2a923cb26a6d726fbc6a55bbcbc?s=96&d=mm&r=g\",\"url\":\"https:\\\/\\\/secure.gravatar.com\\\/avatar\\\/f6f4cc73208d68c67fc19e1f80620e23d66ef2a923cb26a6d726fbc6a55bbcbc?s=96&d=mm&r=g\",\"contentUrl\":\"https:\\\/\\\/secure.gravatar.com\\\/avatar\\\/f6f4cc73208d68c67fc19e1f80620e23d66ef2a923cb26a6d726fbc6a55bbcbc?s=96&d=mm&r=g\",\"caption\":\"Magda Dulemba\"},\"url\":\"https:\\\/\\\/ple161.poznan.pl\\\/?author=2\"}]}<\/script>\n<!-- \/ Yoast SEO plugin. -->","yoast_head_json":{"title":"Pasowanie na Przedszkolaka - Przedszkole im. Ksi\u0119cia Przemys\u0142awa","robots":{"index":"noindex","follow":"follow"},"og_locale":"pl_PL","og_type":"article","og_title":"Pasowanie na Przedszkolaka - Przedszkole im. Ksi\u0119cia Przemys\u0142awa","og_description":"Dzie\u0144 28 pa\u017adziernika 2020r. pozostanie na d\u0142ugo w pami\u0119ci dzieci z grupy &#8222;Maltanie&#8221;.Tego w\u0142a\u015bnie dnia odby\u0142a si\u0119 pierwsza wa\u017cna przedszkolna uroczysto\u015b\u0107 ,,Pasowanie na Przedszkolaka&#8221;. Uroczysto\u015b\u0107 rozpocz\u0119\u0142a si\u0119 od przedstawienia kr\u00f3tkiej cz\u0119\u015bci artystycznej, w kt\u00f3rej maluszki zaprezentowa\u0142y swoje umiej\u0119tno\u015bci. Po cz\u0119\u015bci artystycznej nast\u0105pi\u0142 akt pasowania, czyli dotkni\u0119cie ramienia ka\u017cdego przedszkolaka du\u017c\u0105 kredk\u0105 przez Pani\u0105 Dyrektor. Na [&hellip;]","og_url":"https:\/\/www.przedszkole161.pl\/?p=5417","og_site_name":"Przedszkole im. Ksi\u0119cia Przemys\u0142awa","article_published_time":"2020-10-28T18:12:00+00:00","article_modified_time":"2020-11-12T12:41:55+00:00","og_image":[{"width":1501,"height":740,"url":"https:\/\/www.przedszkole161.pl\/wp-content\/uploads\/2020\/11\/pasowanie-4.jpeg","type":"image\/jpeg"}],"author":"Magda Dulemba","twitter_card":"summary_large_image","twitter_misc":{"Napisane przez":"Magda Dulemba"},"schema":{"@context":"https:\/\/schema.org","@graph":[{"@type":"Article","@id":"https:\/\/www.przedszkole161.pl\/?p=5417#article","isPartOf":{"@id":"https:\/\/www.przedszkole161.pl\/?p=5417"},"author":{"name":"Magda Dulemba","@id":"https:\/\/www.przedszkole161.pl\/#\/schema\/person\/673325371d681555a8b67c870d21faac"},"headline":"Pasowanie na Przedszkolaka","datePublished":"2020-10-28T18:12:00+00:00","dateModified":"2020-11-12T12:41:55+00:00","mainEntityOfPage":{"@id":"https:\/\/www.przedszkole161.pl\/?p=5417"},"wordCount":90,"image":{"@id":"https:\/\/www.przedszkole161.pl\/?p=5417#primaryimage"},"thumbnailUrl":"https:\/\/ple161.poznan.pl\/wp-content\/uploads\/2020\/11\/pasowanie-4.jpeg","articleSection":["Aktualno\u015bci","Wydarzenia"],"inLanguage":"pl-PL"},{"@type":"WebPage","@id":"https:\/\/www.przedszkole161.pl\/?p=5417","url":"https:\/\/www.przedszkole161.pl\/?p=5417","name":"Pasowanie na Przedszkolaka - Przedszkole im. Ksi\u0119cia Przemys\u0142awa","isPartOf":{"@id":"https:\/\/www.przedszkole161.pl\/#website"},"primaryImageOfPage":{"@id":"https:\/\/www.przedszkole161.pl\/?p=5417#primaryimage"},"image":{"@id":"https:\/\/www.przedszkole161.pl\/?p=5417#primaryimage"},"thumbnailUrl":"https:\/\/ple161.poznan.pl\/wp-content\/uploads\/2020\/11\/pasowanie-4.jpeg","datePublished":"2020-10-28T18:12:00+00:00","dateModified":"2020-11-12T12:41:55+00:00","author":{"@id":"https:\/\/www.przedszkole161.pl\/#\/schema\/person\/673325371d681555a8b67c870d21faac"},"breadcrumb":{"@id":"https:\/\/www.przedszkole161.pl\/?p=5417#breadcrumb"},"inLanguage":"pl-PL","potentialAction":[{"@type":"ReadAction","target":["https:\/\/www.przedszkole161.pl\/?p=5417"]}]},{"@type":"ImageObject","inLanguage":"pl-PL","@id":"https:\/\/www.przedszkole161.pl\/?p=5417#primaryimage","url":"https:\/\/ple161.poznan.pl\/wp-content\/uploads\/2020\/11\/pasowanie-4.jpeg","contentUrl":"https:\/\/ple161.poznan.pl\/wp-content\/uploads\/2020\/11\/pasowanie-4.jpeg","width":1501,"height":740},{"@type":"BreadcrumbList","@id":"https:\/\/www.przedszkole161.pl\/?p=5417#breadcrumb","itemListElement":[{"@type":"ListItem","position":1,"name":"Strona g\u0142\u00f3wna","item":"https:\/\/www.przedszkole161.pl\/"},{"@type":"ListItem","position":2,"name":"Pasowanie na Przedszkolaka"}]},{"@type":"WebSite","@id":"https:\/\/www.przedszkole161.pl\/#website","url":"https:\/\/www.przedszkole161.pl\/","name":"Przedszkole im. Ksi\u0119cia Przemys\u0142awa 161","description":"","potentialAction":[{"@type":"SearchAction","target":{"@type":"EntryPoint","urlTemplate":"https:\/\/www.przedszkole161.pl\/?s={search_term_string}"},"query-input":{"@type":"PropertyValueSpecification","valueRequired":true,"valueName":"search_term_string"}}],"inLanguage":"pl-PL"},{"@type":"Person","@id":"https:\/\/www.przedszkole161.pl\/#\/schema\/person\/673325371d681555a8b67c870d21faac","name":"Magda Dulemba","image":{"@type":"ImageObject","inLanguage":"pl-PL","@id":"https:\/\/secure.gravatar.com\/avatar\/f6f4cc73208d68c67fc19e1f80620e23d66ef2a923cb26a6d726fbc6a55bbcbc?s=96&d=mm&r=g","url":"https:\/\/secure.gravatar.com\/avatar\/f6f4cc73208d68c67fc19e1f80620e23d66ef2a923cb26a6d726fbc6a55bbcbc?s=96&d=mm&r=g","contentUrl":"https:\/\/secure.gravatar.com\/avatar\/f6f4cc73208d68c67fc19e1f80620e23d66ef2a923cb26a6d726fbc6a55bbcbc?s=96&d=mm&r=g","caption":"Magda Dulemba"},"url":"https:\/\/ple161.poznan.pl\/?author=2"}]}},"_links":{"self":[{"href":"https:\/\/ple161.poznan.pl\/index.php?rest_route=\/wp\/v2\/posts\/5417","targetHints":{"allow":["GET"]}}],"collection":[{"href":"https:\/\/ple161.poznan.pl\/index.php?rest_route=\/wp\/v2\/posts"}],"about":[{"href":"https:\/\/ple161.poznan.pl\/index.php?rest_route=\/wp\/v2\/types\/post"}],"author":[{"embeddable":true,"href":"https:\/\/ple161.poznan.pl\/index.php?rest_route=\/wp\/v2\/users\/2"}],"replies":[{"embeddable":true,"href":"https:\/\/ple161.poznan.pl\/index.php?rest_route=%2Fwp%2Fv2%2Fcomments&post=5417"}],"version-history":[{"count":3,"href":"https:\/\/ple161.poznan.pl\/index.php?rest_route=\/wp\/v2\/posts\/5417\/revisions"}],"predecessor-version":[{"id":5438,"href":"https:\/\/ple161.poznan.pl\/index.php?rest_route=\/wp\/v2\/posts\/5417\/revisions\/5438"}],"wp:featuredmedia":[{"embeddable":true,"href":"https:\/\/ple161.poznan.pl\/index.php?rest_route=\/wp\/v2\/media\/5418"}],"wp:attachment":[{"href":"https:\/\/ple161.poznan.pl\/index.php?rest_route=%2Fwp%2Fv2%2Fmedia&parent=5417"}],"wp:term":[{"taxonomy":"category","embeddable":true,"href":"https:\/\/ple161.poznan.pl\/index.php?rest_route=%2Fwp%2Fv2%2Fcategories&post=5417"},{"taxonomy":"post_tag","embeddable":true,"href":"https:\/\/ple161.poznan.pl\/index.php?rest_route=%2Fwp%2Fv2%2Ftags&post=5417"}],"curies":[{"name":"wp","href":"https:\/\/api.w.org\/{rel}","templated":true}]}}