{"id":5243,"date":"2020-08-13T09:55:25","date_gmt":"2020-08-13T08:55:25","guid":{"rendered":"http:\/\/ple161.poznan.pl\/?p=5243"},"modified":"2021-10-25T11:12:28","modified_gmt":"2021-10-25T10:12:28","slug":"aneks-nr-2-do-zasad-organizacji-pobytu-dzieci-w-przedszkolu-oraz-procedur-bezpieczenstwa-na-terenie-placowki-w-okresie-covid-19","status":"publish","type":"post","link":"https:\/\/ple161.poznan.pl\/?p=5243","title":{"rendered":""},"content":{"rendered":"\n<p><strong>ANEKS NR 2<\/strong> do Zasad organizacji pobytu dzieci w przedszkolu oraz procedur bezpiecze\u0144stwa na terenie plac\u00f3wki w okresie COVID-19<\/p>\n\n\n\n<p>Za\u0142\u0105cznik w <a href=\"https:\/\/ple161.poznan.pl\/wp-content\/uploads\/2020\/08\/Za\u0142a\u0328cznik-nr-1.pdf\">pliku<\/a><\/p>\n","protected":false},"excerpt":{"rendered":"<p>ANEKS NR 2 do Zasad organizacji pobytu dzieci w przedszkolu oraz procedur bezpiecze\u0144stwa na terenie plac\u00f3wki w okresie COVID-19 Za\u0142\u0105cznik w pliku<\/p>\n","protected":false},"author":1,"featured_media":4123,"comment_status":"closed","ping_status":"closed","sticky":false,"template":"","format":"standard","meta":{"ngg_post_thumbnail":0,"footnotes":""},"categories":[4],"tags":[],"class_list":["post-5243","post","type-post","status-publish","format-standard","has-post-thumbnail","hentry","category-aktualnosci"],"yoast_head":"<!-- This site is optimized with the Yoast SEO plugin v27.5 - https:\/\/yoast.com\/product\/yoast-seo-wordpress\/ -->\n<title>- Przedszkole im. Ksi\u0119cia Przemys\u0142awa<\/title>\n<meta name=\"robots\" content=\"noindex, follow\" \/>\n<meta property=\"og:locale\" content=\"pl_PL\" \/>\n<meta property=\"og:type\" content=\"article\" \/>\n<meta property=\"og:title\" content=\"- Przedszkole im. Ksi\u0119cia Przemys\u0142awa\" \/>\n<meta property=\"og:description\" content=\"ANEKS NR 2 do Zasad organizacji pobytu dzieci w przedszkolu oraz procedur bezpiecze\u0144stwa na terenie plac\u00f3wki w okresie COVID-19 Za\u0142\u0105cznik w pliku\" \/>\n<meta property=\"og:url\" content=\"https:\/\/www.przedszkole161.pl\/?p=5243\" \/>\n<meta property=\"og:site_name\" content=\"Przedszkole im. Ksi\u0119cia Przemys\u0142awa\" \/>\n<meta property=\"article:published_time\" content=\"2020-08-13T08:55:25+00:00\" \/>\n<meta property=\"article:modified_time\" content=\"2021-10-25T10:12:28+00:00\" \/>\n<meta property=\"og:image\" content=\"https:\/\/www.przedszkole161.pl\/wp-content\/uploads\/2020\/03\/uwaga-e1583847823253.jpg\" \/>\n\t<meta property=\"og:image:width\" content=\"183\" \/>\n\t<meta property=\"og:image:height\" content=\"125\" \/>\n\t<meta property=\"og:image:type\" content=\"image\/jpeg\" \/>\n<meta name=\"author\" content=\"admin\" \/>\n<meta name=\"twitter:card\" content=\"summary_large_image\" \/>\n<meta name=\"twitter:label1\" content=\"Napisane przez\" \/>\n\t<meta name=\"twitter:data1\" content=\"admin\" \/>\n<script type=\"application\/ld+json\" class=\"yoast-schema-graph\">{\"@context\":\"https:\\\/\\\/schema.org\",\"@graph\":[{\"@type\":\"Article\",\"@id\":\"https:\\\/\\\/www.przedszkole161.pl\\\/?p=5243#article\",\"isPartOf\":{\"@id\":\"https:\\\/\\\/www.przedszkole161.pl\\\/?p=5243\"},\"author\":{\"name\":\"admin\",\"@id\":\"https:\\\/\\\/www.przedszkole161.pl\\\/#\\\/schema\\\/person\\\/03e40d29f4293c23e5172b2b6bc43339\"},\"headline\":\"Brak tytu\u0142u\",\"datePublished\":\"2020-08-13T08:55:25+00:00\",\"dateModified\":\"2021-10-25T10:12:28+00:00\",\"mainEntityOfPage\":{\"@id\":\"https:\\\/\\\/www.przedszkole161.pl\\\/?p=5243\"},\"wordCount\":24,\"image\":{\"@id\":\"https:\\\/\\\/www.przedszkole161.pl\\\/?p=5243#primaryimage\"},\"thumbnailUrl\":\"https:\\\/\\\/ple161.poznan.pl\\\/wp-content\\\/uploads\\\/2020\\\/03\\\/uwaga-e1583847823253.jpg\",\"articleSection\":[\"Aktualno\u015bci\"],\"inLanguage\":\"pl-PL\"},{\"@type\":\"WebPage\",\"@id\":\"https:\\\/\\\/www.przedszkole161.pl\\\/?p=5243\",\"url\":\"https:\\\/\\\/www.przedszkole161.pl\\\/?p=5243\",\"name\":\"- Przedszkole im. Ksi\u0119cia Przemys\u0142awa\",\"isPartOf\":{\"@id\":\"https:\\\/\\\/www.przedszkole161.pl\\\/#website\"},\"primaryImageOfPage\":{\"@id\":\"https:\\\/\\\/www.przedszkole161.pl\\\/?p=5243#primaryimage\"},\"image\":{\"@id\":\"https:\\\/\\\/www.przedszkole161.pl\\\/?p=5243#primaryimage\"},\"thumbnailUrl\":\"https:\\\/\\\/ple161.poznan.pl\\\/wp-content\\\/uploads\\\/2020\\\/03\\\/uwaga-e1583847823253.jpg\",\"datePublished\":\"2020-08-13T08:55:25+00:00\",\"dateModified\":\"2021-10-25T10:12:28+00:00\",\"author\":{\"@id\":\"https:\\\/\\\/www.przedszkole161.pl\\\/#\\\/schema\\\/person\\\/03e40d29f4293c23e5172b2b6bc43339\"},\"inLanguage\":\"pl-PL\",\"potentialAction\":[{\"@type\":\"ReadAction\",\"target\":[\"https:\\\/\\\/www.przedszkole161.pl\\\/?p=5243\"]}]},{\"@type\":\"ImageObject\",\"inLanguage\":\"pl-PL\",\"@id\":\"https:\\\/\\\/www.przedszkole161.pl\\\/?p=5243#primaryimage\",\"url\":\"https:\\\/\\\/ple161.poznan.pl\\\/wp-content\\\/uploads\\\/2020\\\/03\\\/uwaga-e1583847823253.jpg\",\"contentUrl\":\"https:\\\/\\\/ple161.poznan.pl\\\/wp-content\\\/uploads\\\/2020\\\/03\\\/uwaga-e1583847823253.jpg\",\"width\":183,\"height\":125},{\"@type\":\"WebSite\",\"@id\":\"https:\\\/\\\/www.przedszkole161.pl\\\/#website\",\"url\":\"https:\\\/\\\/www.przedszkole161.pl\\\/\",\"name\":\"Przedszkole im. Ksi\u0119cia Przemys\u0142awa 161\",\"description\":\"\",\"potentialAction\":[{\"@type\":\"SearchAction\",\"target\":{\"@type\":\"EntryPoint\",\"urlTemplate\":\"https:\\\/\\\/www.przedszkole161.pl\\\/?s={search_term_string}\"},\"query-input\":{\"@type\":\"PropertyValueSpecification\",\"valueRequired\":true,\"valueName\":\"search_term_string\"}}],\"inLanguage\":\"pl-PL\"},{\"@type\":\"Person\",\"@id\":\"https:\\\/\\\/www.przedszkole161.pl\\\/#\\\/schema\\\/person\\\/03e40d29f4293c23e5172b2b6bc43339\",\"name\":\"admin\",\"image\":{\"@type\":\"ImageObject\",\"inLanguage\":\"pl-PL\",\"@id\":\"https:\\\/\\\/secure.gravatar.com\\\/avatar\\\/4025755b160f5acceb2199066750e437e7ceb8174283641a56ab90b3ff74089c?s=96&d=mm&r=g\",\"url\":\"https:\\\/\\\/secure.gravatar.com\\\/avatar\\\/4025755b160f5acceb2199066750e437e7ceb8174283641a56ab90b3ff74089c?s=96&d=mm&r=g\",\"contentUrl\":\"https:\\\/\\\/secure.gravatar.com\\\/avatar\\\/4025755b160f5acceb2199066750e437e7ceb8174283641a56ab90b3ff74089c?s=96&d=mm&r=g\",\"caption\":\"admin\"},\"url\":\"https:\\\/\\\/ple161.poznan.pl\\\/?author=1\"}]}<\/script>\n<!-- \/ Yoast SEO plugin. -->","yoast_head_json":{"title":"- Przedszkole im. Ksi\u0119cia Przemys\u0142awa","robots":{"index":"noindex","follow":"follow"},"og_locale":"pl_PL","og_type":"article","og_title":"- Przedszkole im. Ksi\u0119cia Przemys\u0142awa","og_description":"ANEKS NR 2 do Zasad organizacji pobytu dzieci w przedszkolu oraz procedur bezpiecze\u0144stwa na terenie plac\u00f3wki w okresie COVID-19 Za\u0142\u0105cznik w pliku","og_url":"https:\/\/www.przedszkole161.pl\/?p=5243","og_site_name":"Przedszkole im. Ksi\u0119cia Przemys\u0142awa","article_published_time":"2020-08-13T08:55:25+00:00","article_modified_time":"2021-10-25T10:12:28+00:00","og_image":[{"width":183,"height":125,"url":"https:\/\/www.przedszkole161.pl\/wp-content\/uploads\/2020\/03\/uwaga-e1583847823253.jpg","type":"image\/jpeg"}],"author":"admin","twitter_card":"summary_large_image","twitter_misc":{"Napisane przez":"admin"},"schema":{"@context":"https:\/\/schema.org","@graph":[{"@type":"Article","@id":"https:\/\/www.przedszkole161.pl\/?p=5243#article","isPartOf":{"@id":"https:\/\/www.przedszkole161.pl\/?p=5243"},"author":{"name":"admin","@id":"https:\/\/www.przedszkole161.pl\/#\/schema\/person\/03e40d29f4293c23e5172b2b6bc43339"},"headline":"Brak tytu\u0142u","datePublished":"2020-08-13T08:55:25+00:00","dateModified":"2021-10-25T10:12:28+00:00","mainEntityOfPage":{"@id":"https:\/\/www.przedszkole161.pl\/?p=5243"},"wordCount":24,"image":{"@id":"https:\/\/www.przedszkole161.pl\/?p=5243#primaryimage"},"thumbnailUrl":"https:\/\/ple161.poznan.pl\/wp-content\/uploads\/2020\/03\/uwaga-e1583847823253.jpg","articleSection":["Aktualno\u015bci"],"inLanguage":"pl-PL"},{"@type":"WebPage","@id":"https:\/\/www.przedszkole161.pl\/?p=5243","url":"https:\/\/www.przedszkole161.pl\/?p=5243","name":"- Przedszkole im. Ksi\u0119cia Przemys\u0142awa","isPartOf":{"@id":"https:\/\/www.przedszkole161.pl\/#website"},"primaryImageOfPage":{"@id":"https:\/\/www.przedszkole161.pl\/?p=5243#primaryimage"},"image":{"@id":"https:\/\/www.przedszkole161.pl\/?p=5243#primaryimage"},"thumbnailUrl":"https:\/\/ple161.poznan.pl\/wp-content\/uploads\/2020\/03\/uwaga-e1583847823253.jpg","datePublished":"2020-08-13T08:55:25+00:00","dateModified":"2021-10-25T10:12:28+00:00","author":{"@id":"https:\/\/www.przedszkole161.pl\/#\/schema\/person\/03e40d29f4293c23e5172b2b6bc43339"},"inLanguage":"pl-PL","potentialAction":[{"@type":"ReadAction","target":["https:\/\/www.przedszkole161.pl\/?p=5243"]}]},{"@type":"ImageObject","inLanguage":"pl-PL","@id":"https:\/\/www.przedszkole161.pl\/?p=5243#primaryimage","url":"https:\/\/ple161.poznan.pl\/wp-content\/uploads\/2020\/03\/uwaga-e1583847823253.jpg","contentUrl":"https:\/\/ple161.poznan.pl\/wp-content\/uploads\/2020\/03\/uwaga-e1583847823253.jpg","width":183,"height":125},{"@type":"WebSite","@id":"https:\/\/www.przedszkole161.pl\/#website","url":"https:\/\/www.przedszkole161.pl\/","name":"Przedszkole im. Ksi\u0119cia Przemys\u0142awa 161","description":"","potentialAction":[{"@type":"SearchAction","target":{"@type":"EntryPoint","urlTemplate":"https:\/\/www.przedszkole161.pl\/?s={search_term_string}"},"query-input":{"@type":"PropertyValueSpecification","valueRequired":true,"valueName":"search_term_string"}}],"inLanguage":"pl-PL"},{"@type":"Person","@id":"https:\/\/www.przedszkole161.pl\/#\/schema\/person\/03e40d29f4293c23e5172b2b6bc43339","name":"admin","image":{"@type":"ImageObject","inLanguage":"pl-PL","@id":"https:\/\/secure.gravatar.com\/avatar\/4025755b160f5acceb2199066750e437e7ceb8174283641a56ab90b3ff74089c?s=96&d=mm&r=g","url":"https:\/\/secure.gravatar.com\/avatar\/4025755b160f5acceb2199066750e437e7ceb8174283641a56ab90b3ff74089c?s=96&d=mm&r=g","contentUrl":"https:\/\/secure.gravatar.com\/avatar\/4025755b160f5acceb2199066750e437e7ceb8174283641a56ab90b3ff74089c?s=96&d=mm&r=g","caption":"admin"},"url":"https:\/\/ple161.poznan.pl\/?author=1"}]}},"_links":{"self":[{"href":"https:\/\/ple161.poznan.pl\/index.php?rest_route=\/wp\/v2\/posts\/5243","targetHints":{"allow":["GET"]}}],"collection":[{"href":"https:\/\/ple161.poznan.pl\/index.php?rest_route=\/wp\/v2\/posts"}],"about":[{"href":"https:\/\/ple161.poznan.pl\/index.php?rest_route=\/wp\/v2\/types\/post"}],"author":[{"embeddable":true,"href":"https:\/\/ple161.poznan.pl\/index.php?rest_route=\/wp\/v2\/users\/1"}],"replies":[{"embeddable":true,"href":"https:\/\/ple161.poznan.pl\/index.php?rest_route=%2Fwp%2Fv2%2Fcomments&post=5243"}],"version-history":[{"count":3,"href":"https:\/\/ple161.poznan.pl\/index.php?rest_route=\/wp\/v2\/posts\/5243\/revisions"}],"predecessor-version":[{"id":5406,"href":"https:\/\/ple161.poznan.pl\/index.php?rest_route=\/wp\/v2\/posts\/5243\/revisions\/5406"}],"wp:featuredmedia":[{"embeddable":true,"href":"https:\/\/ple161.poznan.pl\/index.php?rest_route=\/wp\/v2\/media\/4123"}],"wp:attachment":[{"href":"https:\/\/ple161.poznan.pl\/index.php?rest_route=%2Fwp%2Fv2%2Fmedia&parent=5243"}],"wp:term":[{"taxonomy":"category","embeddable":true,"href":"https:\/\/ple161.poznan.pl\/index.php?rest_route=%2Fwp%2Fv2%2Fcategories&post=5243"},{"taxonomy":"post_tag","embeddable":true,"href":"https:\/\/ple161.poznan.pl\/index.php?rest_route=%2Fwp%2Fv2%2Ftags&post=5243"}],"curies":[{"name":"wp","href":"https:\/\/api.w.org\/{rel}","templated":true}]}}