{"id":5131,"date":"2020-06-09T07:24:41","date_gmt":"2020-06-09T06:24:41","guid":{"rendered":"http:\/\/ple161.poznan.pl\/?p=5131"},"modified":"2020-06-09T07:24:42","modified_gmt":"2020-06-09T06:24:42","slug":"aneks-nr-1-do-zasad-organizacji-pobytu-dzieci-w-przedszkolu-oraz-procedur-bezpieczenstwa-na-terenie-placowki-w-okresie-covid-19","status":"publish","type":"post","link":"https:\/\/ple161.poznan.pl\/?p=5131","title":{"rendered":"ANEKS NR 1 do Zasad organizacji pobytu dzieci w przedszkolu oraz procedur bezpiecze\u0144stwa na terenie plac\u00f3wki w okresie COVID-19"},"content":{"rendered":"\n<p>Za\u0142\u0105cznik <a href=\"https:\/\/ple161.poznan.pl\/wp-content\/uploads\/2020\/06\/Za\u0142\u0105cznik-nr-1.pdf\">w pliku<\/a><\/p>\n","protected":false},"excerpt":{"rendered":"<p>Za\u0142\u0105cznik w pliku<\/p>\n","protected":false},"author":2,"featured_media":4123,"comment_status":"closed","ping_status":"closed","sticky":false,"template":"","format":"standard","meta":{"ngg_post_thumbnail":0,"footnotes":""},"categories":[4],"tags":[],"class_list":["post-5131","post","type-post","status-publish","format-standard","has-post-thumbnail","hentry","category-aktualnosci"],"yoast_head":"<!-- This site is optimized with the Yoast SEO plugin v27.5 - https:\/\/yoast.com\/product\/yoast-seo-wordpress\/ -->\n<title>ANEKS NR 1 do Zasad organizacji pobytu dzieci w przedszkolu oraz procedur bezpiecze\u0144stwa na terenie plac\u00f3wki w okresie COVID-19 - Przedszkole im. Ksi\u0119cia Przemys\u0142awa<\/title>\n<meta name=\"robots\" content=\"noindex, follow\" \/>\n<meta property=\"og:locale\" content=\"pl_PL\" \/>\n<meta property=\"og:type\" content=\"article\" \/>\n<meta property=\"og:title\" content=\"ANEKS NR 1 do Zasad organizacji pobytu dzieci w przedszkolu oraz procedur bezpiecze\u0144stwa na terenie plac\u00f3wki w okresie COVID-19 - Przedszkole im. Ksi\u0119cia Przemys\u0142awa\" \/>\n<meta property=\"og:description\" content=\"Za\u0142\u0105cznik w pliku\" \/>\n<meta property=\"og:url\" content=\"https:\/\/www.przedszkole161.pl\/?p=5131\" \/>\n<meta property=\"og:site_name\" content=\"Przedszkole im. Ksi\u0119cia Przemys\u0142awa\" \/>\n<meta property=\"article:published_time\" content=\"2020-06-09T06:24:41+00:00\" \/>\n<meta property=\"article:modified_time\" content=\"2020-06-09T06:24:42+00:00\" \/>\n<meta property=\"og:image\" content=\"https:\/\/www.przedszkole161.pl\/wp-content\/uploads\/2020\/03\/uwaga-e1583847823253.jpg\" \/>\n\t<meta property=\"og:image:width\" content=\"183\" \/>\n\t<meta property=\"og:image:height\" content=\"125\" \/>\n\t<meta property=\"og:image:type\" content=\"image\/jpeg\" \/>\n<meta name=\"author\" content=\"Magda Dulemba\" \/>\n<meta name=\"twitter:card\" content=\"summary_large_image\" \/>\n<meta name=\"twitter:label1\" content=\"Napisane przez\" \/>\n\t<meta name=\"twitter:data1\" content=\"Magda Dulemba\" \/>\n<script type=\"application\/ld+json\" class=\"yoast-schema-graph\">{\"@context\":\"https:\\\/\\\/schema.org\",\"@graph\":[{\"@type\":\"Article\",\"@id\":\"https:\\\/\\\/www.przedszkole161.pl\\\/?p=5131#article\",\"isPartOf\":{\"@id\":\"https:\\\/\\\/www.przedszkole161.pl\\\/?p=5131\"},\"author\":{\"name\":\"Magda Dulemba\",\"@id\":\"https:\\\/\\\/www.przedszkole161.pl\\\/#\\\/schema\\\/person\\\/673325371d681555a8b67c870d21faac\"},\"headline\":\"ANEKS NR 1 do Zasad organizacji pobytu dzieci w przedszkolu oraz procedur bezpiecze\u0144stwa na terenie plac\u00f3wki w okresie COVID-19\",\"datePublished\":\"2020-06-09T06:24:41+00:00\",\"dateModified\":\"2020-06-09T06:24:42+00:00\",\"mainEntityOfPage\":{\"@id\":\"https:\\\/\\\/www.przedszkole161.pl\\\/?p=5131\"},\"wordCount\":24,\"image\":{\"@id\":\"https:\\\/\\\/www.przedszkole161.pl\\\/?p=5131#primaryimage\"},\"thumbnailUrl\":\"https:\\\/\\\/ple161.poznan.pl\\\/wp-content\\\/uploads\\\/2020\\\/03\\\/uwaga-e1583847823253.jpg\",\"articleSection\":[\"Aktualno\u015bci\"],\"inLanguage\":\"pl-PL\"},{\"@type\":\"WebPage\",\"@id\":\"https:\\\/\\\/www.przedszkole161.pl\\\/?p=5131\",\"url\":\"https:\\\/\\\/www.przedszkole161.pl\\\/?p=5131\",\"name\":\"ANEKS NR 1 do Zasad organizacji pobytu dzieci w przedszkolu oraz procedur bezpiecze\u0144stwa na terenie plac\u00f3wki w okresie COVID-19 - Przedszkole im. Ksi\u0119cia Przemys\u0142awa\",\"isPartOf\":{\"@id\":\"https:\\\/\\\/www.przedszkole161.pl\\\/#website\"},\"primaryImageOfPage\":{\"@id\":\"https:\\\/\\\/www.przedszkole161.pl\\\/?p=5131#primaryimage\"},\"image\":{\"@id\":\"https:\\\/\\\/www.przedszkole161.pl\\\/?p=5131#primaryimage\"},\"thumbnailUrl\":\"https:\\\/\\\/ple161.poznan.pl\\\/wp-content\\\/uploads\\\/2020\\\/03\\\/uwaga-e1583847823253.jpg\",\"datePublished\":\"2020-06-09T06:24:41+00:00\",\"dateModified\":\"2020-06-09T06:24:42+00:00\",\"author\":{\"@id\":\"https:\\\/\\\/www.przedszkole161.pl\\\/#\\\/schema\\\/person\\\/673325371d681555a8b67c870d21faac\"},\"breadcrumb\":{\"@id\":\"https:\\\/\\\/www.przedszkole161.pl\\\/?p=5131#breadcrumb\"},\"inLanguage\":\"pl-PL\",\"potentialAction\":[{\"@type\":\"ReadAction\",\"target\":[\"https:\\\/\\\/www.przedszkole161.pl\\\/?p=5131\"]}]},{\"@type\":\"ImageObject\",\"inLanguage\":\"pl-PL\",\"@id\":\"https:\\\/\\\/www.przedszkole161.pl\\\/?p=5131#primaryimage\",\"url\":\"https:\\\/\\\/ple161.poznan.pl\\\/wp-content\\\/uploads\\\/2020\\\/03\\\/uwaga-e1583847823253.jpg\",\"contentUrl\":\"https:\\\/\\\/ple161.poznan.pl\\\/wp-content\\\/uploads\\\/2020\\\/03\\\/uwaga-e1583847823253.jpg\",\"width\":183,\"height\":125},{\"@type\":\"BreadcrumbList\",\"@id\":\"https:\\\/\\\/www.przedszkole161.pl\\\/?p=5131#breadcrumb\",\"itemListElement\":[{\"@type\":\"ListItem\",\"position\":1,\"name\":\"Strona g\u0142\u00f3wna\",\"item\":\"https:\\\/\\\/www.przedszkole161.pl\\\/\"},{\"@type\":\"ListItem\",\"position\":2,\"name\":\"ANEKS NR 1 do Zasad organizacji pobytu dzieci w przedszkolu oraz procedur bezpiecze\u0144stwa na terenie plac\u00f3wki w okresie COVID-19\"}]},{\"@type\":\"WebSite\",\"@id\":\"https:\\\/\\\/www.przedszkole161.pl\\\/#website\",\"url\":\"https:\\\/\\\/www.przedszkole161.pl\\\/\",\"name\":\"Przedszkole im. Ksi\u0119cia Przemys\u0142awa 161\",\"description\":\"\",\"potentialAction\":[{\"@type\":\"SearchAction\",\"target\":{\"@type\":\"EntryPoint\",\"urlTemplate\":\"https:\\\/\\\/www.przedszkole161.pl\\\/?s={search_term_string}\"},\"query-input\":{\"@type\":\"PropertyValueSpecification\",\"valueRequired\":true,\"valueName\":\"search_term_string\"}}],\"inLanguage\":\"pl-PL\"},{\"@type\":\"Person\",\"@id\":\"https:\\\/\\\/www.przedszkole161.pl\\\/#\\\/schema\\\/person\\\/673325371d681555a8b67c870d21faac\",\"name\":\"Magda Dulemba\",\"image\":{\"@type\":\"ImageObject\",\"inLanguage\":\"pl-PL\",\"@id\":\"https:\\\/\\\/secure.gravatar.com\\\/avatar\\\/f6f4cc73208d68c67fc19e1f80620e23d66ef2a923cb26a6d726fbc6a55bbcbc?s=96&d=mm&r=g\",\"url\":\"https:\\\/\\\/secure.gravatar.com\\\/avatar\\\/f6f4cc73208d68c67fc19e1f80620e23d66ef2a923cb26a6d726fbc6a55bbcbc?s=96&d=mm&r=g\",\"contentUrl\":\"https:\\\/\\\/secure.gravatar.com\\\/avatar\\\/f6f4cc73208d68c67fc19e1f80620e23d66ef2a923cb26a6d726fbc6a55bbcbc?s=96&d=mm&r=g\",\"caption\":\"Magda Dulemba\"},\"url\":\"https:\\\/\\\/ple161.poznan.pl\\\/?author=2\"}]}<\/script>\n<!-- \/ Yoast SEO plugin. -->","yoast_head_json":{"title":"ANEKS NR 1 do Zasad organizacji pobytu dzieci w przedszkolu oraz procedur bezpiecze\u0144stwa na terenie plac\u00f3wki w okresie COVID-19 - Przedszkole im. Ksi\u0119cia Przemys\u0142awa","robots":{"index":"noindex","follow":"follow"},"og_locale":"pl_PL","og_type":"article","og_title":"ANEKS NR 1 do Zasad organizacji pobytu dzieci w przedszkolu oraz procedur bezpiecze\u0144stwa na terenie plac\u00f3wki w okresie COVID-19 - Przedszkole im. Ksi\u0119cia Przemys\u0142awa","og_description":"Za\u0142\u0105cznik w pliku","og_url":"https:\/\/www.przedszkole161.pl\/?p=5131","og_site_name":"Przedszkole im. Ksi\u0119cia Przemys\u0142awa","article_published_time":"2020-06-09T06:24:41+00:00","article_modified_time":"2020-06-09T06:24:42+00:00","og_image":[{"width":183,"height":125,"url":"https:\/\/www.przedszkole161.pl\/wp-content\/uploads\/2020\/03\/uwaga-e1583847823253.jpg","type":"image\/jpeg"}],"author":"Magda Dulemba","twitter_card":"summary_large_image","twitter_misc":{"Napisane przez":"Magda Dulemba"},"schema":{"@context":"https:\/\/schema.org","@graph":[{"@type":"Article","@id":"https:\/\/www.przedszkole161.pl\/?p=5131#article","isPartOf":{"@id":"https:\/\/www.przedszkole161.pl\/?p=5131"},"author":{"name":"Magda Dulemba","@id":"https:\/\/www.przedszkole161.pl\/#\/schema\/person\/673325371d681555a8b67c870d21faac"},"headline":"ANEKS NR 1 do Zasad organizacji pobytu dzieci w przedszkolu oraz procedur bezpiecze\u0144stwa na terenie plac\u00f3wki w okresie COVID-19","datePublished":"2020-06-09T06:24:41+00:00","dateModified":"2020-06-09T06:24:42+00:00","mainEntityOfPage":{"@id":"https:\/\/www.przedszkole161.pl\/?p=5131"},"wordCount":24,"image":{"@id":"https:\/\/www.przedszkole161.pl\/?p=5131#primaryimage"},"thumbnailUrl":"https:\/\/ple161.poznan.pl\/wp-content\/uploads\/2020\/03\/uwaga-e1583847823253.jpg","articleSection":["Aktualno\u015bci"],"inLanguage":"pl-PL"},{"@type":"WebPage","@id":"https:\/\/www.przedszkole161.pl\/?p=5131","url":"https:\/\/www.przedszkole161.pl\/?p=5131","name":"ANEKS NR 1 do Zasad organizacji pobytu dzieci w przedszkolu oraz procedur bezpiecze\u0144stwa na terenie plac\u00f3wki w okresie COVID-19 - Przedszkole im. Ksi\u0119cia Przemys\u0142awa","isPartOf":{"@id":"https:\/\/www.przedszkole161.pl\/#website"},"primaryImageOfPage":{"@id":"https:\/\/www.przedszkole161.pl\/?p=5131#primaryimage"},"image":{"@id":"https:\/\/www.przedszkole161.pl\/?p=5131#primaryimage"},"thumbnailUrl":"https:\/\/ple161.poznan.pl\/wp-content\/uploads\/2020\/03\/uwaga-e1583847823253.jpg","datePublished":"2020-06-09T06:24:41+00:00","dateModified":"2020-06-09T06:24:42+00:00","author":{"@id":"https:\/\/www.przedszkole161.pl\/#\/schema\/person\/673325371d681555a8b67c870d21faac"},"breadcrumb":{"@id":"https:\/\/www.przedszkole161.pl\/?p=5131#breadcrumb"},"inLanguage":"pl-PL","potentialAction":[{"@type":"ReadAction","target":["https:\/\/www.przedszkole161.pl\/?p=5131"]}]},{"@type":"ImageObject","inLanguage":"pl-PL","@id":"https:\/\/www.przedszkole161.pl\/?p=5131#primaryimage","url":"https:\/\/ple161.poznan.pl\/wp-content\/uploads\/2020\/03\/uwaga-e1583847823253.jpg","contentUrl":"https:\/\/ple161.poznan.pl\/wp-content\/uploads\/2020\/03\/uwaga-e1583847823253.jpg","width":183,"height":125},{"@type":"BreadcrumbList","@id":"https:\/\/www.przedszkole161.pl\/?p=5131#breadcrumb","itemListElement":[{"@type":"ListItem","position":1,"name":"Strona g\u0142\u00f3wna","item":"https:\/\/www.przedszkole161.pl\/"},{"@type":"ListItem","position":2,"name":"ANEKS NR 1 do Zasad organizacji pobytu dzieci w przedszkolu oraz procedur bezpiecze\u0144stwa na terenie plac\u00f3wki w okresie COVID-19"}]},{"@type":"WebSite","@id":"https:\/\/www.przedszkole161.pl\/#website","url":"https:\/\/www.przedszkole161.pl\/","name":"Przedszkole im. Ksi\u0119cia Przemys\u0142awa 161","description":"","potentialAction":[{"@type":"SearchAction","target":{"@type":"EntryPoint","urlTemplate":"https:\/\/www.przedszkole161.pl\/?s={search_term_string}"},"query-input":{"@type":"PropertyValueSpecification","valueRequired":true,"valueName":"search_term_string"}}],"inLanguage":"pl-PL"},{"@type":"Person","@id":"https:\/\/www.przedszkole161.pl\/#\/schema\/person\/673325371d681555a8b67c870d21faac","name":"Magda Dulemba","image":{"@type":"ImageObject","inLanguage":"pl-PL","@id":"https:\/\/secure.gravatar.com\/avatar\/f6f4cc73208d68c67fc19e1f80620e23d66ef2a923cb26a6d726fbc6a55bbcbc?s=96&d=mm&r=g","url":"https:\/\/secure.gravatar.com\/avatar\/f6f4cc73208d68c67fc19e1f80620e23d66ef2a923cb26a6d726fbc6a55bbcbc?s=96&d=mm&r=g","contentUrl":"https:\/\/secure.gravatar.com\/avatar\/f6f4cc73208d68c67fc19e1f80620e23d66ef2a923cb26a6d726fbc6a55bbcbc?s=96&d=mm&r=g","caption":"Magda Dulemba"},"url":"https:\/\/ple161.poznan.pl\/?author=2"}]}},"_links":{"self":[{"href":"https:\/\/ple161.poznan.pl\/index.php?rest_route=\/wp\/v2\/posts\/5131","targetHints":{"allow":["GET"]}}],"collection":[{"href":"https:\/\/ple161.poznan.pl\/index.php?rest_route=\/wp\/v2\/posts"}],"about":[{"href":"https:\/\/ple161.poznan.pl\/index.php?rest_route=\/wp\/v2\/types\/post"}],"author":[{"embeddable":true,"href":"https:\/\/ple161.poznan.pl\/index.php?rest_route=\/wp\/v2\/users\/2"}],"replies":[{"embeddable":true,"href":"https:\/\/ple161.poznan.pl\/index.php?rest_route=%2Fwp%2Fv2%2Fcomments&post=5131"}],"version-history":[{"count":1,"href":"https:\/\/ple161.poznan.pl\/index.php?rest_route=\/wp\/v2\/posts\/5131\/revisions"}],"predecessor-version":[{"id":5132,"href":"https:\/\/ple161.poznan.pl\/index.php?rest_route=\/wp\/v2\/posts\/5131\/revisions\/5132"}],"wp:featuredmedia":[{"embeddable":true,"href":"https:\/\/ple161.poznan.pl\/index.php?rest_route=\/wp\/v2\/media\/4123"}],"wp:attachment":[{"href":"https:\/\/ple161.poznan.pl\/index.php?rest_route=%2Fwp%2Fv2%2Fmedia&parent=5131"}],"wp:term":[{"taxonomy":"category","embeddable":true,"href":"https:\/\/ple161.poznan.pl\/index.php?rest_route=%2Fwp%2Fv2%2Fcategories&post=5131"},{"taxonomy":"post_tag","embeddable":true,"href":"https:\/\/ple161.poznan.pl\/index.php?rest_route=%2Fwp%2Fv2%2Ftags&post=5131"}],"curies":[{"name":"wp","href":"https:\/\/api.w.org\/{rel}","templated":true}]}}