{"id":4126,"date":"2020-03-11T16:15:00","date_gmt":"2020-03-11T15:15:00","guid":{"rendered":"http:\/\/ple161.poznan.pl\/?p=4126"},"modified":"2020-03-13T18:47:20","modified_gmt":"2020-03-13T17:47:20","slug":"drodzy-rodzice-2","status":"publish","type":"post","link":"https:\/\/ple161.poznan.pl\/?p=4126","title":{"rendered":"Drodzy Rodzice!!!"},"content":{"rendered":"\n<p>Pomimo zawieszenia zaj\u0119\u0107 dydaktyczno \u2013 wychowawczo \u2013 opieku\u0144czych rekrutacja\u00a0w naszym przedszkola przebiega w normalnym trybie <strong>od 10 do 24 marca2020r.<\/strong>\u00a0<\/p>\n\n\n\n<p>Wnioski mo\u017cna pobiera\u0107 i sk\u0142ada\u0107 w godzinach <strong>6<sup>00<\/sup> &#8211; 17<sup>00<\/sup><\/strong><\/p>\n","protected":false},"excerpt":{"rendered":"<p>Pomimo zawieszenia zaj\u0119\u0107 dydaktyczno \u2013 wychowawczo \u2013 opieku\u0144czych rekrutacja\u00a0w naszym przedszkola przebiega w normalnym trybie od 10 do 24 marca2020r.\u00a0 Wnioski mo\u017cna pobiera\u0107 i sk\u0142ada\u0107 w godzinach 600 &#8211; 1700<\/p>\n","protected":false},"author":1,"featured_media":2636,"comment_status":"closed","ping_status":"closed","sticky":false,"template":"","format":"standard","meta":{"ngg_post_thumbnail":0,"footnotes":""},"categories":[4],"tags":[],"class_list":["post-4126","post","type-post","status-publish","format-standard","has-post-thumbnail","hentry","category-aktualnosci"],"yoast_head":"<!-- This site is optimized with the Yoast SEO plugin v27.5 - https:\/\/yoast.com\/product\/yoast-seo-wordpress\/ -->\n<title>Drodzy Rodzice!!! - Przedszkole im. Ksi\u0119cia Przemys\u0142awa<\/title>\n<meta name=\"robots\" content=\"noindex, follow\" \/>\n<meta property=\"og:locale\" content=\"pl_PL\" \/>\n<meta property=\"og:type\" content=\"article\" \/>\n<meta property=\"og:title\" content=\"Drodzy Rodzice!!! - Przedszkole im. Ksi\u0119cia Przemys\u0142awa\" \/>\n<meta property=\"og:description\" content=\"Pomimo zawieszenia zaj\u0119\u0107 dydaktyczno \u2013 wychowawczo \u2013 opieku\u0144czych rekrutacja\u00a0w naszym przedszkola przebiega w normalnym trybie od 10 do 24 marca2020r.\u00a0 Wnioski mo\u017cna pobiera\u0107 i sk\u0142ada\u0107 w godzinach 600 &#8211; 1700\" \/>\n<meta property=\"og:url\" content=\"https:\/\/www.przedszkole161.pl\/?p=4126\" \/>\n<meta property=\"og:site_name\" content=\"Przedszkole im. Ksi\u0119cia Przemys\u0142awa\" \/>\n<meta property=\"article:published_time\" content=\"2020-03-11T15:15:00+00:00\" \/>\n<meta property=\"article:modified_time\" content=\"2020-03-13T17:47:20+00:00\" \/>\n<meta property=\"og:image\" content=\"https:\/\/www.przedszkole161.pl\/wp-content\/uploads\/2017\/01\/news.jpg\" \/>\n\t<meta property=\"og:image:width\" content=\"417\" \/>\n\t<meta property=\"og:image:height\" content=\"417\" \/>\n\t<meta property=\"og:image:type\" content=\"image\/jpeg\" \/>\n<meta name=\"author\" content=\"admin\" \/>\n<meta name=\"twitter:card\" content=\"summary_large_image\" \/>\n<meta name=\"twitter:label1\" content=\"Napisane przez\" \/>\n\t<meta name=\"twitter:data1\" content=\"admin\" \/>\n<script type=\"application\/ld+json\" class=\"yoast-schema-graph\">{\"@context\":\"https:\\\/\\\/schema.org\",\"@graph\":[{\"@type\":\"Article\",\"@id\":\"https:\\\/\\\/www.przedszkole161.pl\\\/?p=4126#article\",\"isPartOf\":{\"@id\":\"https:\\\/\\\/www.przedszkole161.pl\\\/?p=4126\"},\"author\":{\"name\":\"admin\",\"@id\":\"https:\\\/\\\/www.przedszkole161.pl\\\/#\\\/schema\\\/person\\\/03e40d29f4293c23e5172b2b6bc43339\"},\"headline\":\"Drodzy Rodzice!!!\",\"datePublished\":\"2020-03-11T15:15:00+00:00\",\"dateModified\":\"2020-03-13T17:47:20+00:00\",\"mainEntityOfPage\":{\"@id\":\"https:\\\/\\\/www.przedszkole161.pl\\\/?p=4126\"},\"wordCount\":31,\"image\":{\"@id\":\"https:\\\/\\\/www.przedszkole161.pl\\\/?p=4126#primaryimage\"},\"thumbnailUrl\":\"https:\\\/\\\/ple161.poznan.pl\\\/wp-content\\\/uploads\\\/2017\\\/01\\\/news.jpg\",\"articleSection\":[\"Aktualno\u015bci\"],\"inLanguage\":\"pl-PL\"},{\"@type\":\"WebPage\",\"@id\":\"https:\\\/\\\/www.przedszkole161.pl\\\/?p=4126\",\"url\":\"https:\\\/\\\/www.przedszkole161.pl\\\/?p=4126\",\"name\":\"Drodzy Rodzice!!! - Przedszkole im. Ksi\u0119cia Przemys\u0142awa\",\"isPartOf\":{\"@id\":\"https:\\\/\\\/www.przedszkole161.pl\\\/#website\"},\"primaryImageOfPage\":{\"@id\":\"https:\\\/\\\/www.przedszkole161.pl\\\/?p=4126#primaryimage\"},\"image\":{\"@id\":\"https:\\\/\\\/www.przedszkole161.pl\\\/?p=4126#primaryimage\"},\"thumbnailUrl\":\"https:\\\/\\\/ple161.poznan.pl\\\/wp-content\\\/uploads\\\/2017\\\/01\\\/news.jpg\",\"datePublished\":\"2020-03-11T15:15:00+00:00\",\"dateModified\":\"2020-03-13T17:47:20+00:00\",\"author\":{\"@id\":\"https:\\\/\\\/www.przedszkole161.pl\\\/#\\\/schema\\\/person\\\/03e40d29f4293c23e5172b2b6bc43339\"},\"breadcrumb\":{\"@id\":\"https:\\\/\\\/www.przedszkole161.pl\\\/?p=4126#breadcrumb\"},\"inLanguage\":\"pl-PL\",\"potentialAction\":[{\"@type\":\"ReadAction\",\"target\":[\"https:\\\/\\\/www.przedszkole161.pl\\\/?p=4126\"]}]},{\"@type\":\"ImageObject\",\"inLanguage\":\"pl-PL\",\"@id\":\"https:\\\/\\\/www.przedszkole161.pl\\\/?p=4126#primaryimage\",\"url\":\"https:\\\/\\\/ple161.poznan.pl\\\/wp-content\\\/uploads\\\/2017\\\/01\\\/news.jpg\",\"contentUrl\":\"https:\\\/\\\/ple161.poznan.pl\\\/wp-content\\\/uploads\\\/2017\\\/01\\\/news.jpg\",\"width\":417,\"height\":417},{\"@type\":\"BreadcrumbList\",\"@id\":\"https:\\\/\\\/www.przedszkole161.pl\\\/?p=4126#breadcrumb\",\"itemListElement\":[{\"@type\":\"ListItem\",\"position\":1,\"name\":\"Strona g\u0142\u00f3wna\",\"item\":\"https:\\\/\\\/www.przedszkole161.pl\\\/\"},{\"@type\":\"ListItem\",\"position\":2,\"name\":\"Drodzy Rodzice!!!\"}]},{\"@type\":\"WebSite\",\"@id\":\"https:\\\/\\\/www.przedszkole161.pl\\\/#website\",\"url\":\"https:\\\/\\\/www.przedszkole161.pl\\\/\",\"name\":\"Przedszkole im. Ksi\u0119cia Przemys\u0142awa 161\",\"description\":\"\",\"potentialAction\":[{\"@type\":\"SearchAction\",\"target\":{\"@type\":\"EntryPoint\",\"urlTemplate\":\"https:\\\/\\\/www.przedszkole161.pl\\\/?s={search_term_string}\"},\"query-input\":{\"@type\":\"PropertyValueSpecification\",\"valueRequired\":true,\"valueName\":\"search_term_string\"}}],\"inLanguage\":\"pl-PL\"},{\"@type\":\"Person\",\"@id\":\"https:\\\/\\\/www.przedszkole161.pl\\\/#\\\/schema\\\/person\\\/03e40d29f4293c23e5172b2b6bc43339\",\"name\":\"admin\",\"image\":{\"@type\":\"ImageObject\",\"inLanguage\":\"pl-PL\",\"@id\":\"https:\\\/\\\/secure.gravatar.com\\\/avatar\\\/4025755b160f5acceb2199066750e437e7ceb8174283641a56ab90b3ff74089c?s=96&d=mm&r=g\",\"url\":\"https:\\\/\\\/secure.gravatar.com\\\/avatar\\\/4025755b160f5acceb2199066750e437e7ceb8174283641a56ab90b3ff74089c?s=96&d=mm&r=g\",\"contentUrl\":\"https:\\\/\\\/secure.gravatar.com\\\/avatar\\\/4025755b160f5acceb2199066750e437e7ceb8174283641a56ab90b3ff74089c?s=96&d=mm&r=g\",\"caption\":\"admin\"},\"url\":\"https:\\\/\\\/ple161.poznan.pl\\\/?author=1\"}]}<\/script>\n<!-- \/ Yoast SEO plugin. -->","yoast_head_json":{"title":"Drodzy Rodzice!!! - Przedszkole im. Ksi\u0119cia Przemys\u0142awa","robots":{"index":"noindex","follow":"follow"},"og_locale":"pl_PL","og_type":"article","og_title":"Drodzy Rodzice!!! - Przedszkole im. Ksi\u0119cia Przemys\u0142awa","og_description":"Pomimo zawieszenia zaj\u0119\u0107 dydaktyczno \u2013 wychowawczo \u2013 opieku\u0144czych rekrutacja\u00a0w naszym przedszkola przebiega w normalnym trybie od 10 do 24 marca2020r.\u00a0 Wnioski mo\u017cna pobiera\u0107 i sk\u0142ada\u0107 w godzinach 600 &#8211; 1700","og_url":"https:\/\/www.przedszkole161.pl\/?p=4126","og_site_name":"Przedszkole im. Ksi\u0119cia Przemys\u0142awa","article_published_time":"2020-03-11T15:15:00+00:00","article_modified_time":"2020-03-13T17:47:20+00:00","og_image":[{"width":417,"height":417,"url":"https:\/\/www.przedszkole161.pl\/wp-content\/uploads\/2017\/01\/news.jpg","type":"image\/jpeg"}],"author":"admin","twitter_card":"summary_large_image","twitter_misc":{"Napisane przez":"admin"},"schema":{"@context":"https:\/\/schema.org","@graph":[{"@type":"Article","@id":"https:\/\/www.przedszkole161.pl\/?p=4126#article","isPartOf":{"@id":"https:\/\/www.przedszkole161.pl\/?p=4126"},"author":{"name":"admin","@id":"https:\/\/www.przedszkole161.pl\/#\/schema\/person\/03e40d29f4293c23e5172b2b6bc43339"},"headline":"Drodzy Rodzice!!!","datePublished":"2020-03-11T15:15:00+00:00","dateModified":"2020-03-13T17:47:20+00:00","mainEntityOfPage":{"@id":"https:\/\/www.przedszkole161.pl\/?p=4126"},"wordCount":31,"image":{"@id":"https:\/\/www.przedszkole161.pl\/?p=4126#primaryimage"},"thumbnailUrl":"https:\/\/ple161.poznan.pl\/wp-content\/uploads\/2017\/01\/news.jpg","articleSection":["Aktualno\u015bci"],"inLanguage":"pl-PL"},{"@type":"WebPage","@id":"https:\/\/www.przedszkole161.pl\/?p=4126","url":"https:\/\/www.przedszkole161.pl\/?p=4126","name":"Drodzy Rodzice!!! - Przedszkole im. Ksi\u0119cia Przemys\u0142awa","isPartOf":{"@id":"https:\/\/www.przedszkole161.pl\/#website"},"primaryImageOfPage":{"@id":"https:\/\/www.przedszkole161.pl\/?p=4126#primaryimage"},"image":{"@id":"https:\/\/www.przedszkole161.pl\/?p=4126#primaryimage"},"thumbnailUrl":"https:\/\/ple161.poznan.pl\/wp-content\/uploads\/2017\/01\/news.jpg","datePublished":"2020-03-11T15:15:00+00:00","dateModified":"2020-03-13T17:47:20+00:00","author":{"@id":"https:\/\/www.przedszkole161.pl\/#\/schema\/person\/03e40d29f4293c23e5172b2b6bc43339"},"breadcrumb":{"@id":"https:\/\/www.przedszkole161.pl\/?p=4126#breadcrumb"},"inLanguage":"pl-PL","potentialAction":[{"@type":"ReadAction","target":["https:\/\/www.przedszkole161.pl\/?p=4126"]}]},{"@type":"ImageObject","inLanguage":"pl-PL","@id":"https:\/\/www.przedszkole161.pl\/?p=4126#primaryimage","url":"https:\/\/ple161.poznan.pl\/wp-content\/uploads\/2017\/01\/news.jpg","contentUrl":"https:\/\/ple161.poznan.pl\/wp-content\/uploads\/2017\/01\/news.jpg","width":417,"height":417},{"@type":"BreadcrumbList","@id":"https:\/\/www.przedszkole161.pl\/?p=4126#breadcrumb","itemListElement":[{"@type":"ListItem","position":1,"name":"Strona g\u0142\u00f3wna","item":"https:\/\/www.przedszkole161.pl\/"},{"@type":"ListItem","position":2,"name":"Drodzy Rodzice!!!"}]},{"@type":"WebSite","@id":"https:\/\/www.przedszkole161.pl\/#website","url":"https:\/\/www.przedszkole161.pl\/","name":"Przedszkole im. Ksi\u0119cia Przemys\u0142awa 161","description":"","potentialAction":[{"@type":"SearchAction","target":{"@type":"EntryPoint","urlTemplate":"https:\/\/www.przedszkole161.pl\/?s={search_term_string}"},"query-input":{"@type":"PropertyValueSpecification","valueRequired":true,"valueName":"search_term_string"}}],"inLanguage":"pl-PL"},{"@type":"Person","@id":"https:\/\/www.przedszkole161.pl\/#\/schema\/person\/03e40d29f4293c23e5172b2b6bc43339","name":"admin","image":{"@type":"ImageObject","inLanguage":"pl-PL","@id":"https:\/\/secure.gravatar.com\/avatar\/4025755b160f5acceb2199066750e437e7ceb8174283641a56ab90b3ff74089c?s=96&d=mm&r=g","url":"https:\/\/secure.gravatar.com\/avatar\/4025755b160f5acceb2199066750e437e7ceb8174283641a56ab90b3ff74089c?s=96&d=mm&r=g","contentUrl":"https:\/\/secure.gravatar.com\/avatar\/4025755b160f5acceb2199066750e437e7ceb8174283641a56ab90b3ff74089c?s=96&d=mm&r=g","caption":"admin"},"url":"https:\/\/ple161.poznan.pl\/?author=1"}]}},"_links":{"self":[{"href":"https:\/\/ple161.poznan.pl\/index.php?rest_route=\/wp\/v2\/posts\/4126","targetHints":{"allow":["GET"]}}],"collection":[{"href":"https:\/\/ple161.poznan.pl\/index.php?rest_route=\/wp\/v2\/posts"}],"about":[{"href":"https:\/\/ple161.poznan.pl\/index.php?rest_route=\/wp\/v2\/types\/post"}],"author":[{"embeddable":true,"href":"https:\/\/ple161.poznan.pl\/index.php?rest_route=\/wp\/v2\/users\/1"}],"replies":[{"embeddable":true,"href":"https:\/\/ple161.poznan.pl\/index.php?rest_route=%2Fwp%2Fv2%2Fcomments&post=4126"}],"version-history":[{"count":1,"href":"https:\/\/ple161.poznan.pl\/index.php?rest_route=\/wp\/v2\/posts\/4126\/revisions"}],"predecessor-version":[{"id":4127,"href":"https:\/\/ple161.poznan.pl\/index.php?rest_route=\/wp\/v2\/posts\/4126\/revisions\/4127"}],"wp:featuredmedia":[{"embeddable":true,"href":"https:\/\/ple161.poznan.pl\/index.php?rest_route=\/wp\/v2\/media\/2636"}],"wp:attachment":[{"href":"https:\/\/ple161.poznan.pl\/index.php?rest_route=%2Fwp%2Fv2%2Fmedia&parent=4126"}],"wp:term":[{"taxonomy":"category","embeddable":true,"href":"https:\/\/ple161.poznan.pl\/index.php?rest_route=%2Fwp%2Fv2%2Fcategories&post=4126"},{"taxonomy":"post_tag","embeddable":true,"href":"https:\/\/ple161.poznan.pl\/index.php?rest_route=%2Fwp%2Fv2%2Ftags&post=4126"}],"curies":[{"name":"wp","href":"https:\/\/api.w.org\/{rel}","templated":true}]}}