{"id":4121,"date":"2020-03-10T14:36:03","date_gmt":"2020-03-10T13:36:03","guid":{"rendered":"http:\/\/ple161.poznan.pl\/?p=4121"},"modified":"2020-03-24T15:41:16","modified_gmt":"2020-03-24T14:41:16","slug":"drodzy-rodzice","status":"publish","type":"post","link":"https:\/\/ple161.poznan.pl\/?p=4121","title":{"rendered":"Drodzy Rodzice !!!"},"content":{"rendered":"\n<p>Dyrektor przedszkola na podstawie rekomendacji organu prowadz\u0105cego Miasta Pozna\u0144 informuje, i\u017c podj\u0105\u0142 decyzj\u0119 o <strong>zamkni\u0119ciu przedszkola<\/strong> w dniach <strong>od 25 marca do 10 kwietnia 2020r.<\/strong><br><br>Decyzja taka zosta\u0142a podj\u0119ta w celu zapobiegania rozprzestrzenianiu si\u0119 koronawirusa.<\/p>\n\n\n\n<p>Drzwi otwarte zaplanowane w dniu <strong>11 marca <\/strong>r\u00f3wnie\u017c zostaj\u0105 odwo\u0142ane.<\/p>\n","protected":false},"excerpt":{"rendered":"<p>Dyrektor przedszkola na podstawie rekomendacji organu prowadz\u0105cego Miasta Pozna\u0144 informuje, i\u017c podj\u0105\u0142 decyzj\u0119 o zamkni\u0119ciu przedszkola w dniach od 25 marca do 10 kwietnia 2020r. Decyzja taka zosta\u0142a podj\u0119ta w celu zapobiegania rozprzestrzenianiu si\u0119 koronawirusa. Drzwi otwarte zaplanowane w dniu 11 marca r\u00f3wnie\u017c zostaj\u0105 odwo\u0142ane.<\/p>\n","protected":false},"author":1,"featured_media":4123,"comment_status":"closed","ping_status":"closed","sticky":false,"template":"","format":"standard","meta":{"ngg_post_thumbnail":0,"footnotes":""},"categories":[4,1],"tags":[],"class_list":["post-4121","post","type-post","status-publish","format-standard","has-post-thumbnail","hentry","category-aktualnosci","category-wydarzenia"],"yoast_head":"<!-- This site is optimized with the Yoast SEO plugin v27.5 - https:\/\/yoast.com\/product\/yoast-seo-wordpress\/ -->\n<title>Drodzy Rodzice !!! - Przedszkole im. Ksi\u0119cia Przemys\u0142awa<\/title>\n<meta name=\"robots\" content=\"noindex, follow\" \/>\n<meta property=\"og:locale\" content=\"pl_PL\" \/>\n<meta property=\"og:type\" content=\"article\" \/>\n<meta property=\"og:title\" content=\"Drodzy Rodzice !!! - Przedszkole im. Ksi\u0119cia Przemys\u0142awa\" \/>\n<meta property=\"og:description\" content=\"Dyrektor przedszkola na podstawie rekomendacji organu prowadz\u0105cego Miasta Pozna\u0144 informuje, i\u017c podj\u0105\u0142 decyzj\u0119 o zamkni\u0119ciu przedszkola w dniach od 25 marca do 10 kwietnia 2020r. Decyzja taka zosta\u0142a podj\u0119ta w celu zapobiegania rozprzestrzenianiu si\u0119 koronawirusa. Drzwi otwarte zaplanowane w dniu 11 marca r\u00f3wnie\u017c zostaj\u0105 odwo\u0142ane.\" \/>\n<meta property=\"og:url\" content=\"https:\/\/www.przedszkole161.pl\/?p=4121\" \/>\n<meta property=\"og:site_name\" content=\"Przedszkole im. Ksi\u0119cia Przemys\u0142awa\" \/>\n<meta property=\"article:published_time\" content=\"2020-03-10T13:36:03+00:00\" \/>\n<meta property=\"article:modified_time\" content=\"2020-03-24T14:41:16+00:00\" \/>\n<meta property=\"og:image\" content=\"https:\/\/www.przedszkole161.pl\/wp-content\/uploads\/2020\/03\/uwaga-e1583847823253.jpg\" \/>\n\t<meta property=\"og:image:width\" content=\"183\" \/>\n\t<meta property=\"og:image:height\" content=\"125\" \/>\n\t<meta property=\"og:image:type\" content=\"image\/jpeg\" \/>\n<meta name=\"author\" content=\"admin\" \/>\n<meta name=\"twitter:card\" content=\"summary_large_image\" \/>\n<meta name=\"twitter:label1\" content=\"Napisane przez\" \/>\n\t<meta name=\"twitter:data1\" content=\"admin\" \/>\n<script type=\"application\/ld+json\" class=\"yoast-schema-graph\">{\"@context\":\"https:\\\/\\\/schema.org\",\"@graph\":[{\"@type\":\"Article\",\"@id\":\"https:\\\/\\\/www.przedszkole161.pl\\\/?p=4121#article\",\"isPartOf\":{\"@id\":\"https:\\\/\\\/www.przedszkole161.pl\\\/?p=4121\"},\"author\":{\"name\":\"admin\",\"@id\":\"https:\\\/\\\/www.przedszkole161.pl\\\/#\\\/schema\\\/person\\\/03e40d29f4293c23e5172b2b6bc43339\"},\"headline\":\"Drodzy Rodzice !!!\",\"datePublished\":\"2020-03-10T13:36:03+00:00\",\"dateModified\":\"2020-03-24T14:41:16+00:00\",\"mainEntityOfPage\":{\"@id\":\"https:\\\/\\\/www.przedszkole161.pl\\\/?p=4121\"},\"wordCount\":50,\"image\":{\"@id\":\"https:\\\/\\\/www.przedszkole161.pl\\\/?p=4121#primaryimage\"},\"thumbnailUrl\":\"https:\\\/\\\/ple161.poznan.pl\\\/wp-content\\\/uploads\\\/2020\\\/03\\\/uwaga-e1583847823253.jpg\",\"articleSection\":[\"Aktualno\u015bci\",\"Wydarzenia\"],\"inLanguage\":\"pl-PL\"},{\"@type\":\"WebPage\",\"@id\":\"https:\\\/\\\/www.przedszkole161.pl\\\/?p=4121\",\"url\":\"https:\\\/\\\/www.przedszkole161.pl\\\/?p=4121\",\"name\":\"Drodzy Rodzice !!! - Przedszkole im. Ksi\u0119cia Przemys\u0142awa\",\"isPartOf\":{\"@id\":\"https:\\\/\\\/www.przedszkole161.pl\\\/#website\"},\"primaryImageOfPage\":{\"@id\":\"https:\\\/\\\/www.przedszkole161.pl\\\/?p=4121#primaryimage\"},\"image\":{\"@id\":\"https:\\\/\\\/www.przedszkole161.pl\\\/?p=4121#primaryimage\"},\"thumbnailUrl\":\"https:\\\/\\\/ple161.poznan.pl\\\/wp-content\\\/uploads\\\/2020\\\/03\\\/uwaga-e1583847823253.jpg\",\"datePublished\":\"2020-03-10T13:36:03+00:00\",\"dateModified\":\"2020-03-24T14:41:16+00:00\",\"author\":{\"@id\":\"https:\\\/\\\/www.przedszkole161.pl\\\/#\\\/schema\\\/person\\\/03e40d29f4293c23e5172b2b6bc43339\"},\"breadcrumb\":{\"@id\":\"https:\\\/\\\/www.przedszkole161.pl\\\/?p=4121#breadcrumb\"},\"inLanguage\":\"pl-PL\",\"potentialAction\":[{\"@type\":\"ReadAction\",\"target\":[\"https:\\\/\\\/www.przedszkole161.pl\\\/?p=4121\"]}]},{\"@type\":\"ImageObject\",\"inLanguage\":\"pl-PL\",\"@id\":\"https:\\\/\\\/www.przedszkole161.pl\\\/?p=4121#primaryimage\",\"url\":\"https:\\\/\\\/ple161.poznan.pl\\\/wp-content\\\/uploads\\\/2020\\\/03\\\/uwaga-e1583847823253.jpg\",\"contentUrl\":\"https:\\\/\\\/ple161.poznan.pl\\\/wp-content\\\/uploads\\\/2020\\\/03\\\/uwaga-e1583847823253.jpg\",\"width\":183,\"height\":125},{\"@type\":\"BreadcrumbList\",\"@id\":\"https:\\\/\\\/www.przedszkole161.pl\\\/?p=4121#breadcrumb\",\"itemListElement\":[{\"@type\":\"ListItem\",\"position\":1,\"name\":\"Strona g\u0142\u00f3wna\",\"item\":\"https:\\\/\\\/www.przedszkole161.pl\\\/\"},{\"@type\":\"ListItem\",\"position\":2,\"name\":\"Drodzy Rodzice !!!\"}]},{\"@type\":\"WebSite\",\"@id\":\"https:\\\/\\\/www.przedszkole161.pl\\\/#website\",\"url\":\"https:\\\/\\\/www.przedszkole161.pl\\\/\",\"name\":\"Przedszkole im. Ksi\u0119cia Przemys\u0142awa 161\",\"description\":\"\",\"potentialAction\":[{\"@type\":\"SearchAction\",\"target\":{\"@type\":\"EntryPoint\",\"urlTemplate\":\"https:\\\/\\\/www.przedszkole161.pl\\\/?s={search_term_string}\"},\"query-input\":{\"@type\":\"PropertyValueSpecification\",\"valueRequired\":true,\"valueName\":\"search_term_string\"}}],\"inLanguage\":\"pl-PL\"},{\"@type\":\"Person\",\"@id\":\"https:\\\/\\\/www.przedszkole161.pl\\\/#\\\/schema\\\/person\\\/03e40d29f4293c23e5172b2b6bc43339\",\"name\":\"admin\",\"image\":{\"@type\":\"ImageObject\",\"inLanguage\":\"pl-PL\",\"@id\":\"https:\\\/\\\/secure.gravatar.com\\\/avatar\\\/4025755b160f5acceb2199066750e437e7ceb8174283641a56ab90b3ff74089c?s=96&d=mm&r=g\",\"url\":\"https:\\\/\\\/secure.gravatar.com\\\/avatar\\\/4025755b160f5acceb2199066750e437e7ceb8174283641a56ab90b3ff74089c?s=96&d=mm&r=g\",\"contentUrl\":\"https:\\\/\\\/secure.gravatar.com\\\/avatar\\\/4025755b160f5acceb2199066750e437e7ceb8174283641a56ab90b3ff74089c?s=96&d=mm&r=g\",\"caption\":\"admin\"},\"url\":\"https:\\\/\\\/ple161.poznan.pl\\\/?author=1\"}]}<\/script>\n<!-- \/ Yoast SEO plugin. -->","yoast_head_json":{"title":"Drodzy Rodzice !!! - Przedszkole im. Ksi\u0119cia Przemys\u0142awa","robots":{"index":"noindex","follow":"follow"},"og_locale":"pl_PL","og_type":"article","og_title":"Drodzy Rodzice !!! - Przedszkole im. Ksi\u0119cia Przemys\u0142awa","og_description":"Dyrektor przedszkola na podstawie rekomendacji organu prowadz\u0105cego Miasta Pozna\u0144 informuje, i\u017c podj\u0105\u0142 decyzj\u0119 o zamkni\u0119ciu przedszkola w dniach od 25 marca do 10 kwietnia 2020r. Decyzja taka zosta\u0142a podj\u0119ta w celu zapobiegania rozprzestrzenianiu si\u0119 koronawirusa. Drzwi otwarte zaplanowane w dniu 11 marca r\u00f3wnie\u017c zostaj\u0105 odwo\u0142ane.","og_url":"https:\/\/www.przedszkole161.pl\/?p=4121","og_site_name":"Przedszkole im. Ksi\u0119cia Przemys\u0142awa","article_published_time":"2020-03-10T13:36:03+00:00","article_modified_time":"2020-03-24T14:41:16+00:00","og_image":[{"width":183,"height":125,"url":"https:\/\/www.przedszkole161.pl\/wp-content\/uploads\/2020\/03\/uwaga-e1583847823253.jpg","type":"image\/jpeg"}],"author":"admin","twitter_card":"summary_large_image","twitter_misc":{"Napisane przez":"admin"},"schema":{"@context":"https:\/\/schema.org","@graph":[{"@type":"Article","@id":"https:\/\/www.przedszkole161.pl\/?p=4121#article","isPartOf":{"@id":"https:\/\/www.przedszkole161.pl\/?p=4121"},"author":{"name":"admin","@id":"https:\/\/www.przedszkole161.pl\/#\/schema\/person\/03e40d29f4293c23e5172b2b6bc43339"},"headline":"Drodzy Rodzice !!!","datePublished":"2020-03-10T13:36:03+00:00","dateModified":"2020-03-24T14:41:16+00:00","mainEntityOfPage":{"@id":"https:\/\/www.przedszkole161.pl\/?p=4121"},"wordCount":50,"image":{"@id":"https:\/\/www.przedszkole161.pl\/?p=4121#primaryimage"},"thumbnailUrl":"https:\/\/ple161.poznan.pl\/wp-content\/uploads\/2020\/03\/uwaga-e1583847823253.jpg","articleSection":["Aktualno\u015bci","Wydarzenia"],"inLanguage":"pl-PL"},{"@type":"WebPage","@id":"https:\/\/www.przedszkole161.pl\/?p=4121","url":"https:\/\/www.przedszkole161.pl\/?p=4121","name":"Drodzy Rodzice !!! - Przedszkole im. Ksi\u0119cia Przemys\u0142awa","isPartOf":{"@id":"https:\/\/www.przedszkole161.pl\/#website"},"primaryImageOfPage":{"@id":"https:\/\/www.przedszkole161.pl\/?p=4121#primaryimage"},"image":{"@id":"https:\/\/www.przedszkole161.pl\/?p=4121#primaryimage"},"thumbnailUrl":"https:\/\/ple161.poznan.pl\/wp-content\/uploads\/2020\/03\/uwaga-e1583847823253.jpg","datePublished":"2020-03-10T13:36:03+00:00","dateModified":"2020-03-24T14:41:16+00:00","author":{"@id":"https:\/\/www.przedszkole161.pl\/#\/schema\/person\/03e40d29f4293c23e5172b2b6bc43339"},"breadcrumb":{"@id":"https:\/\/www.przedszkole161.pl\/?p=4121#breadcrumb"},"inLanguage":"pl-PL","potentialAction":[{"@type":"ReadAction","target":["https:\/\/www.przedszkole161.pl\/?p=4121"]}]},{"@type":"ImageObject","inLanguage":"pl-PL","@id":"https:\/\/www.przedszkole161.pl\/?p=4121#primaryimage","url":"https:\/\/ple161.poznan.pl\/wp-content\/uploads\/2020\/03\/uwaga-e1583847823253.jpg","contentUrl":"https:\/\/ple161.poznan.pl\/wp-content\/uploads\/2020\/03\/uwaga-e1583847823253.jpg","width":183,"height":125},{"@type":"BreadcrumbList","@id":"https:\/\/www.przedszkole161.pl\/?p=4121#breadcrumb","itemListElement":[{"@type":"ListItem","position":1,"name":"Strona g\u0142\u00f3wna","item":"https:\/\/www.przedszkole161.pl\/"},{"@type":"ListItem","position":2,"name":"Drodzy Rodzice !!!"}]},{"@type":"WebSite","@id":"https:\/\/www.przedszkole161.pl\/#website","url":"https:\/\/www.przedszkole161.pl\/","name":"Przedszkole im. Ksi\u0119cia Przemys\u0142awa 161","description":"","potentialAction":[{"@type":"SearchAction","target":{"@type":"EntryPoint","urlTemplate":"https:\/\/www.przedszkole161.pl\/?s={search_term_string}"},"query-input":{"@type":"PropertyValueSpecification","valueRequired":true,"valueName":"search_term_string"}}],"inLanguage":"pl-PL"},{"@type":"Person","@id":"https:\/\/www.przedszkole161.pl\/#\/schema\/person\/03e40d29f4293c23e5172b2b6bc43339","name":"admin","image":{"@type":"ImageObject","inLanguage":"pl-PL","@id":"https:\/\/secure.gravatar.com\/avatar\/4025755b160f5acceb2199066750e437e7ceb8174283641a56ab90b3ff74089c?s=96&d=mm&r=g","url":"https:\/\/secure.gravatar.com\/avatar\/4025755b160f5acceb2199066750e437e7ceb8174283641a56ab90b3ff74089c?s=96&d=mm&r=g","contentUrl":"https:\/\/secure.gravatar.com\/avatar\/4025755b160f5acceb2199066750e437e7ceb8174283641a56ab90b3ff74089c?s=96&d=mm&r=g","caption":"admin"},"url":"https:\/\/ple161.poznan.pl\/?author=1"}]}},"_links":{"self":[{"href":"https:\/\/ple161.poznan.pl\/index.php?rest_route=\/wp\/v2\/posts\/4121","targetHints":{"allow":["GET"]}}],"collection":[{"href":"https:\/\/ple161.poznan.pl\/index.php?rest_route=\/wp\/v2\/posts"}],"about":[{"href":"https:\/\/ple161.poznan.pl\/index.php?rest_route=\/wp\/v2\/types\/post"}],"author":[{"embeddable":true,"href":"https:\/\/ple161.poznan.pl\/index.php?rest_route=\/wp\/v2\/users\/1"}],"replies":[{"embeddable":true,"href":"https:\/\/ple161.poznan.pl\/index.php?rest_route=%2Fwp%2Fv2%2Fcomments&post=4121"}],"version-history":[{"count":2,"href":"https:\/\/ple161.poznan.pl\/index.php?rest_route=\/wp\/v2\/posts\/4121\/revisions"}],"predecessor-version":[{"id":4219,"href":"https:\/\/ple161.poznan.pl\/index.php?rest_route=\/wp\/v2\/posts\/4121\/revisions\/4219"}],"wp:featuredmedia":[{"embeddable":true,"href":"https:\/\/ple161.poznan.pl\/index.php?rest_route=\/wp\/v2\/media\/4123"}],"wp:attachment":[{"href":"https:\/\/ple161.poznan.pl\/index.php?rest_route=%2Fwp%2Fv2%2Fmedia&parent=4121"}],"wp:term":[{"taxonomy":"category","embeddable":true,"href":"https:\/\/ple161.poznan.pl\/index.php?rest_route=%2Fwp%2Fv2%2Fcategories&post=4121"},{"taxonomy":"post_tag","embeddable":true,"href":"https:\/\/ple161.poznan.pl\/index.php?rest_route=%2Fwp%2Fv2%2Ftags&post=4121"}],"curies":[{"name":"wp","href":"https:\/\/api.w.org\/{rel}","templated":true}]}}