{"id":11044,"date":"2026-01-29T12:42:53","date_gmt":"2026-01-29T11:42:53","guid":{"rendered":"https:\/\/ple161.poznan.pl\/?p=11044"},"modified":"2026-01-29T12:43:11","modified_gmt":"2026-01-29T11:43:11","slug":"zywe-lekcje-przyrody-spotkanie-z-aguti","status":"publish","type":"post","link":"https:\/\/ple161.poznan.pl\/?p=11044","title":{"rendered":"\u017bywe lekcje przyrody, spotkanie z aguti"},"content":{"rendered":"<p data-start=\"173\" data-end=\"399\">28 stycznia ju\u017c kolejny\u00a0 w naszym przedszkolu odby\u0142a si\u0119 niezwyk\u0142a \u017cywa lekcja przyrody, podczas kt\u00f3rej dzieci mia\u0142y okazj\u0119 pozna\u0107 wyj\u0105tkowego go\u015bcia \u2013 aguti. To sympatyczne zwierz\u0105tko wzbudzi\u0142o ogromne zainteresowanie i rado\u015b\u0107 w\u015br\u00f3d przedszkolak\u00f3w. Podczas spotkania dzieci dowiedzia\u0142y si\u0119 wielu ciekawostek na temat \u017cycia aguti, jego naturalnego \u015brodowiska, sposobu od\u017cywiania oraz codziennych zwyczaj\u00f3w. Przedszkolaki z wielkim zaciekawieniem s\u0142ucha\u0142y opowie\u015bci opiekuna zwierz\u0105tka, zadawa\u0142y pytania i z bliska obserwowa\u0142y i g\u0142aska\u0142y zwierz\u0119. \u017bywe lekcje przyrody to doskona\u0142a okazja do rozwijania ciekawo\u015bci \u015bwiata, kszta\u0142towania postawy szacunku wobec zwierz\u0105t oraz nauki poprzez bezpo\u015brednie do\u015bwiadczenie. Spotkanie z aguti by\u0142o dla dzieci cenn\u0105 i bardzo inspiruj\u0105c\u0105 przygod\u0105.<\/p>\n","protected":false},"excerpt":{"rendered":"<p>28 stycznia ju\u017c kolejny\u00a0 w naszym przedszkolu odby\u0142a si\u0119 niezwyk\u0142a \u017cywa lekcja przyrody, podczas kt\u00f3rej dzieci mia\u0142y okazj\u0119 pozna\u0107 wyj\u0105tkowego go\u015bcia \u2013 aguti. To sympatyczne zwierz\u0105tko wzbudzi\u0142o ogromne zainteresowanie i rado\u015b\u0107 w\u015br\u00f3d przedszkolak\u00f3w. Podczas spotkania dzieci dowiedzia\u0142y si\u0119 wielu ciekawostek na temat \u017cycia aguti, jego naturalnego \u015brodowiska, sposobu od\u017cywiania oraz codziennych zwyczaj\u00f3w. Przedszkolaki z wielkim [&hellip;]<\/p>\n","protected":false},"author":2,"featured_media":11046,"comment_status":"closed","ping_status":"closed","sticky":false,"template":"","format":"standard","meta":{"ngg_post_thumbnail":0,"footnotes":""},"categories":[4,1],"tags":[],"class_list":["post-11044","post","type-post","status-publish","format-standard","has-post-thumbnail","hentry","category-aktualnosci","category-wydarzenia"],"yoast_head":"<!-- This site is optimized with the Yoast SEO plugin v27.4 - https:\/\/yoast.com\/product\/yoast-seo-wordpress\/ -->\n<title>\u017bywe lekcje przyrody, spotkanie z aguti - Przedszkole im. Ksi\u0119cia Przemys\u0142awa<\/title>\n<meta name=\"robots\" content=\"noindex, follow\" \/>\n<meta property=\"og:locale\" content=\"pl_PL\" \/>\n<meta property=\"og:type\" content=\"article\" \/>\n<meta property=\"og:title\" content=\"\u017bywe lekcje przyrody, spotkanie z aguti - Przedszkole im. Ksi\u0119cia Przemys\u0142awa\" \/>\n<meta property=\"og:description\" content=\"28 stycznia ju\u017c kolejny\u00a0 w naszym przedszkolu odby\u0142a si\u0119 niezwyk\u0142a \u017cywa lekcja przyrody, podczas kt\u00f3rej dzieci mia\u0142y okazj\u0119 pozna\u0107 wyj\u0105tkowego go\u015bcia \u2013 aguti. To sympatyczne zwierz\u0105tko wzbudzi\u0142o ogromne zainteresowanie i rado\u015b\u0107 w\u015br\u00f3d przedszkolak\u00f3w. Podczas spotkania dzieci dowiedzia\u0142y si\u0119 wielu ciekawostek na temat \u017cycia aguti, jego naturalnego \u015brodowiska, sposobu od\u017cywiania oraz codziennych zwyczaj\u00f3w. Przedszkolaki z wielkim [&hellip;]\" \/>\n<meta property=\"og:url\" content=\"https:\/\/ple161.poznan.pl\/?p=11044\" \/>\n<meta property=\"og:site_name\" content=\"Przedszkole im. Ksi\u0119cia Przemys\u0142awa\" \/>\n<meta property=\"article:published_time\" content=\"2026-01-29T11:42:53+00:00\" \/>\n<meta property=\"article:modified_time\" content=\"2026-01-29T11:43:11+00:00\" \/>\n<meta property=\"og:image\" content=\"https:\/\/ple161.poznan.pl\/wp-content\/uploads\/2026\/01\/image0000001-7.jpg\" \/>\n\t<meta property=\"og:image:width\" content=\"804\" \/>\n\t<meta property=\"og:image:height\" content=\"782\" \/>\n\t<meta property=\"og:image:type\" content=\"image\/jpeg\" \/>\n<meta name=\"author\" content=\"Magda Dulemba\" \/>\n<meta name=\"twitter:card\" content=\"summary_large_image\" \/>\n<meta name=\"twitter:label1\" content=\"Napisane przez\" \/>\n\t<meta name=\"twitter:data1\" content=\"Magda Dulemba\" \/>\n\t<meta name=\"twitter:label2\" content=\"Szacowany czas czytania\" \/>\n\t<meta name=\"twitter:data2\" content=\"1 minuta\" \/>\n<script type=\"application\/ld+json\" class=\"yoast-schema-graph\">{\"@context\":\"https:\\\/\\\/schema.org\",\"@graph\":[{\"@type\":\"Article\",\"@id\":\"https:\\\/\\\/ple161.poznan.pl\\\/?p=11044#article\",\"isPartOf\":{\"@id\":\"https:\\\/\\\/ple161.poznan.pl\\\/?p=11044\"},\"author\":{\"name\":\"Magda Dulemba\",\"@id\":\"https:\\\/\\\/www.przedszkole161.pl\\\/#\\\/schema\\\/person\\\/673325371d681555a8b67c870d21faac\"},\"headline\":\"\u017bywe lekcje przyrody, spotkanie z aguti\",\"datePublished\":\"2026-01-29T11:42:53+00:00\",\"dateModified\":\"2026-01-29T11:43:11+00:00\",\"mainEntityOfPage\":{\"@id\":\"https:\\\/\\\/ple161.poznan.pl\\\/?p=11044\"},\"wordCount\":134,\"image\":{\"@id\":\"https:\\\/\\\/ple161.poznan.pl\\\/?p=11044#primaryimage\"},\"thumbnailUrl\":\"https:\\\/\\\/ple161.poznan.pl\\\/wp-content\\\/uploads\\\/2026\\\/01\\\/image0000001-7.jpg\",\"articleSection\":[\"Aktualno\u015bci\",\"Wydarzenia\"],\"inLanguage\":\"pl-PL\"},{\"@type\":\"WebPage\",\"@id\":\"https:\\\/\\\/ple161.poznan.pl\\\/?p=11044\",\"url\":\"https:\\\/\\\/ple161.poznan.pl\\\/?p=11044\",\"name\":\"\u017bywe lekcje przyrody, spotkanie z aguti - Przedszkole im. Ksi\u0119cia Przemys\u0142awa\",\"isPartOf\":{\"@id\":\"https:\\\/\\\/www.przedszkole161.pl\\\/#website\"},\"primaryImageOfPage\":{\"@id\":\"https:\\\/\\\/ple161.poznan.pl\\\/?p=11044#primaryimage\"},\"image\":{\"@id\":\"https:\\\/\\\/ple161.poznan.pl\\\/?p=11044#primaryimage\"},\"thumbnailUrl\":\"https:\\\/\\\/ple161.poznan.pl\\\/wp-content\\\/uploads\\\/2026\\\/01\\\/image0000001-7.jpg\",\"datePublished\":\"2026-01-29T11:42:53+00:00\",\"dateModified\":\"2026-01-29T11:43:11+00:00\",\"author\":{\"@id\":\"https:\\\/\\\/www.przedszkole161.pl\\\/#\\\/schema\\\/person\\\/673325371d681555a8b67c870d21faac\"},\"breadcrumb\":{\"@id\":\"https:\\\/\\\/ple161.poznan.pl\\\/?p=11044#breadcrumb\"},\"inLanguage\":\"pl-PL\",\"potentialAction\":[{\"@type\":\"ReadAction\",\"target\":[\"https:\\\/\\\/ple161.poznan.pl\\\/?p=11044\"]}]},{\"@type\":\"ImageObject\",\"inLanguage\":\"pl-PL\",\"@id\":\"https:\\\/\\\/ple161.poznan.pl\\\/?p=11044#primaryimage\",\"url\":\"https:\\\/\\\/ple161.poznan.pl\\\/wp-content\\\/uploads\\\/2026\\\/01\\\/image0000001-7.jpg\",\"contentUrl\":\"https:\\\/\\\/ple161.poznan.pl\\\/wp-content\\\/uploads\\\/2026\\\/01\\\/image0000001-7.jpg\",\"width\":804,\"height\":782},{\"@type\":\"BreadcrumbList\",\"@id\":\"https:\\\/\\\/ple161.poznan.pl\\\/?p=11044#breadcrumb\",\"itemListElement\":[{\"@type\":\"ListItem\",\"position\":1,\"name\":\"Strona g\u0142\u00f3wna\",\"item\":\"https:\\\/\\\/www.przedszkole161.pl\\\/\"},{\"@type\":\"ListItem\",\"position\":2,\"name\":\"\u017bywe lekcje przyrody, spotkanie z aguti\"}]},{\"@type\":\"WebSite\",\"@id\":\"https:\\\/\\\/www.przedszkole161.pl\\\/#website\",\"url\":\"https:\\\/\\\/www.przedszkole161.pl\\\/\",\"name\":\"Przedszkole im. Ksi\u0119cia Przemys\u0142awa 161\",\"description\":\"\",\"potentialAction\":[{\"@type\":\"SearchAction\",\"target\":{\"@type\":\"EntryPoint\",\"urlTemplate\":\"https:\\\/\\\/www.przedszkole161.pl\\\/?s={search_term_string}\"},\"query-input\":{\"@type\":\"PropertyValueSpecification\",\"valueRequired\":true,\"valueName\":\"search_term_string\"}}],\"inLanguage\":\"pl-PL\"},{\"@type\":\"Person\",\"@id\":\"https:\\\/\\\/www.przedszkole161.pl\\\/#\\\/schema\\\/person\\\/673325371d681555a8b67c870d21faac\",\"name\":\"Magda Dulemba\",\"image\":{\"@type\":\"ImageObject\",\"inLanguage\":\"pl-PL\",\"@id\":\"https:\\\/\\\/secure.gravatar.com\\\/avatar\\\/f6f4cc73208d68c67fc19e1f80620e23d66ef2a923cb26a6d726fbc6a55bbcbc?s=96&d=mm&r=g\",\"url\":\"https:\\\/\\\/secure.gravatar.com\\\/avatar\\\/f6f4cc73208d68c67fc19e1f80620e23d66ef2a923cb26a6d726fbc6a55bbcbc?s=96&d=mm&r=g\",\"contentUrl\":\"https:\\\/\\\/secure.gravatar.com\\\/avatar\\\/f6f4cc73208d68c67fc19e1f80620e23d66ef2a923cb26a6d726fbc6a55bbcbc?s=96&d=mm&r=g\",\"caption\":\"Magda Dulemba\"},\"url\":\"https:\\\/\\\/ple161.poznan.pl\\\/?author=2\"}]}<\/script>\n<!-- \/ Yoast SEO plugin. -->","yoast_head_json":{"title":"\u017bywe lekcje przyrody, spotkanie z aguti - Przedszkole im. Ksi\u0119cia Przemys\u0142awa","robots":{"index":"noindex","follow":"follow"},"og_locale":"pl_PL","og_type":"article","og_title":"\u017bywe lekcje przyrody, spotkanie z aguti - Przedszkole im. Ksi\u0119cia Przemys\u0142awa","og_description":"28 stycznia ju\u017c kolejny\u00a0 w naszym przedszkolu odby\u0142a si\u0119 niezwyk\u0142a \u017cywa lekcja przyrody, podczas kt\u00f3rej dzieci mia\u0142y okazj\u0119 pozna\u0107 wyj\u0105tkowego go\u015bcia \u2013 aguti. To sympatyczne zwierz\u0105tko wzbudzi\u0142o ogromne zainteresowanie i rado\u015b\u0107 w\u015br\u00f3d przedszkolak\u00f3w. Podczas spotkania dzieci dowiedzia\u0142y si\u0119 wielu ciekawostek na temat \u017cycia aguti, jego naturalnego \u015brodowiska, sposobu od\u017cywiania oraz codziennych zwyczaj\u00f3w. Przedszkolaki z wielkim [&hellip;]","og_url":"https:\/\/ple161.poznan.pl\/?p=11044","og_site_name":"Przedszkole im. Ksi\u0119cia Przemys\u0142awa","article_published_time":"2026-01-29T11:42:53+00:00","article_modified_time":"2026-01-29T11:43:11+00:00","og_image":[{"width":804,"height":782,"url":"https:\/\/ple161.poznan.pl\/wp-content\/uploads\/2026\/01\/image0000001-7.jpg","type":"image\/jpeg"}],"author":"Magda Dulemba","twitter_card":"summary_large_image","twitter_misc":{"Napisane przez":"Magda Dulemba","Szacowany czas czytania":"1 minuta"},"schema":{"@context":"https:\/\/schema.org","@graph":[{"@type":"Article","@id":"https:\/\/ple161.poznan.pl\/?p=11044#article","isPartOf":{"@id":"https:\/\/ple161.poznan.pl\/?p=11044"},"author":{"name":"Magda Dulemba","@id":"https:\/\/www.przedszkole161.pl\/#\/schema\/person\/673325371d681555a8b67c870d21faac"},"headline":"\u017bywe lekcje przyrody, spotkanie z aguti","datePublished":"2026-01-29T11:42:53+00:00","dateModified":"2026-01-29T11:43:11+00:00","mainEntityOfPage":{"@id":"https:\/\/ple161.poznan.pl\/?p=11044"},"wordCount":134,"image":{"@id":"https:\/\/ple161.poznan.pl\/?p=11044#primaryimage"},"thumbnailUrl":"https:\/\/ple161.poznan.pl\/wp-content\/uploads\/2026\/01\/image0000001-7.jpg","articleSection":["Aktualno\u015bci","Wydarzenia"],"inLanguage":"pl-PL"},{"@type":"WebPage","@id":"https:\/\/ple161.poznan.pl\/?p=11044","url":"https:\/\/ple161.poznan.pl\/?p=11044","name":"\u017bywe lekcje przyrody, spotkanie z aguti - Przedszkole im. Ksi\u0119cia Przemys\u0142awa","isPartOf":{"@id":"https:\/\/www.przedszkole161.pl\/#website"},"primaryImageOfPage":{"@id":"https:\/\/ple161.poznan.pl\/?p=11044#primaryimage"},"image":{"@id":"https:\/\/ple161.poznan.pl\/?p=11044#primaryimage"},"thumbnailUrl":"https:\/\/ple161.poznan.pl\/wp-content\/uploads\/2026\/01\/image0000001-7.jpg","datePublished":"2026-01-29T11:42:53+00:00","dateModified":"2026-01-29T11:43:11+00:00","author":{"@id":"https:\/\/www.przedszkole161.pl\/#\/schema\/person\/673325371d681555a8b67c870d21faac"},"breadcrumb":{"@id":"https:\/\/ple161.poznan.pl\/?p=11044#breadcrumb"},"inLanguage":"pl-PL","potentialAction":[{"@type":"ReadAction","target":["https:\/\/ple161.poznan.pl\/?p=11044"]}]},{"@type":"ImageObject","inLanguage":"pl-PL","@id":"https:\/\/ple161.poznan.pl\/?p=11044#primaryimage","url":"https:\/\/ple161.poznan.pl\/wp-content\/uploads\/2026\/01\/image0000001-7.jpg","contentUrl":"https:\/\/ple161.poznan.pl\/wp-content\/uploads\/2026\/01\/image0000001-7.jpg","width":804,"height":782},{"@type":"BreadcrumbList","@id":"https:\/\/ple161.poznan.pl\/?p=11044#breadcrumb","itemListElement":[{"@type":"ListItem","position":1,"name":"Strona g\u0142\u00f3wna","item":"https:\/\/www.przedszkole161.pl\/"},{"@type":"ListItem","position":2,"name":"\u017bywe lekcje przyrody, spotkanie z aguti"}]},{"@type":"WebSite","@id":"https:\/\/www.przedszkole161.pl\/#website","url":"https:\/\/www.przedszkole161.pl\/","name":"Przedszkole im. Ksi\u0119cia Przemys\u0142awa 161","description":"","potentialAction":[{"@type":"SearchAction","target":{"@type":"EntryPoint","urlTemplate":"https:\/\/www.przedszkole161.pl\/?s={search_term_string}"},"query-input":{"@type":"PropertyValueSpecification","valueRequired":true,"valueName":"search_term_string"}}],"inLanguage":"pl-PL"},{"@type":"Person","@id":"https:\/\/www.przedszkole161.pl\/#\/schema\/person\/673325371d681555a8b67c870d21faac","name":"Magda Dulemba","image":{"@type":"ImageObject","inLanguage":"pl-PL","@id":"https:\/\/secure.gravatar.com\/avatar\/f6f4cc73208d68c67fc19e1f80620e23d66ef2a923cb26a6d726fbc6a55bbcbc?s=96&d=mm&r=g","url":"https:\/\/secure.gravatar.com\/avatar\/f6f4cc73208d68c67fc19e1f80620e23d66ef2a923cb26a6d726fbc6a55bbcbc?s=96&d=mm&r=g","contentUrl":"https:\/\/secure.gravatar.com\/avatar\/f6f4cc73208d68c67fc19e1f80620e23d66ef2a923cb26a6d726fbc6a55bbcbc?s=96&d=mm&r=g","caption":"Magda Dulemba"},"url":"https:\/\/ple161.poznan.pl\/?author=2"}]}},"_links":{"self":[{"href":"https:\/\/ple161.poznan.pl\/index.php?rest_route=\/wp\/v2\/posts\/11044","targetHints":{"allow":["GET"]}}],"collection":[{"href":"https:\/\/ple161.poznan.pl\/index.php?rest_route=\/wp\/v2\/posts"}],"about":[{"href":"https:\/\/ple161.poznan.pl\/index.php?rest_route=\/wp\/v2\/types\/post"}],"author":[{"embeddable":true,"href":"https:\/\/ple161.poznan.pl\/index.php?rest_route=\/wp\/v2\/users\/2"}],"replies":[{"embeddable":true,"href":"https:\/\/ple161.poznan.pl\/index.php?rest_route=%2Fwp%2Fv2%2Fcomments&post=11044"}],"version-history":[{"count":2,"href":"https:\/\/ple161.poznan.pl\/index.php?rest_route=\/wp\/v2\/posts\/11044\/revisions"}],"predecessor-version":[{"id":11048,"href":"https:\/\/ple161.poznan.pl\/index.php?rest_route=\/wp\/v2\/posts\/11044\/revisions\/11048"}],"wp:featuredmedia":[{"embeddable":true,"href":"https:\/\/ple161.poznan.pl\/index.php?rest_route=\/wp\/v2\/media\/11046"}],"wp:attachment":[{"href":"https:\/\/ple161.poznan.pl\/index.php?rest_route=%2Fwp%2Fv2%2Fmedia&parent=11044"}],"wp:term":[{"taxonomy":"category","embeddable":true,"href":"https:\/\/ple161.poznan.pl\/index.php?rest_route=%2Fwp%2Fv2%2Fcategories&post=11044"},{"taxonomy":"post_tag","embeddable":true,"href":"https:\/\/ple161.poznan.pl\/index.php?rest_route=%2Fwp%2Fv2%2Ftags&post=11044"}],"curies":[{"name":"wp","href":"https:\/\/api.w.org\/{rel}","templated":true}]}}