{"id":11042,"date":"2026-01-27T12:19:12","date_gmt":"2026-01-27T11:19:12","guid":{"rendered":"https:\/\/ple161.poznan.pl\/?p=11042"},"modified":"2026-01-29T12:34:32","modified_gmt":"2026-01-29T11:34:32","slug":"balik-karnawalowy-7","status":"publish","type":"post","link":"https:\/\/ple161.poznan.pl\/?p=11042","title":{"rendered":"Balik Karnawa\u0142owy"},"content":{"rendered":"<p data-start=\"189\" data-end=\"461\">26 stycznia w naszym przedszkolu odby\u0142 si\u0119\u00a0 Bal Karnawa\u0142owy, kt\u00f3ry dostarczy\u0142 dzieciom mn\u00f3stwo rado\u015bci i niezapomnianych wra\u017ce\u0144. Tego dnia sala wype\u0142ni\u0142a si\u0119 kolorowymi postaciami \u2013 mo\u017cna by\u0142o spotka\u0107 ksi\u0119\u017cniczki, zwierz\u0105tka oraz bohater\u00f3w ulubionych bajek. Podczas balu nie zabrak\u0142o weso\u0142ej muzyki, ta\u0144c\u00f3w, zabaw ruchowych i konkurs\u00f3w, kt\u00f3re wywo\u0142ywa\u0142y u\u015bmiechy na twarzach wszystkich przedszkolak\u00f3w. Dzieci z entuzjazmem bra\u0142y udzia\u0142 w przygotowanych atrakcjach, prezentuj\u0105c swoje pi\u0119kne stroje i \u015bwietnie si\u0119 bawi\u0105c w gronie r\u00f3wie\u015bnik\u00f3w. Bal karnawa\u0142owy by\u0142 doskona\u0142\u0105 okazj\u0105 do wsp\u00f3lnej zabawy, integracji oraz rozwijania dzieci\u0119cej wyobra\u017ani. To by\u0142 dzie\u0144 pe\u0142en magii, \u015bmiechu i dobrej energii, kt\u00f3ry na d\u0142ugo pozostanie w naszej pami\u0119ci.<\/p>\n","protected":false},"excerpt":{"rendered":"<p>26 stycznia w naszym przedszkolu odby\u0142 si\u0119\u00a0 Bal Karnawa\u0142owy, kt\u00f3ry dostarczy\u0142 dzieciom mn\u00f3stwo rado\u015bci i niezapomnianych wra\u017ce\u0144. Tego dnia sala wype\u0142ni\u0142a si\u0119 kolorowymi postaciami \u2013 mo\u017cna by\u0142o spotka\u0107 ksi\u0119\u017cniczki, zwierz\u0105tka oraz bohater\u00f3w ulubionych bajek. Podczas balu nie zabrak\u0142o weso\u0142ej muzyki, ta\u0144c\u00f3w, zabaw ruchowych i konkurs\u00f3w, kt\u00f3re wywo\u0142ywa\u0142y u\u015bmiechy na twarzach wszystkich przedszkolak\u00f3w. Dzieci z entuzjazmem [&hellip;]<\/p>\n","protected":false},"author":2,"featured_media":235,"comment_status":"closed","ping_status":"closed","sticky":false,"template":"","format":"standard","meta":{"ngg_post_thumbnail":0,"footnotes":""},"categories":[4,1],"tags":[],"class_list":["post-11042","post","type-post","status-publish","format-standard","has-post-thumbnail","hentry","category-aktualnosci","category-wydarzenia"],"yoast_head":"<!-- This site is optimized with the Yoast SEO plugin v27.4 - https:\/\/yoast.com\/product\/yoast-seo-wordpress\/ -->\n<title>Balik Karnawa\u0142owy - Przedszkole im. Ksi\u0119cia Przemys\u0142awa<\/title>\n<meta name=\"robots\" content=\"noindex, follow\" \/>\n<meta property=\"og:locale\" content=\"pl_PL\" \/>\n<meta property=\"og:type\" content=\"article\" \/>\n<meta property=\"og:title\" content=\"Balik Karnawa\u0142owy - Przedszkole im. Ksi\u0119cia Przemys\u0142awa\" \/>\n<meta property=\"og:description\" content=\"26 stycznia w naszym przedszkolu odby\u0142 si\u0119\u00a0 Bal Karnawa\u0142owy, kt\u00f3ry dostarczy\u0142 dzieciom mn\u00f3stwo rado\u015bci i niezapomnianych wra\u017ce\u0144. Tego dnia sala wype\u0142ni\u0142a si\u0119 kolorowymi postaciami \u2013 mo\u017cna by\u0142o spotka\u0107 ksi\u0119\u017cniczki, zwierz\u0105tka oraz bohater\u00f3w ulubionych bajek. Podczas balu nie zabrak\u0142o weso\u0142ej muzyki, ta\u0144c\u00f3w, zabaw ruchowych i konkurs\u00f3w, kt\u00f3re wywo\u0142ywa\u0142y u\u015bmiechy na twarzach wszystkich przedszkolak\u00f3w. Dzieci z entuzjazmem [&hellip;]\" \/>\n<meta property=\"og:url\" content=\"https:\/\/ple161.poznan.pl\/?p=11042\" \/>\n<meta property=\"og:site_name\" content=\"Przedszkole im. Ksi\u0119cia Przemys\u0142awa\" \/>\n<meta property=\"article:published_time\" content=\"2026-01-27T11:19:12+00:00\" \/>\n<meta property=\"article:modified_time\" content=\"2026-01-29T11:34:32+00:00\" \/>\n<meta property=\"og:image\" content=\"https:\/\/ple161.poznan.pl\/wp-content\/uploads\/2013\/02\/balik.jpg\" \/>\n\t<meta property=\"og:image:width\" content=\"360\" \/>\n\t<meta property=\"og:image:height\" content=\"360\" \/>\n\t<meta property=\"og:image:type\" content=\"image\/jpeg\" \/>\n<meta name=\"author\" content=\"Magda Dulemba\" \/>\n<meta name=\"twitter:card\" content=\"summary_large_image\" \/>\n<meta name=\"twitter:label1\" content=\"Napisane przez\" \/>\n\t<meta name=\"twitter:data1\" content=\"Magda Dulemba\" \/>\n\t<meta name=\"twitter:label2\" content=\"Szacowany czas czytania\" \/>\n\t<meta name=\"twitter:data2\" content=\"1 minuta\" \/>\n<script type=\"application\/ld+json\" class=\"yoast-schema-graph\">{\"@context\":\"https:\\\/\\\/schema.org\",\"@graph\":[{\"@type\":\"Article\",\"@id\":\"https:\\\/\\\/ple161.poznan.pl\\\/?p=11042#article\",\"isPartOf\":{\"@id\":\"https:\\\/\\\/ple161.poznan.pl\\\/?p=11042\"},\"author\":{\"name\":\"Magda Dulemba\",\"@id\":\"https:\\\/\\\/www.przedszkole161.pl\\\/#\\\/schema\\\/person\\\/673325371d681555a8b67c870d21faac\"},\"headline\":\"Balik Karnawa\u0142owy\",\"datePublished\":\"2026-01-27T11:19:12+00:00\",\"dateModified\":\"2026-01-29T11:34:32+00:00\",\"mainEntityOfPage\":{\"@id\":\"https:\\\/\\\/ple161.poznan.pl\\\/?p=11042\"},\"wordCount\":138,\"image\":{\"@id\":\"https:\\\/\\\/ple161.poznan.pl\\\/?p=11042#primaryimage\"},\"thumbnailUrl\":\"https:\\\/\\\/ple161.poznan.pl\\\/wp-content\\\/uploads\\\/2013\\\/02\\\/balik.jpg\",\"articleSection\":[\"Aktualno\u015bci\",\"Wydarzenia\"],\"inLanguage\":\"pl-PL\"},{\"@type\":\"WebPage\",\"@id\":\"https:\\\/\\\/ple161.poznan.pl\\\/?p=11042\",\"url\":\"https:\\\/\\\/ple161.poznan.pl\\\/?p=11042\",\"name\":\"Balik Karnawa\u0142owy - Przedszkole im. Ksi\u0119cia Przemys\u0142awa\",\"isPartOf\":{\"@id\":\"https:\\\/\\\/www.przedszkole161.pl\\\/#website\"},\"primaryImageOfPage\":{\"@id\":\"https:\\\/\\\/ple161.poznan.pl\\\/?p=11042#primaryimage\"},\"image\":{\"@id\":\"https:\\\/\\\/ple161.poznan.pl\\\/?p=11042#primaryimage\"},\"thumbnailUrl\":\"https:\\\/\\\/ple161.poznan.pl\\\/wp-content\\\/uploads\\\/2013\\\/02\\\/balik.jpg\",\"datePublished\":\"2026-01-27T11:19:12+00:00\",\"dateModified\":\"2026-01-29T11:34:32+00:00\",\"author\":{\"@id\":\"https:\\\/\\\/www.przedszkole161.pl\\\/#\\\/schema\\\/person\\\/673325371d681555a8b67c870d21faac\"},\"breadcrumb\":{\"@id\":\"https:\\\/\\\/ple161.poznan.pl\\\/?p=11042#breadcrumb\"},\"inLanguage\":\"pl-PL\",\"potentialAction\":[{\"@type\":\"ReadAction\",\"target\":[\"https:\\\/\\\/ple161.poznan.pl\\\/?p=11042\"]}]},{\"@type\":\"ImageObject\",\"inLanguage\":\"pl-PL\",\"@id\":\"https:\\\/\\\/ple161.poznan.pl\\\/?p=11042#primaryimage\",\"url\":\"https:\\\/\\\/ple161.poznan.pl\\\/wp-content\\\/uploads\\\/2013\\\/02\\\/balik.jpg\",\"contentUrl\":\"https:\\\/\\\/ple161.poznan.pl\\\/wp-content\\\/uploads\\\/2013\\\/02\\\/balik.jpg\",\"width\":360,\"height\":360},{\"@type\":\"BreadcrumbList\",\"@id\":\"https:\\\/\\\/ple161.poznan.pl\\\/?p=11042#breadcrumb\",\"itemListElement\":[{\"@type\":\"ListItem\",\"position\":1,\"name\":\"Strona g\u0142\u00f3wna\",\"item\":\"https:\\\/\\\/www.przedszkole161.pl\\\/\"},{\"@type\":\"ListItem\",\"position\":2,\"name\":\"Balik Karnawa\u0142owy\"}]},{\"@type\":\"WebSite\",\"@id\":\"https:\\\/\\\/www.przedszkole161.pl\\\/#website\",\"url\":\"https:\\\/\\\/www.przedszkole161.pl\\\/\",\"name\":\"Przedszkole im. Ksi\u0119cia Przemys\u0142awa 161\",\"description\":\"\",\"potentialAction\":[{\"@type\":\"SearchAction\",\"target\":{\"@type\":\"EntryPoint\",\"urlTemplate\":\"https:\\\/\\\/www.przedszkole161.pl\\\/?s={search_term_string}\"},\"query-input\":{\"@type\":\"PropertyValueSpecification\",\"valueRequired\":true,\"valueName\":\"search_term_string\"}}],\"inLanguage\":\"pl-PL\"},{\"@type\":\"Person\",\"@id\":\"https:\\\/\\\/www.przedszkole161.pl\\\/#\\\/schema\\\/person\\\/673325371d681555a8b67c870d21faac\",\"name\":\"Magda Dulemba\",\"image\":{\"@type\":\"ImageObject\",\"inLanguage\":\"pl-PL\",\"@id\":\"https:\\\/\\\/secure.gravatar.com\\\/avatar\\\/f6f4cc73208d68c67fc19e1f80620e23d66ef2a923cb26a6d726fbc6a55bbcbc?s=96&d=mm&r=g\",\"url\":\"https:\\\/\\\/secure.gravatar.com\\\/avatar\\\/f6f4cc73208d68c67fc19e1f80620e23d66ef2a923cb26a6d726fbc6a55bbcbc?s=96&d=mm&r=g\",\"contentUrl\":\"https:\\\/\\\/secure.gravatar.com\\\/avatar\\\/f6f4cc73208d68c67fc19e1f80620e23d66ef2a923cb26a6d726fbc6a55bbcbc?s=96&d=mm&r=g\",\"caption\":\"Magda Dulemba\"},\"url\":\"https:\\\/\\\/ple161.poznan.pl\\\/?author=2\"}]}<\/script>\n<!-- \/ Yoast SEO plugin. -->","yoast_head_json":{"title":"Balik Karnawa\u0142owy - Przedszkole im. Ksi\u0119cia Przemys\u0142awa","robots":{"index":"noindex","follow":"follow"},"og_locale":"pl_PL","og_type":"article","og_title":"Balik Karnawa\u0142owy - Przedszkole im. Ksi\u0119cia Przemys\u0142awa","og_description":"26 stycznia w naszym przedszkolu odby\u0142 si\u0119\u00a0 Bal Karnawa\u0142owy, kt\u00f3ry dostarczy\u0142 dzieciom mn\u00f3stwo rado\u015bci i niezapomnianych wra\u017ce\u0144. Tego dnia sala wype\u0142ni\u0142a si\u0119 kolorowymi postaciami \u2013 mo\u017cna by\u0142o spotka\u0107 ksi\u0119\u017cniczki, zwierz\u0105tka oraz bohater\u00f3w ulubionych bajek. Podczas balu nie zabrak\u0142o weso\u0142ej muzyki, ta\u0144c\u00f3w, zabaw ruchowych i konkurs\u00f3w, kt\u00f3re wywo\u0142ywa\u0142y u\u015bmiechy na twarzach wszystkich przedszkolak\u00f3w. Dzieci z entuzjazmem [&hellip;]","og_url":"https:\/\/ple161.poznan.pl\/?p=11042","og_site_name":"Przedszkole im. Ksi\u0119cia Przemys\u0142awa","article_published_time":"2026-01-27T11:19:12+00:00","article_modified_time":"2026-01-29T11:34:32+00:00","og_image":[{"width":360,"height":360,"url":"https:\/\/ple161.poznan.pl\/wp-content\/uploads\/2013\/02\/balik.jpg","type":"image\/jpeg"}],"author":"Magda Dulemba","twitter_card":"summary_large_image","twitter_misc":{"Napisane przez":"Magda Dulemba","Szacowany czas czytania":"1 minuta"},"schema":{"@context":"https:\/\/schema.org","@graph":[{"@type":"Article","@id":"https:\/\/ple161.poznan.pl\/?p=11042#article","isPartOf":{"@id":"https:\/\/ple161.poznan.pl\/?p=11042"},"author":{"name":"Magda Dulemba","@id":"https:\/\/www.przedszkole161.pl\/#\/schema\/person\/673325371d681555a8b67c870d21faac"},"headline":"Balik Karnawa\u0142owy","datePublished":"2026-01-27T11:19:12+00:00","dateModified":"2026-01-29T11:34:32+00:00","mainEntityOfPage":{"@id":"https:\/\/ple161.poznan.pl\/?p=11042"},"wordCount":138,"image":{"@id":"https:\/\/ple161.poznan.pl\/?p=11042#primaryimage"},"thumbnailUrl":"https:\/\/ple161.poznan.pl\/wp-content\/uploads\/2013\/02\/balik.jpg","articleSection":["Aktualno\u015bci","Wydarzenia"],"inLanguage":"pl-PL"},{"@type":"WebPage","@id":"https:\/\/ple161.poznan.pl\/?p=11042","url":"https:\/\/ple161.poznan.pl\/?p=11042","name":"Balik Karnawa\u0142owy - Przedszkole im. Ksi\u0119cia Przemys\u0142awa","isPartOf":{"@id":"https:\/\/www.przedszkole161.pl\/#website"},"primaryImageOfPage":{"@id":"https:\/\/ple161.poznan.pl\/?p=11042#primaryimage"},"image":{"@id":"https:\/\/ple161.poznan.pl\/?p=11042#primaryimage"},"thumbnailUrl":"https:\/\/ple161.poznan.pl\/wp-content\/uploads\/2013\/02\/balik.jpg","datePublished":"2026-01-27T11:19:12+00:00","dateModified":"2026-01-29T11:34:32+00:00","author":{"@id":"https:\/\/www.przedszkole161.pl\/#\/schema\/person\/673325371d681555a8b67c870d21faac"},"breadcrumb":{"@id":"https:\/\/ple161.poznan.pl\/?p=11042#breadcrumb"},"inLanguage":"pl-PL","potentialAction":[{"@type":"ReadAction","target":["https:\/\/ple161.poznan.pl\/?p=11042"]}]},{"@type":"ImageObject","inLanguage":"pl-PL","@id":"https:\/\/ple161.poznan.pl\/?p=11042#primaryimage","url":"https:\/\/ple161.poznan.pl\/wp-content\/uploads\/2013\/02\/balik.jpg","contentUrl":"https:\/\/ple161.poznan.pl\/wp-content\/uploads\/2013\/02\/balik.jpg","width":360,"height":360},{"@type":"BreadcrumbList","@id":"https:\/\/ple161.poznan.pl\/?p=11042#breadcrumb","itemListElement":[{"@type":"ListItem","position":1,"name":"Strona g\u0142\u00f3wna","item":"https:\/\/www.przedszkole161.pl\/"},{"@type":"ListItem","position":2,"name":"Balik Karnawa\u0142owy"}]},{"@type":"WebSite","@id":"https:\/\/www.przedszkole161.pl\/#website","url":"https:\/\/www.przedszkole161.pl\/","name":"Przedszkole im. Ksi\u0119cia Przemys\u0142awa 161","description":"","potentialAction":[{"@type":"SearchAction","target":{"@type":"EntryPoint","urlTemplate":"https:\/\/www.przedszkole161.pl\/?s={search_term_string}"},"query-input":{"@type":"PropertyValueSpecification","valueRequired":true,"valueName":"search_term_string"}}],"inLanguage":"pl-PL"},{"@type":"Person","@id":"https:\/\/www.przedszkole161.pl\/#\/schema\/person\/673325371d681555a8b67c870d21faac","name":"Magda Dulemba","image":{"@type":"ImageObject","inLanguage":"pl-PL","@id":"https:\/\/secure.gravatar.com\/avatar\/f6f4cc73208d68c67fc19e1f80620e23d66ef2a923cb26a6d726fbc6a55bbcbc?s=96&d=mm&r=g","url":"https:\/\/secure.gravatar.com\/avatar\/f6f4cc73208d68c67fc19e1f80620e23d66ef2a923cb26a6d726fbc6a55bbcbc?s=96&d=mm&r=g","contentUrl":"https:\/\/secure.gravatar.com\/avatar\/f6f4cc73208d68c67fc19e1f80620e23d66ef2a923cb26a6d726fbc6a55bbcbc?s=96&d=mm&r=g","caption":"Magda Dulemba"},"url":"https:\/\/ple161.poznan.pl\/?author=2"}]}},"_links":{"self":[{"href":"https:\/\/ple161.poznan.pl\/index.php?rest_route=\/wp\/v2\/posts\/11042","targetHints":{"allow":["GET"]}}],"collection":[{"href":"https:\/\/ple161.poznan.pl\/index.php?rest_route=\/wp\/v2\/posts"}],"about":[{"href":"https:\/\/ple161.poznan.pl\/index.php?rest_route=\/wp\/v2\/types\/post"}],"author":[{"embeddable":true,"href":"https:\/\/ple161.poznan.pl\/index.php?rest_route=\/wp\/v2\/users\/2"}],"replies":[{"embeddable":true,"href":"https:\/\/ple161.poznan.pl\/index.php?rest_route=%2Fwp%2Fv2%2Fcomments&post=11042"}],"version-history":[{"count":2,"href":"https:\/\/ple161.poznan.pl\/index.php?rest_route=\/wp\/v2\/posts\/11042\/revisions"}],"predecessor-version":[{"id":11045,"href":"https:\/\/ple161.poznan.pl\/index.php?rest_route=\/wp\/v2\/posts\/11042\/revisions\/11045"}],"wp:featuredmedia":[{"embeddable":true,"href":"https:\/\/ple161.poznan.pl\/index.php?rest_route=\/wp\/v2\/media\/235"}],"wp:attachment":[{"href":"https:\/\/ple161.poznan.pl\/index.php?rest_route=%2Fwp%2Fv2%2Fmedia&parent=11042"}],"wp:term":[{"taxonomy":"category","embeddable":true,"href":"https:\/\/ple161.poznan.pl\/index.php?rest_route=%2Fwp%2Fv2%2Fcategories&post=11042"},{"taxonomy":"post_tag","embeddable":true,"href":"https:\/\/ple161.poznan.pl\/index.php?rest_route=%2Fwp%2Fv2%2Ftags&post=11042"}],"curies":[{"name":"wp","href":"https:\/\/api.w.org\/{rel}","templated":true}]}}