{"id":10981,"date":"2025-12-07T17:37:15","date_gmt":"2025-12-07T16:37:15","guid":{"rendered":"https:\/\/ple161.poznan.pl\/?p=10981"},"modified":"2025-12-10T17:37:33","modified_gmt":"2025-12-10T16:37:33","slug":"mikolajki-2","status":"publish","type":"post","link":"https:\/\/ple161.poznan.pl\/?p=10981","title":{"rendered":"Miko\u0142ajki"},"content":{"rendered":"<p data-start=\"147\" data-end=\"397\">5 grudnia\u00a0 w naszym przedszkolu obchodzili\u015bmy Miko\u0142ajki. Ju\u017c od rana panowa\u0142a radosna atmosfera, a dzieci przysz\u0142y ubrane w czerwone czapeczki i \u015bwi\u0105teczne sweterki. W salach gra\u0142y \u015bwi\u0105teczne piosenki, a wszyscy niecierpliwie czekali na wyj\u0105tkowego go\u015bcia. Po \u015bniadaniu rozleg\u0142o si\u0119 g\u0142o\u015bne \u201eHo, ho, ho!\u201d, i wszyscy my\u015bleli, \u017ce do przedszkola wszed\u0142 sam \u015awi\u0119ty Miko\u0142aj, ale niestety w tym roku mia\u0142 bardzo du\u017co pracy i w biegu zostawi\u0142 nam prezenty. Na korytarzu zostawi\u0142 tylko bia\u0142e od \u015bniegu \u015blady i znikn\u0105\u0142.\u00a0To by\u0142 dzie\u0144 pe\u0142en u\u015bmiechu i magii.<\/p>\n","protected":false},"excerpt":{"rendered":"<p>5 grudnia\u00a0 w naszym przedszkolu obchodzili\u015bmy Miko\u0142ajki. Ju\u017c od rana panowa\u0142a radosna atmosfera, a dzieci przysz\u0142y ubrane w czerwone czapeczki i \u015bwi\u0105teczne sweterki. W salach gra\u0142y \u015bwi\u0105teczne piosenki, a wszyscy niecierpliwie czekali na wyj\u0105tkowego go\u015bcia. Po \u015bniadaniu rozleg\u0142o si\u0119 g\u0142o\u015bne \u201eHo, ho, ho!\u201d, i wszyscy my\u015bleli, \u017ce do przedszkola wszed\u0142 sam \u015awi\u0119ty Miko\u0142aj, ale niestety [&hellip;]<\/p>\n","protected":false},"author":2,"featured_media":190,"comment_status":"closed","ping_status":"closed","sticky":false,"template":"","format":"standard","meta":{"ngg_post_thumbnail":0,"footnotes":""},"categories":[4,1],"tags":[],"class_list":["post-10981","post","type-post","status-publish","format-standard","has-post-thumbnail","hentry","category-aktualnosci","category-wydarzenia"],"yoast_head":"<!-- This site is optimized with the Yoast SEO plugin v27.4 - https:\/\/yoast.com\/product\/yoast-seo-wordpress\/ -->\n<title>Miko\u0142ajki - Przedszkole im. Ksi\u0119cia Przemys\u0142awa<\/title>\n<meta name=\"robots\" content=\"noindex, follow\" \/>\n<meta property=\"og:locale\" content=\"pl_PL\" \/>\n<meta property=\"og:type\" content=\"article\" \/>\n<meta property=\"og:title\" content=\"Miko\u0142ajki - Przedszkole im. Ksi\u0119cia Przemys\u0142awa\" \/>\n<meta property=\"og:description\" content=\"5 grudnia\u00a0 w naszym przedszkolu obchodzili\u015bmy Miko\u0142ajki. Ju\u017c od rana panowa\u0142a radosna atmosfera, a dzieci przysz\u0142y ubrane w czerwone czapeczki i \u015bwi\u0105teczne sweterki. W salach gra\u0142y \u015bwi\u0105teczne piosenki, a wszyscy niecierpliwie czekali na wyj\u0105tkowego go\u015bcia. Po \u015bniadaniu rozleg\u0142o si\u0119 g\u0142o\u015bne \u201eHo, ho, ho!\u201d, i wszyscy my\u015bleli, \u017ce do przedszkola wszed\u0142 sam \u015awi\u0119ty Miko\u0142aj, ale niestety [&hellip;]\" \/>\n<meta property=\"og:url\" content=\"https:\/\/ple161.poznan.pl\/?p=10981\" \/>\n<meta property=\"og:site_name\" content=\"Przedszkole im. Ksi\u0119cia Przemys\u0142awa\" \/>\n<meta property=\"article:published_time\" content=\"2025-12-07T16:37:15+00:00\" \/>\n<meta property=\"article:modified_time\" content=\"2025-12-10T16:37:33+00:00\" \/>\n<meta property=\"og:image\" content=\"https:\/\/ple161.poznan.pl\/wp-content\/uploads\/2013\/01\/mikolaj.jpg\" \/>\n\t<meta property=\"og:image:width\" content=\"200\" \/>\n\t<meta property=\"og:image:height\" content=\"191\" \/>\n\t<meta property=\"og:image:type\" content=\"image\/jpeg\" \/>\n<meta name=\"author\" content=\"Magda Dulemba\" \/>\n<meta name=\"twitter:card\" content=\"summary_large_image\" \/>\n<meta name=\"twitter:label1\" content=\"Napisane przez\" \/>\n\t<meta name=\"twitter:data1\" content=\"Magda Dulemba\" \/>\n\t<meta name=\"twitter:label2\" content=\"Szacowany czas czytania\" \/>\n\t<meta name=\"twitter:data2\" content=\"1 minuta\" \/>\n<script type=\"application\/ld+json\" class=\"yoast-schema-graph\">{\"@context\":\"https:\\\/\\\/schema.org\",\"@graph\":[{\"@type\":\"Article\",\"@id\":\"https:\\\/\\\/ple161.poznan.pl\\\/?p=10981#article\",\"isPartOf\":{\"@id\":\"https:\\\/\\\/ple161.poznan.pl\\\/?p=10981\"},\"author\":{\"name\":\"Magda Dulemba\",\"@id\":\"https:\\\/\\\/www.przedszkole161.pl\\\/#\\\/schema\\\/person\\\/673325371d681555a8b67c870d21faac\"},\"headline\":\"Miko\u0142ajki\",\"datePublished\":\"2025-12-07T16:37:15+00:00\",\"dateModified\":\"2025-12-10T16:37:33+00:00\",\"mainEntityOfPage\":{\"@id\":\"https:\\\/\\\/ple161.poznan.pl\\\/?p=10981\"},\"wordCount\":105,\"image\":{\"@id\":\"https:\\\/\\\/ple161.poznan.pl\\\/?p=10981#primaryimage\"},\"thumbnailUrl\":\"https:\\\/\\\/ple161.poznan.pl\\\/wp-content\\\/uploads\\\/2013\\\/01\\\/mikolaj.jpg\",\"articleSection\":[\"Aktualno\u015bci\",\"Wydarzenia\"],\"inLanguage\":\"pl-PL\"},{\"@type\":\"WebPage\",\"@id\":\"https:\\\/\\\/ple161.poznan.pl\\\/?p=10981\",\"url\":\"https:\\\/\\\/ple161.poznan.pl\\\/?p=10981\",\"name\":\"Miko\u0142ajki - Przedszkole im. Ksi\u0119cia Przemys\u0142awa\",\"isPartOf\":{\"@id\":\"https:\\\/\\\/www.przedszkole161.pl\\\/#website\"},\"primaryImageOfPage\":{\"@id\":\"https:\\\/\\\/ple161.poznan.pl\\\/?p=10981#primaryimage\"},\"image\":{\"@id\":\"https:\\\/\\\/ple161.poznan.pl\\\/?p=10981#primaryimage\"},\"thumbnailUrl\":\"https:\\\/\\\/ple161.poznan.pl\\\/wp-content\\\/uploads\\\/2013\\\/01\\\/mikolaj.jpg\",\"datePublished\":\"2025-12-07T16:37:15+00:00\",\"dateModified\":\"2025-12-10T16:37:33+00:00\",\"author\":{\"@id\":\"https:\\\/\\\/www.przedszkole161.pl\\\/#\\\/schema\\\/person\\\/673325371d681555a8b67c870d21faac\"},\"breadcrumb\":{\"@id\":\"https:\\\/\\\/ple161.poznan.pl\\\/?p=10981#breadcrumb\"},\"inLanguage\":\"pl-PL\",\"potentialAction\":[{\"@type\":\"ReadAction\",\"target\":[\"https:\\\/\\\/ple161.poznan.pl\\\/?p=10981\"]}]},{\"@type\":\"ImageObject\",\"inLanguage\":\"pl-PL\",\"@id\":\"https:\\\/\\\/ple161.poznan.pl\\\/?p=10981#primaryimage\",\"url\":\"https:\\\/\\\/ple161.poznan.pl\\\/wp-content\\\/uploads\\\/2013\\\/01\\\/mikolaj.jpg\",\"contentUrl\":\"https:\\\/\\\/ple161.poznan.pl\\\/wp-content\\\/uploads\\\/2013\\\/01\\\/mikolaj.jpg\",\"width\":200,\"height\":191},{\"@type\":\"BreadcrumbList\",\"@id\":\"https:\\\/\\\/ple161.poznan.pl\\\/?p=10981#breadcrumb\",\"itemListElement\":[{\"@type\":\"ListItem\",\"position\":1,\"name\":\"Strona g\u0142\u00f3wna\",\"item\":\"https:\\\/\\\/www.przedszkole161.pl\\\/\"},{\"@type\":\"ListItem\",\"position\":2,\"name\":\"Miko\u0142ajki\"}]},{\"@type\":\"WebSite\",\"@id\":\"https:\\\/\\\/www.przedszkole161.pl\\\/#website\",\"url\":\"https:\\\/\\\/www.przedszkole161.pl\\\/\",\"name\":\"Przedszkole im. Ksi\u0119cia Przemys\u0142awa 161\",\"description\":\"\",\"potentialAction\":[{\"@type\":\"SearchAction\",\"target\":{\"@type\":\"EntryPoint\",\"urlTemplate\":\"https:\\\/\\\/www.przedszkole161.pl\\\/?s={search_term_string}\"},\"query-input\":{\"@type\":\"PropertyValueSpecification\",\"valueRequired\":true,\"valueName\":\"search_term_string\"}}],\"inLanguage\":\"pl-PL\"},{\"@type\":\"Person\",\"@id\":\"https:\\\/\\\/www.przedszkole161.pl\\\/#\\\/schema\\\/person\\\/673325371d681555a8b67c870d21faac\",\"name\":\"Magda Dulemba\",\"image\":{\"@type\":\"ImageObject\",\"inLanguage\":\"pl-PL\",\"@id\":\"https:\\\/\\\/secure.gravatar.com\\\/avatar\\\/f6f4cc73208d68c67fc19e1f80620e23d66ef2a923cb26a6d726fbc6a55bbcbc?s=96&d=mm&r=g\",\"url\":\"https:\\\/\\\/secure.gravatar.com\\\/avatar\\\/f6f4cc73208d68c67fc19e1f80620e23d66ef2a923cb26a6d726fbc6a55bbcbc?s=96&d=mm&r=g\",\"contentUrl\":\"https:\\\/\\\/secure.gravatar.com\\\/avatar\\\/f6f4cc73208d68c67fc19e1f80620e23d66ef2a923cb26a6d726fbc6a55bbcbc?s=96&d=mm&r=g\",\"caption\":\"Magda Dulemba\"},\"url\":\"https:\\\/\\\/ple161.poznan.pl\\\/?author=2\"}]}<\/script>\n<!-- \/ Yoast SEO plugin. -->","yoast_head_json":{"title":"Miko\u0142ajki - Przedszkole im. Ksi\u0119cia Przemys\u0142awa","robots":{"index":"noindex","follow":"follow"},"og_locale":"pl_PL","og_type":"article","og_title":"Miko\u0142ajki - Przedszkole im. Ksi\u0119cia Przemys\u0142awa","og_description":"5 grudnia\u00a0 w naszym przedszkolu obchodzili\u015bmy Miko\u0142ajki. Ju\u017c od rana panowa\u0142a radosna atmosfera, a dzieci przysz\u0142y ubrane w czerwone czapeczki i \u015bwi\u0105teczne sweterki. W salach gra\u0142y \u015bwi\u0105teczne piosenki, a wszyscy niecierpliwie czekali na wyj\u0105tkowego go\u015bcia. Po \u015bniadaniu rozleg\u0142o si\u0119 g\u0142o\u015bne \u201eHo, ho, ho!\u201d, i wszyscy my\u015bleli, \u017ce do przedszkola wszed\u0142 sam \u015awi\u0119ty Miko\u0142aj, ale niestety [&hellip;]","og_url":"https:\/\/ple161.poznan.pl\/?p=10981","og_site_name":"Przedszkole im. Ksi\u0119cia Przemys\u0142awa","article_published_time":"2025-12-07T16:37:15+00:00","article_modified_time":"2025-12-10T16:37:33+00:00","og_image":[{"width":200,"height":191,"url":"https:\/\/ple161.poznan.pl\/wp-content\/uploads\/2013\/01\/mikolaj.jpg","type":"image\/jpeg"}],"author":"Magda Dulemba","twitter_card":"summary_large_image","twitter_misc":{"Napisane przez":"Magda Dulemba","Szacowany czas czytania":"1 minuta"},"schema":{"@context":"https:\/\/schema.org","@graph":[{"@type":"Article","@id":"https:\/\/ple161.poznan.pl\/?p=10981#article","isPartOf":{"@id":"https:\/\/ple161.poznan.pl\/?p=10981"},"author":{"name":"Magda Dulemba","@id":"https:\/\/www.przedszkole161.pl\/#\/schema\/person\/673325371d681555a8b67c870d21faac"},"headline":"Miko\u0142ajki","datePublished":"2025-12-07T16:37:15+00:00","dateModified":"2025-12-10T16:37:33+00:00","mainEntityOfPage":{"@id":"https:\/\/ple161.poznan.pl\/?p=10981"},"wordCount":105,"image":{"@id":"https:\/\/ple161.poznan.pl\/?p=10981#primaryimage"},"thumbnailUrl":"https:\/\/ple161.poznan.pl\/wp-content\/uploads\/2013\/01\/mikolaj.jpg","articleSection":["Aktualno\u015bci","Wydarzenia"],"inLanguage":"pl-PL"},{"@type":"WebPage","@id":"https:\/\/ple161.poznan.pl\/?p=10981","url":"https:\/\/ple161.poznan.pl\/?p=10981","name":"Miko\u0142ajki - Przedszkole im. Ksi\u0119cia Przemys\u0142awa","isPartOf":{"@id":"https:\/\/www.przedszkole161.pl\/#website"},"primaryImageOfPage":{"@id":"https:\/\/ple161.poznan.pl\/?p=10981#primaryimage"},"image":{"@id":"https:\/\/ple161.poznan.pl\/?p=10981#primaryimage"},"thumbnailUrl":"https:\/\/ple161.poznan.pl\/wp-content\/uploads\/2013\/01\/mikolaj.jpg","datePublished":"2025-12-07T16:37:15+00:00","dateModified":"2025-12-10T16:37:33+00:00","author":{"@id":"https:\/\/www.przedszkole161.pl\/#\/schema\/person\/673325371d681555a8b67c870d21faac"},"breadcrumb":{"@id":"https:\/\/ple161.poznan.pl\/?p=10981#breadcrumb"},"inLanguage":"pl-PL","potentialAction":[{"@type":"ReadAction","target":["https:\/\/ple161.poznan.pl\/?p=10981"]}]},{"@type":"ImageObject","inLanguage":"pl-PL","@id":"https:\/\/ple161.poznan.pl\/?p=10981#primaryimage","url":"https:\/\/ple161.poznan.pl\/wp-content\/uploads\/2013\/01\/mikolaj.jpg","contentUrl":"https:\/\/ple161.poznan.pl\/wp-content\/uploads\/2013\/01\/mikolaj.jpg","width":200,"height":191},{"@type":"BreadcrumbList","@id":"https:\/\/ple161.poznan.pl\/?p=10981#breadcrumb","itemListElement":[{"@type":"ListItem","position":1,"name":"Strona g\u0142\u00f3wna","item":"https:\/\/www.przedszkole161.pl\/"},{"@type":"ListItem","position":2,"name":"Miko\u0142ajki"}]},{"@type":"WebSite","@id":"https:\/\/www.przedszkole161.pl\/#website","url":"https:\/\/www.przedszkole161.pl\/","name":"Przedszkole im. Ksi\u0119cia Przemys\u0142awa 161","description":"","potentialAction":[{"@type":"SearchAction","target":{"@type":"EntryPoint","urlTemplate":"https:\/\/www.przedszkole161.pl\/?s={search_term_string}"},"query-input":{"@type":"PropertyValueSpecification","valueRequired":true,"valueName":"search_term_string"}}],"inLanguage":"pl-PL"},{"@type":"Person","@id":"https:\/\/www.przedszkole161.pl\/#\/schema\/person\/673325371d681555a8b67c870d21faac","name":"Magda Dulemba","image":{"@type":"ImageObject","inLanguage":"pl-PL","@id":"https:\/\/secure.gravatar.com\/avatar\/f6f4cc73208d68c67fc19e1f80620e23d66ef2a923cb26a6d726fbc6a55bbcbc?s=96&d=mm&r=g","url":"https:\/\/secure.gravatar.com\/avatar\/f6f4cc73208d68c67fc19e1f80620e23d66ef2a923cb26a6d726fbc6a55bbcbc?s=96&d=mm&r=g","contentUrl":"https:\/\/secure.gravatar.com\/avatar\/f6f4cc73208d68c67fc19e1f80620e23d66ef2a923cb26a6d726fbc6a55bbcbc?s=96&d=mm&r=g","caption":"Magda Dulemba"},"url":"https:\/\/ple161.poznan.pl\/?author=2"}]}},"_links":{"self":[{"href":"https:\/\/ple161.poznan.pl\/index.php?rest_route=\/wp\/v2\/posts\/10981","targetHints":{"allow":["GET"]}}],"collection":[{"href":"https:\/\/ple161.poznan.pl\/index.php?rest_route=\/wp\/v2\/posts"}],"about":[{"href":"https:\/\/ple161.poznan.pl\/index.php?rest_route=\/wp\/v2\/types\/post"}],"author":[{"embeddable":true,"href":"https:\/\/ple161.poznan.pl\/index.php?rest_route=\/wp\/v2\/users\/2"}],"replies":[{"embeddable":true,"href":"https:\/\/ple161.poznan.pl\/index.php?rest_route=%2Fwp%2Fv2%2Fcomments&post=10981"}],"version-history":[{"count":1,"href":"https:\/\/ple161.poznan.pl\/index.php?rest_route=\/wp\/v2\/posts\/10981\/revisions"}],"predecessor-version":[{"id":10982,"href":"https:\/\/ple161.poznan.pl\/index.php?rest_route=\/wp\/v2\/posts\/10981\/revisions\/10982"}],"wp:featuredmedia":[{"embeddable":true,"href":"https:\/\/ple161.poznan.pl\/index.php?rest_route=\/wp\/v2\/media\/190"}],"wp:attachment":[{"href":"https:\/\/ple161.poznan.pl\/index.php?rest_route=%2Fwp%2Fv2%2Fmedia&parent=10981"}],"wp:term":[{"taxonomy":"category","embeddable":true,"href":"https:\/\/ple161.poznan.pl\/index.php?rest_route=%2Fwp%2Fv2%2Fcategories&post=10981"},{"taxonomy":"post_tag","embeddable":true,"href":"https:\/\/ple161.poznan.pl\/index.php?rest_route=%2Fwp%2Fv2%2Ftags&post=10981"}],"curies":[{"name":"wp","href":"https:\/\/api.w.org\/{rel}","templated":true}]}}