{"id":10913,"date":"2025-12-01T20:40:12","date_gmt":"2025-12-01T19:40:12","guid":{"rendered":"https:\/\/ple161.poznan.pl\/?p=10913"},"modified":"2025-12-01T20:40:12","modified_gmt":"2025-12-01T19:40:12","slug":"adrzejki","status":"publish","type":"post","link":"https:\/\/ple161.poznan.pl\/?p=10913","title":{"rendered":"Adrzejki"},"content":{"rendered":"<p data-start=\"190\" data-end=\"420\">W naszym przedszkolu odby\u0142y si\u0119 radosne i pe\u0142ne magii zabawy andrzejkowe. Dzieci pozna\u0142y tradycje zwi\u0105zane z tym wyj\u0105tkowym dniem i bra\u0142y udzia\u0142 w wielu ciekawych wr\u00f3\u017cbach oraz aktywno\u015bciach przygotowanych specjalnie dla nich. Przedszkolaki z zainteresowaniem s\u0142ucha\u0142y opowie\u015bci o dawnych zwyczajach andrzejkowych, a nast\u0119pnie samodzielnie sprawdza\u0142y, co \u201elos\u201d przygotowa\u0142 im na przysz\u0142o\u015b\u0107. Wr\u00f3\u017cby by\u0142y oczywi\u015bcie dostosowane do wieku dzieci \u2013 la\u0142y wosk przez klucz, losowa\u0142y magiczne obrazki, wybiera\u0142y karteczki z zawodami oraz sprawdza\u0142y, kt\u00f3ry bucik jako pierwszy dotrze do drzwi. Wszystkie zabawy odbywa\u0142y si\u0119 w atmosferze rado\u015bci, \u015bmiechu i pozytywnych emocji.<\/p>\n","protected":false},"excerpt":{"rendered":"<p>W naszym przedszkolu odby\u0142y si\u0119 radosne i pe\u0142ne magii zabawy andrzejkowe. Dzieci pozna\u0142y tradycje zwi\u0105zane z tym wyj\u0105tkowym dniem i bra\u0142y udzia\u0142 w wielu ciekawych wr\u00f3\u017cbach oraz aktywno\u015bciach przygotowanych specjalnie dla nich. Przedszkolaki z zainteresowaniem s\u0142ucha\u0142y opowie\u015bci o dawnych zwyczajach andrzejkowych, a nast\u0119pnie samodzielnie sprawdza\u0142y, co \u201elos\u201d przygotowa\u0142 im na przysz\u0142o\u015b\u0107. Wr\u00f3\u017cby by\u0142y oczywi\u015bcie dostosowane [&hellip;]<\/p>\n","protected":false},"author":2,"featured_media":8911,"comment_status":"closed","ping_status":"closed","sticky":false,"template":"","format":"standard","meta":{"ngg_post_thumbnail":0,"footnotes":""},"categories":[4,1],"tags":[],"class_list":["post-10913","post","type-post","status-publish","format-standard","has-post-thumbnail","hentry","category-aktualnosci","category-wydarzenia"],"yoast_head":"<!-- This site is optimized with the Yoast SEO plugin v27.4 - https:\/\/yoast.com\/product\/yoast-seo-wordpress\/ -->\n<title>Adrzejki - Przedszkole im. Ksi\u0119cia Przemys\u0142awa<\/title>\n<meta name=\"robots\" content=\"noindex, follow\" \/>\n<meta property=\"og:locale\" content=\"pl_PL\" \/>\n<meta property=\"og:type\" content=\"article\" \/>\n<meta property=\"og:title\" content=\"Adrzejki - Przedszkole im. Ksi\u0119cia Przemys\u0142awa\" \/>\n<meta property=\"og:description\" content=\"W naszym przedszkolu odby\u0142y si\u0119 radosne i pe\u0142ne magii zabawy andrzejkowe. Dzieci pozna\u0142y tradycje zwi\u0105zane z tym wyj\u0105tkowym dniem i bra\u0142y udzia\u0142 w wielu ciekawych wr\u00f3\u017cbach oraz aktywno\u015bciach przygotowanych specjalnie dla nich. Przedszkolaki z zainteresowaniem s\u0142ucha\u0142y opowie\u015bci o dawnych zwyczajach andrzejkowych, a nast\u0119pnie samodzielnie sprawdza\u0142y, co \u201elos\u201d przygotowa\u0142 im na przysz\u0142o\u015b\u0107. Wr\u00f3\u017cby by\u0142y oczywi\u015bcie dostosowane [&hellip;]\" \/>\n<meta property=\"og:url\" content=\"https:\/\/ple161.poznan.pl\/?p=10913\" \/>\n<meta property=\"og:site_name\" content=\"Przedszkole im. Ksi\u0119cia Przemys\u0142awa\" \/>\n<meta property=\"article:published_time\" content=\"2025-12-01T19:40:12+00:00\" \/>\n<meta property=\"og:image\" content=\"https:\/\/ple161.poznan.pl\/wp-content\/uploads\/2023\/12\/andrzejki.gif\" \/>\n\t<meta property=\"og:image:width\" content=\"356\" \/>\n\t<meta property=\"og:image:height\" content=\"327\" \/>\n\t<meta property=\"og:image:type\" content=\"image\/gif\" \/>\n<meta name=\"author\" content=\"Magda Dulemba\" \/>\n<meta name=\"twitter:card\" content=\"summary_large_image\" \/>\n<meta name=\"twitter:label1\" content=\"Napisane przez\" \/>\n\t<meta name=\"twitter:data1\" content=\"Magda Dulemba\" \/>\n\t<meta name=\"twitter:label2\" content=\"Szacowany czas czytania\" \/>\n\t<meta name=\"twitter:data2\" content=\"1 minuta\" \/>\n<script type=\"application\/ld+json\" class=\"yoast-schema-graph\">{\"@context\":\"https:\\\/\\\/schema.org\",\"@graph\":[{\"@type\":\"Article\",\"@id\":\"https:\\\/\\\/ple161.poznan.pl\\\/?p=10913#article\",\"isPartOf\":{\"@id\":\"https:\\\/\\\/ple161.poznan.pl\\\/?p=10913\"},\"author\":{\"name\":\"Magda Dulemba\",\"@id\":\"https:\\\/\\\/www.przedszkole161.pl\\\/#\\\/schema\\\/person\\\/673325371d681555a8b67c870d21faac\"},\"headline\":\"Adrzejki\",\"datePublished\":\"2025-12-01T19:40:12+00:00\",\"mainEntityOfPage\":{\"@id\":\"https:\\\/\\\/ple161.poznan.pl\\\/?p=10913\"},\"wordCount\":114,\"image\":{\"@id\":\"https:\\\/\\\/ple161.poznan.pl\\\/?p=10913#primaryimage\"},\"thumbnailUrl\":\"https:\\\/\\\/ple161.poznan.pl\\\/wp-content\\\/uploads\\\/2023\\\/12\\\/andrzejki.gif\",\"articleSection\":[\"Aktualno\u015bci\",\"Wydarzenia\"],\"inLanguage\":\"pl-PL\"},{\"@type\":\"WebPage\",\"@id\":\"https:\\\/\\\/ple161.poznan.pl\\\/?p=10913\",\"url\":\"https:\\\/\\\/ple161.poznan.pl\\\/?p=10913\",\"name\":\"Adrzejki - Przedszkole im. Ksi\u0119cia Przemys\u0142awa\",\"isPartOf\":{\"@id\":\"https:\\\/\\\/www.przedszkole161.pl\\\/#website\"},\"primaryImageOfPage\":{\"@id\":\"https:\\\/\\\/ple161.poznan.pl\\\/?p=10913#primaryimage\"},\"image\":{\"@id\":\"https:\\\/\\\/ple161.poznan.pl\\\/?p=10913#primaryimage\"},\"thumbnailUrl\":\"https:\\\/\\\/ple161.poznan.pl\\\/wp-content\\\/uploads\\\/2023\\\/12\\\/andrzejki.gif\",\"datePublished\":\"2025-12-01T19:40:12+00:00\",\"author\":{\"@id\":\"https:\\\/\\\/www.przedszkole161.pl\\\/#\\\/schema\\\/person\\\/673325371d681555a8b67c870d21faac\"},\"breadcrumb\":{\"@id\":\"https:\\\/\\\/ple161.poznan.pl\\\/?p=10913#breadcrumb\"},\"inLanguage\":\"pl-PL\",\"potentialAction\":[{\"@type\":\"ReadAction\",\"target\":[\"https:\\\/\\\/ple161.poznan.pl\\\/?p=10913\"]}]},{\"@type\":\"ImageObject\",\"inLanguage\":\"pl-PL\",\"@id\":\"https:\\\/\\\/ple161.poznan.pl\\\/?p=10913#primaryimage\",\"url\":\"https:\\\/\\\/ple161.poznan.pl\\\/wp-content\\\/uploads\\\/2023\\\/12\\\/andrzejki.gif\",\"contentUrl\":\"https:\\\/\\\/ple161.poznan.pl\\\/wp-content\\\/uploads\\\/2023\\\/12\\\/andrzejki.gif\",\"width\":356,\"height\":327},{\"@type\":\"BreadcrumbList\",\"@id\":\"https:\\\/\\\/ple161.poznan.pl\\\/?p=10913#breadcrumb\",\"itemListElement\":[{\"@type\":\"ListItem\",\"position\":1,\"name\":\"Strona g\u0142\u00f3wna\",\"item\":\"https:\\\/\\\/www.przedszkole161.pl\\\/\"},{\"@type\":\"ListItem\",\"position\":2,\"name\":\"Adrzejki\"}]},{\"@type\":\"WebSite\",\"@id\":\"https:\\\/\\\/www.przedszkole161.pl\\\/#website\",\"url\":\"https:\\\/\\\/www.przedszkole161.pl\\\/\",\"name\":\"Przedszkole im. Ksi\u0119cia Przemys\u0142awa 161\",\"description\":\"\",\"potentialAction\":[{\"@type\":\"SearchAction\",\"target\":{\"@type\":\"EntryPoint\",\"urlTemplate\":\"https:\\\/\\\/www.przedszkole161.pl\\\/?s={search_term_string}\"},\"query-input\":{\"@type\":\"PropertyValueSpecification\",\"valueRequired\":true,\"valueName\":\"search_term_string\"}}],\"inLanguage\":\"pl-PL\"},{\"@type\":\"Person\",\"@id\":\"https:\\\/\\\/www.przedszkole161.pl\\\/#\\\/schema\\\/person\\\/673325371d681555a8b67c870d21faac\",\"name\":\"Magda Dulemba\",\"image\":{\"@type\":\"ImageObject\",\"inLanguage\":\"pl-PL\",\"@id\":\"https:\\\/\\\/secure.gravatar.com\\\/avatar\\\/f6f4cc73208d68c67fc19e1f80620e23d66ef2a923cb26a6d726fbc6a55bbcbc?s=96&d=mm&r=g\",\"url\":\"https:\\\/\\\/secure.gravatar.com\\\/avatar\\\/f6f4cc73208d68c67fc19e1f80620e23d66ef2a923cb26a6d726fbc6a55bbcbc?s=96&d=mm&r=g\",\"contentUrl\":\"https:\\\/\\\/secure.gravatar.com\\\/avatar\\\/f6f4cc73208d68c67fc19e1f80620e23d66ef2a923cb26a6d726fbc6a55bbcbc?s=96&d=mm&r=g\",\"caption\":\"Magda Dulemba\"},\"url\":\"https:\\\/\\\/ple161.poznan.pl\\\/?author=2\"}]}<\/script>\n<!-- \/ Yoast SEO plugin. -->","yoast_head_json":{"title":"Adrzejki - Przedszkole im. Ksi\u0119cia Przemys\u0142awa","robots":{"index":"noindex","follow":"follow"},"og_locale":"pl_PL","og_type":"article","og_title":"Adrzejki - Przedszkole im. Ksi\u0119cia Przemys\u0142awa","og_description":"W naszym przedszkolu odby\u0142y si\u0119 radosne i pe\u0142ne magii zabawy andrzejkowe. Dzieci pozna\u0142y tradycje zwi\u0105zane z tym wyj\u0105tkowym dniem i bra\u0142y udzia\u0142 w wielu ciekawych wr\u00f3\u017cbach oraz aktywno\u015bciach przygotowanych specjalnie dla nich. Przedszkolaki z zainteresowaniem s\u0142ucha\u0142y opowie\u015bci o dawnych zwyczajach andrzejkowych, a nast\u0119pnie samodzielnie sprawdza\u0142y, co \u201elos\u201d przygotowa\u0142 im na przysz\u0142o\u015b\u0107. Wr\u00f3\u017cby by\u0142y oczywi\u015bcie dostosowane [&hellip;]","og_url":"https:\/\/ple161.poznan.pl\/?p=10913","og_site_name":"Przedszkole im. Ksi\u0119cia Przemys\u0142awa","article_published_time":"2025-12-01T19:40:12+00:00","og_image":[{"width":356,"height":327,"url":"https:\/\/ple161.poznan.pl\/wp-content\/uploads\/2023\/12\/andrzejki.gif","type":"image\/gif"}],"author":"Magda Dulemba","twitter_card":"summary_large_image","twitter_misc":{"Napisane przez":"Magda Dulemba","Szacowany czas czytania":"1 minuta"},"schema":{"@context":"https:\/\/schema.org","@graph":[{"@type":"Article","@id":"https:\/\/ple161.poznan.pl\/?p=10913#article","isPartOf":{"@id":"https:\/\/ple161.poznan.pl\/?p=10913"},"author":{"name":"Magda Dulemba","@id":"https:\/\/www.przedszkole161.pl\/#\/schema\/person\/673325371d681555a8b67c870d21faac"},"headline":"Adrzejki","datePublished":"2025-12-01T19:40:12+00:00","mainEntityOfPage":{"@id":"https:\/\/ple161.poznan.pl\/?p=10913"},"wordCount":114,"image":{"@id":"https:\/\/ple161.poznan.pl\/?p=10913#primaryimage"},"thumbnailUrl":"https:\/\/ple161.poznan.pl\/wp-content\/uploads\/2023\/12\/andrzejki.gif","articleSection":["Aktualno\u015bci","Wydarzenia"],"inLanguage":"pl-PL"},{"@type":"WebPage","@id":"https:\/\/ple161.poznan.pl\/?p=10913","url":"https:\/\/ple161.poznan.pl\/?p=10913","name":"Adrzejki - Przedszkole im. Ksi\u0119cia Przemys\u0142awa","isPartOf":{"@id":"https:\/\/www.przedszkole161.pl\/#website"},"primaryImageOfPage":{"@id":"https:\/\/ple161.poznan.pl\/?p=10913#primaryimage"},"image":{"@id":"https:\/\/ple161.poznan.pl\/?p=10913#primaryimage"},"thumbnailUrl":"https:\/\/ple161.poznan.pl\/wp-content\/uploads\/2023\/12\/andrzejki.gif","datePublished":"2025-12-01T19:40:12+00:00","author":{"@id":"https:\/\/www.przedszkole161.pl\/#\/schema\/person\/673325371d681555a8b67c870d21faac"},"breadcrumb":{"@id":"https:\/\/ple161.poznan.pl\/?p=10913#breadcrumb"},"inLanguage":"pl-PL","potentialAction":[{"@type":"ReadAction","target":["https:\/\/ple161.poznan.pl\/?p=10913"]}]},{"@type":"ImageObject","inLanguage":"pl-PL","@id":"https:\/\/ple161.poznan.pl\/?p=10913#primaryimage","url":"https:\/\/ple161.poznan.pl\/wp-content\/uploads\/2023\/12\/andrzejki.gif","contentUrl":"https:\/\/ple161.poznan.pl\/wp-content\/uploads\/2023\/12\/andrzejki.gif","width":356,"height":327},{"@type":"BreadcrumbList","@id":"https:\/\/ple161.poznan.pl\/?p=10913#breadcrumb","itemListElement":[{"@type":"ListItem","position":1,"name":"Strona g\u0142\u00f3wna","item":"https:\/\/www.przedszkole161.pl\/"},{"@type":"ListItem","position":2,"name":"Adrzejki"}]},{"@type":"WebSite","@id":"https:\/\/www.przedszkole161.pl\/#website","url":"https:\/\/www.przedszkole161.pl\/","name":"Przedszkole im. Ksi\u0119cia Przemys\u0142awa 161","description":"","potentialAction":[{"@type":"SearchAction","target":{"@type":"EntryPoint","urlTemplate":"https:\/\/www.przedszkole161.pl\/?s={search_term_string}"},"query-input":{"@type":"PropertyValueSpecification","valueRequired":true,"valueName":"search_term_string"}}],"inLanguage":"pl-PL"},{"@type":"Person","@id":"https:\/\/www.przedszkole161.pl\/#\/schema\/person\/673325371d681555a8b67c870d21faac","name":"Magda Dulemba","image":{"@type":"ImageObject","inLanguage":"pl-PL","@id":"https:\/\/secure.gravatar.com\/avatar\/f6f4cc73208d68c67fc19e1f80620e23d66ef2a923cb26a6d726fbc6a55bbcbc?s=96&d=mm&r=g","url":"https:\/\/secure.gravatar.com\/avatar\/f6f4cc73208d68c67fc19e1f80620e23d66ef2a923cb26a6d726fbc6a55bbcbc?s=96&d=mm&r=g","contentUrl":"https:\/\/secure.gravatar.com\/avatar\/f6f4cc73208d68c67fc19e1f80620e23d66ef2a923cb26a6d726fbc6a55bbcbc?s=96&d=mm&r=g","caption":"Magda Dulemba"},"url":"https:\/\/ple161.poznan.pl\/?author=2"}]}},"_links":{"self":[{"href":"https:\/\/ple161.poznan.pl\/index.php?rest_route=\/wp\/v2\/posts\/10913","targetHints":{"allow":["GET"]}}],"collection":[{"href":"https:\/\/ple161.poznan.pl\/index.php?rest_route=\/wp\/v2\/posts"}],"about":[{"href":"https:\/\/ple161.poznan.pl\/index.php?rest_route=\/wp\/v2\/types\/post"}],"author":[{"embeddable":true,"href":"https:\/\/ple161.poznan.pl\/index.php?rest_route=\/wp\/v2\/users\/2"}],"replies":[{"embeddable":true,"href":"https:\/\/ple161.poznan.pl\/index.php?rest_route=%2Fwp%2Fv2%2Fcomments&post=10913"}],"version-history":[{"count":1,"href":"https:\/\/ple161.poznan.pl\/index.php?rest_route=\/wp\/v2\/posts\/10913\/revisions"}],"predecessor-version":[{"id":10914,"href":"https:\/\/ple161.poznan.pl\/index.php?rest_route=\/wp\/v2\/posts\/10913\/revisions\/10914"}],"wp:featuredmedia":[{"embeddable":true,"href":"https:\/\/ple161.poznan.pl\/index.php?rest_route=\/wp\/v2\/media\/8911"}],"wp:attachment":[{"href":"https:\/\/ple161.poznan.pl\/index.php?rest_route=%2Fwp%2Fv2%2Fmedia&parent=10913"}],"wp:term":[{"taxonomy":"category","embeddable":true,"href":"https:\/\/ple161.poznan.pl\/index.php?rest_route=%2Fwp%2Fv2%2Fcategories&post=10913"},{"taxonomy":"post_tag","embeddable":true,"href":"https:\/\/ple161.poznan.pl\/index.php?rest_route=%2Fwp%2Fv2%2Ftags&post=10913"}],"curies":[{"name":"wp","href":"https:\/\/api.w.org\/{rel}","templated":true}]}}