{"id":10829,"date":"2025-11-08T15:08:11","date_gmt":"2025-11-08T14:08:11","guid":{"rendered":"https:\/\/ple161.poznan.pl\/?p=10829"},"modified":"2025-11-16T15:10:52","modified_gmt":"2025-11-16T14:10:52","slug":"narodowe-swieto-niepodleglosci","status":"publish","type":"post","link":"https:\/\/ple161.poznan.pl\/?p=10829","title":{"rendered":"Narodowe \u015awi\u0119to Niepodleg\u0142o\u015bci"},"content":{"rendered":"<p data-start=\"255\" data-end=\"501\">W dniu 7 <strong data-start=\"262\" data-end=\"278\">listopada<\/strong> nasze przedszkole z rado\u015bci\u0105 obchodzi\u0142o <strong data-start=\"319\" data-end=\"353\">Narodowe \u015awi\u0119to Niepodleg\u0142o\u015bci<\/strong>. Z tej okazji dzieci wzi\u0119\u0142y udzia\u0142 w uroczystych zaj\u0119ciach, kt\u00f3re mia\u0142y na celu przybli\u017cenie im znaczenia tego wa\u017cnego dla wszystkich Polak\u00f3w dnia.<\/p>\n<p data-start=\"503\" data-end=\"819\">Podczas przedszkolnej akademii przedszkolaki dumnie za\u015bpiewa\u0142y hymn narodowy, prezentuj\u0105c postaw\u0119 pe\u0142n\u0105 szacunku i zaanga\u017cowania. Dzieci przygotowa\u0142y r\u00f3wnie\u017c kr\u00f3tkie wierszyki oraz piosenki o tematyce patriotycznej, a tak\u017ce wykonywa\u0142y bia\u0142o-czerwone kotyliony i flagi, kt\u00f3re ozdobi\u0142y sale oraz korytarze przedszkola.<\/p>\n<p data-start=\"821\" data-end=\"1071\">Wszystkie aktywno\u015bci odbywa\u0142y si\u0119 w atmosferze rado\u015bci, ale tak\u017ce refleksji nad histori\u0105 naszego kraju. Tego dnia uczyli\u015bmy dzieci, czym jest wolno\u015b\u0107, ojczyzna i dlaczego warto pami\u0119ta\u0107 o wydarzeniach, kt\u00f3re doprowadzi\u0142y do odzyskania niepodleg\u0142o\u015bci.<\/p>\n","protected":false},"excerpt":{"rendered":"<p>W dniu 7 listopada nasze przedszkole z rado\u015bci\u0105 obchodzi\u0142o Narodowe \u015awi\u0119to Niepodleg\u0142o\u015bci. Z tej okazji dzieci wzi\u0119\u0142y udzia\u0142 w uroczystych zaj\u0119ciach, kt\u00f3re mia\u0142y na celu przybli\u017cenie im znaczenia tego wa\u017cnego dla wszystkich Polak\u00f3w dnia. Podczas przedszkolnej akademii przedszkolaki dumnie za\u015bpiewa\u0142y hymn narodowy, prezentuj\u0105c postaw\u0119 pe\u0142n\u0105 szacunku i zaanga\u017cowania. Dzieci przygotowa\u0142y r\u00f3wnie\u017c kr\u00f3tkie wierszyki oraz piosenki [&hellip;]<\/p>\n","protected":false},"author":2,"featured_media":6555,"comment_status":"closed","ping_status":"closed","sticky":false,"template":"","format":"standard","meta":{"ngg_post_thumbnail":0,"footnotes":""},"categories":[4,1],"tags":[],"class_list":["post-10829","post","type-post","status-publish","format-standard","has-post-thumbnail","hentry","category-aktualnosci","category-wydarzenia"],"yoast_head":"<!-- This site is optimized with the Yoast SEO plugin v27.4 - https:\/\/yoast.com\/product\/yoast-seo-wordpress\/ -->\n<title>Narodowe \u015awi\u0119to Niepodleg\u0142o\u015bci - Przedszkole im. Ksi\u0119cia Przemys\u0142awa<\/title>\n<meta name=\"robots\" content=\"noindex, follow\" \/>\n<meta property=\"og:locale\" content=\"pl_PL\" \/>\n<meta property=\"og:type\" content=\"article\" \/>\n<meta property=\"og:title\" content=\"Narodowe \u015awi\u0119to Niepodleg\u0142o\u015bci - Przedszkole im. Ksi\u0119cia Przemys\u0142awa\" \/>\n<meta property=\"og:description\" content=\"W dniu 7 listopada nasze przedszkole z rado\u015bci\u0105 obchodzi\u0142o Narodowe \u015awi\u0119to Niepodleg\u0142o\u015bci. Z tej okazji dzieci wzi\u0119\u0142y udzia\u0142 w uroczystych zaj\u0119ciach, kt\u00f3re mia\u0142y na celu przybli\u017cenie im znaczenia tego wa\u017cnego dla wszystkich Polak\u00f3w dnia. Podczas przedszkolnej akademii przedszkolaki dumnie za\u015bpiewa\u0142y hymn narodowy, prezentuj\u0105c postaw\u0119 pe\u0142n\u0105 szacunku i zaanga\u017cowania. Dzieci przygotowa\u0142y r\u00f3wnie\u017c kr\u00f3tkie wierszyki oraz piosenki [&hellip;]\" \/>\n<meta property=\"og:url\" content=\"https:\/\/ple161.poznan.pl\/?p=10829\" \/>\n<meta property=\"og:site_name\" content=\"Przedszkole im. Ksi\u0119cia Przemys\u0142awa\" \/>\n<meta property=\"article:published_time\" content=\"2025-11-08T14:08:11+00:00\" \/>\n<meta property=\"article:modified_time\" content=\"2025-11-16T14:10:52+00:00\" \/>\n<meta property=\"og:image\" content=\"https:\/\/ple161.poznan.pl\/wp-content\/uploads\/2021\/11\/flaga2.gif\" \/>\n\t<meta property=\"og:image:width\" content=\"348\" \/>\n\t<meta property=\"og:image:height\" content=\"375\" \/>\n\t<meta property=\"og:image:type\" content=\"image\/gif\" \/>\n<meta name=\"author\" content=\"Magda Dulemba\" \/>\n<meta name=\"twitter:card\" content=\"summary_large_image\" \/>\n<meta name=\"twitter:label1\" content=\"Napisane przez\" \/>\n\t<meta name=\"twitter:data1\" content=\"Magda Dulemba\" \/>\n\t<meta name=\"twitter:label2\" content=\"Szacowany czas czytania\" \/>\n\t<meta name=\"twitter:data2\" content=\"1 minuta\" \/>\n<script type=\"application\/ld+json\" class=\"yoast-schema-graph\">{\"@context\":\"https:\\\/\\\/schema.org\",\"@graph\":[{\"@type\":\"Article\",\"@id\":\"https:\\\/\\\/ple161.poznan.pl\\\/?p=10829#article\",\"isPartOf\":{\"@id\":\"https:\\\/\\\/ple161.poznan.pl\\\/?p=10829\"},\"author\":{\"name\":\"Magda Dulemba\",\"@id\":\"https:\\\/\\\/www.przedszkole161.pl\\\/#\\\/schema\\\/person\\\/673325371d681555a8b67c870d21faac\"},\"headline\":\"Narodowe \u015awi\u0119to Niepodleg\u0142o\u015bci\",\"datePublished\":\"2025-11-08T14:08:11+00:00\",\"dateModified\":\"2025-11-16T14:10:52+00:00\",\"mainEntityOfPage\":{\"@id\":\"https:\\\/\\\/ple161.poznan.pl\\\/?p=10829\"},\"wordCount\":144,\"image\":{\"@id\":\"https:\\\/\\\/ple161.poznan.pl\\\/?p=10829#primaryimage\"},\"thumbnailUrl\":\"https:\\\/\\\/ple161.poznan.pl\\\/wp-content\\\/uploads\\\/2021\\\/11\\\/flaga2.gif\",\"articleSection\":[\"Aktualno\u015bci\",\"Wydarzenia\"],\"inLanguage\":\"pl-PL\"},{\"@type\":\"WebPage\",\"@id\":\"https:\\\/\\\/ple161.poznan.pl\\\/?p=10829\",\"url\":\"https:\\\/\\\/ple161.poznan.pl\\\/?p=10829\",\"name\":\"Narodowe \u015awi\u0119to Niepodleg\u0142o\u015bci - Przedszkole im. Ksi\u0119cia Przemys\u0142awa\",\"isPartOf\":{\"@id\":\"https:\\\/\\\/www.przedszkole161.pl\\\/#website\"},\"primaryImageOfPage\":{\"@id\":\"https:\\\/\\\/ple161.poznan.pl\\\/?p=10829#primaryimage\"},\"image\":{\"@id\":\"https:\\\/\\\/ple161.poznan.pl\\\/?p=10829#primaryimage\"},\"thumbnailUrl\":\"https:\\\/\\\/ple161.poznan.pl\\\/wp-content\\\/uploads\\\/2021\\\/11\\\/flaga2.gif\",\"datePublished\":\"2025-11-08T14:08:11+00:00\",\"dateModified\":\"2025-11-16T14:10:52+00:00\",\"author\":{\"@id\":\"https:\\\/\\\/www.przedszkole161.pl\\\/#\\\/schema\\\/person\\\/673325371d681555a8b67c870d21faac\"},\"breadcrumb\":{\"@id\":\"https:\\\/\\\/ple161.poznan.pl\\\/?p=10829#breadcrumb\"},\"inLanguage\":\"pl-PL\",\"potentialAction\":[{\"@type\":\"ReadAction\",\"target\":[\"https:\\\/\\\/ple161.poznan.pl\\\/?p=10829\"]}]},{\"@type\":\"ImageObject\",\"inLanguage\":\"pl-PL\",\"@id\":\"https:\\\/\\\/ple161.poznan.pl\\\/?p=10829#primaryimage\",\"url\":\"https:\\\/\\\/ple161.poznan.pl\\\/wp-content\\\/uploads\\\/2021\\\/11\\\/flaga2.gif\",\"contentUrl\":\"https:\\\/\\\/ple161.poznan.pl\\\/wp-content\\\/uploads\\\/2021\\\/11\\\/flaga2.gif\",\"width\":348,\"height\":375},{\"@type\":\"BreadcrumbList\",\"@id\":\"https:\\\/\\\/ple161.poznan.pl\\\/?p=10829#breadcrumb\",\"itemListElement\":[{\"@type\":\"ListItem\",\"position\":1,\"name\":\"Strona g\u0142\u00f3wna\",\"item\":\"https:\\\/\\\/www.przedszkole161.pl\\\/\"},{\"@type\":\"ListItem\",\"position\":2,\"name\":\"Narodowe \u015awi\u0119to Niepodleg\u0142o\u015bci\"}]},{\"@type\":\"WebSite\",\"@id\":\"https:\\\/\\\/www.przedszkole161.pl\\\/#website\",\"url\":\"https:\\\/\\\/www.przedszkole161.pl\\\/\",\"name\":\"Przedszkole im. Ksi\u0119cia Przemys\u0142awa 161\",\"description\":\"\",\"potentialAction\":[{\"@type\":\"SearchAction\",\"target\":{\"@type\":\"EntryPoint\",\"urlTemplate\":\"https:\\\/\\\/www.przedszkole161.pl\\\/?s={search_term_string}\"},\"query-input\":{\"@type\":\"PropertyValueSpecification\",\"valueRequired\":true,\"valueName\":\"search_term_string\"}}],\"inLanguage\":\"pl-PL\"},{\"@type\":\"Person\",\"@id\":\"https:\\\/\\\/www.przedszkole161.pl\\\/#\\\/schema\\\/person\\\/673325371d681555a8b67c870d21faac\",\"name\":\"Magda Dulemba\",\"image\":{\"@type\":\"ImageObject\",\"inLanguage\":\"pl-PL\",\"@id\":\"https:\\\/\\\/secure.gravatar.com\\\/avatar\\\/f6f4cc73208d68c67fc19e1f80620e23d66ef2a923cb26a6d726fbc6a55bbcbc?s=96&d=mm&r=g\",\"url\":\"https:\\\/\\\/secure.gravatar.com\\\/avatar\\\/f6f4cc73208d68c67fc19e1f80620e23d66ef2a923cb26a6d726fbc6a55bbcbc?s=96&d=mm&r=g\",\"contentUrl\":\"https:\\\/\\\/secure.gravatar.com\\\/avatar\\\/f6f4cc73208d68c67fc19e1f80620e23d66ef2a923cb26a6d726fbc6a55bbcbc?s=96&d=mm&r=g\",\"caption\":\"Magda Dulemba\"},\"url\":\"https:\\\/\\\/ple161.poznan.pl\\\/?author=2\"}]}<\/script>\n<!-- \/ Yoast SEO plugin. -->","yoast_head_json":{"title":"Narodowe \u015awi\u0119to Niepodleg\u0142o\u015bci - Przedszkole im. Ksi\u0119cia Przemys\u0142awa","robots":{"index":"noindex","follow":"follow"},"og_locale":"pl_PL","og_type":"article","og_title":"Narodowe \u015awi\u0119to Niepodleg\u0142o\u015bci - Przedszkole im. Ksi\u0119cia Przemys\u0142awa","og_description":"W dniu 7 listopada nasze przedszkole z rado\u015bci\u0105 obchodzi\u0142o Narodowe \u015awi\u0119to Niepodleg\u0142o\u015bci. Z tej okazji dzieci wzi\u0119\u0142y udzia\u0142 w uroczystych zaj\u0119ciach, kt\u00f3re mia\u0142y na celu przybli\u017cenie im znaczenia tego wa\u017cnego dla wszystkich Polak\u00f3w dnia. Podczas przedszkolnej akademii przedszkolaki dumnie za\u015bpiewa\u0142y hymn narodowy, prezentuj\u0105c postaw\u0119 pe\u0142n\u0105 szacunku i zaanga\u017cowania. Dzieci przygotowa\u0142y r\u00f3wnie\u017c kr\u00f3tkie wierszyki oraz piosenki [&hellip;]","og_url":"https:\/\/ple161.poznan.pl\/?p=10829","og_site_name":"Przedszkole im. Ksi\u0119cia Przemys\u0142awa","article_published_time":"2025-11-08T14:08:11+00:00","article_modified_time":"2025-11-16T14:10:52+00:00","og_image":[{"width":348,"height":375,"url":"https:\/\/ple161.poznan.pl\/wp-content\/uploads\/2021\/11\/flaga2.gif","type":"image\/gif"}],"author":"Magda Dulemba","twitter_card":"summary_large_image","twitter_misc":{"Napisane przez":"Magda Dulemba","Szacowany czas czytania":"1 minuta"},"schema":{"@context":"https:\/\/schema.org","@graph":[{"@type":"Article","@id":"https:\/\/ple161.poznan.pl\/?p=10829#article","isPartOf":{"@id":"https:\/\/ple161.poznan.pl\/?p=10829"},"author":{"name":"Magda Dulemba","@id":"https:\/\/www.przedszkole161.pl\/#\/schema\/person\/673325371d681555a8b67c870d21faac"},"headline":"Narodowe \u015awi\u0119to Niepodleg\u0142o\u015bci","datePublished":"2025-11-08T14:08:11+00:00","dateModified":"2025-11-16T14:10:52+00:00","mainEntityOfPage":{"@id":"https:\/\/ple161.poznan.pl\/?p=10829"},"wordCount":144,"image":{"@id":"https:\/\/ple161.poznan.pl\/?p=10829#primaryimage"},"thumbnailUrl":"https:\/\/ple161.poznan.pl\/wp-content\/uploads\/2021\/11\/flaga2.gif","articleSection":["Aktualno\u015bci","Wydarzenia"],"inLanguage":"pl-PL"},{"@type":"WebPage","@id":"https:\/\/ple161.poznan.pl\/?p=10829","url":"https:\/\/ple161.poznan.pl\/?p=10829","name":"Narodowe \u015awi\u0119to Niepodleg\u0142o\u015bci - Przedszkole im. Ksi\u0119cia Przemys\u0142awa","isPartOf":{"@id":"https:\/\/www.przedszkole161.pl\/#website"},"primaryImageOfPage":{"@id":"https:\/\/ple161.poznan.pl\/?p=10829#primaryimage"},"image":{"@id":"https:\/\/ple161.poznan.pl\/?p=10829#primaryimage"},"thumbnailUrl":"https:\/\/ple161.poznan.pl\/wp-content\/uploads\/2021\/11\/flaga2.gif","datePublished":"2025-11-08T14:08:11+00:00","dateModified":"2025-11-16T14:10:52+00:00","author":{"@id":"https:\/\/www.przedszkole161.pl\/#\/schema\/person\/673325371d681555a8b67c870d21faac"},"breadcrumb":{"@id":"https:\/\/ple161.poznan.pl\/?p=10829#breadcrumb"},"inLanguage":"pl-PL","potentialAction":[{"@type":"ReadAction","target":["https:\/\/ple161.poznan.pl\/?p=10829"]}]},{"@type":"ImageObject","inLanguage":"pl-PL","@id":"https:\/\/ple161.poznan.pl\/?p=10829#primaryimage","url":"https:\/\/ple161.poznan.pl\/wp-content\/uploads\/2021\/11\/flaga2.gif","contentUrl":"https:\/\/ple161.poznan.pl\/wp-content\/uploads\/2021\/11\/flaga2.gif","width":348,"height":375},{"@type":"BreadcrumbList","@id":"https:\/\/ple161.poznan.pl\/?p=10829#breadcrumb","itemListElement":[{"@type":"ListItem","position":1,"name":"Strona g\u0142\u00f3wna","item":"https:\/\/www.przedszkole161.pl\/"},{"@type":"ListItem","position":2,"name":"Narodowe \u015awi\u0119to Niepodleg\u0142o\u015bci"}]},{"@type":"WebSite","@id":"https:\/\/www.przedszkole161.pl\/#website","url":"https:\/\/www.przedszkole161.pl\/","name":"Przedszkole im. Ksi\u0119cia Przemys\u0142awa 161","description":"","potentialAction":[{"@type":"SearchAction","target":{"@type":"EntryPoint","urlTemplate":"https:\/\/www.przedszkole161.pl\/?s={search_term_string}"},"query-input":{"@type":"PropertyValueSpecification","valueRequired":true,"valueName":"search_term_string"}}],"inLanguage":"pl-PL"},{"@type":"Person","@id":"https:\/\/www.przedszkole161.pl\/#\/schema\/person\/673325371d681555a8b67c870d21faac","name":"Magda Dulemba","image":{"@type":"ImageObject","inLanguage":"pl-PL","@id":"https:\/\/secure.gravatar.com\/avatar\/f6f4cc73208d68c67fc19e1f80620e23d66ef2a923cb26a6d726fbc6a55bbcbc?s=96&d=mm&r=g","url":"https:\/\/secure.gravatar.com\/avatar\/f6f4cc73208d68c67fc19e1f80620e23d66ef2a923cb26a6d726fbc6a55bbcbc?s=96&d=mm&r=g","contentUrl":"https:\/\/secure.gravatar.com\/avatar\/f6f4cc73208d68c67fc19e1f80620e23d66ef2a923cb26a6d726fbc6a55bbcbc?s=96&d=mm&r=g","caption":"Magda Dulemba"},"url":"https:\/\/ple161.poznan.pl\/?author=2"}]}},"_links":{"self":[{"href":"https:\/\/ple161.poznan.pl\/index.php?rest_route=\/wp\/v2\/posts\/10829","targetHints":{"allow":["GET"]}}],"collection":[{"href":"https:\/\/ple161.poznan.pl\/index.php?rest_route=\/wp\/v2\/posts"}],"about":[{"href":"https:\/\/ple161.poznan.pl\/index.php?rest_route=\/wp\/v2\/types\/post"}],"author":[{"embeddable":true,"href":"https:\/\/ple161.poznan.pl\/index.php?rest_route=\/wp\/v2\/users\/2"}],"replies":[{"embeddable":true,"href":"https:\/\/ple161.poznan.pl\/index.php?rest_route=%2Fwp%2Fv2%2Fcomments&post=10829"}],"version-history":[{"count":1,"href":"https:\/\/ple161.poznan.pl\/index.php?rest_route=\/wp\/v2\/posts\/10829\/revisions"}],"predecessor-version":[{"id":10830,"href":"https:\/\/ple161.poznan.pl\/index.php?rest_route=\/wp\/v2\/posts\/10829\/revisions\/10830"}],"wp:featuredmedia":[{"embeddable":true,"href":"https:\/\/ple161.poznan.pl\/index.php?rest_route=\/wp\/v2\/media\/6555"}],"wp:attachment":[{"href":"https:\/\/ple161.poznan.pl\/index.php?rest_route=%2Fwp%2Fv2%2Fmedia&parent=10829"}],"wp:term":[{"taxonomy":"category","embeddable":true,"href":"https:\/\/ple161.poznan.pl\/index.php?rest_route=%2Fwp%2Fv2%2Fcategories&post=10829"},{"taxonomy":"post_tag","embeddable":true,"href":"https:\/\/ple161.poznan.pl\/index.php?rest_route=%2Fwp%2Fv2%2Ftags&post=10829"}],"curies":[{"name":"wp","href":"https:\/\/api.w.org\/{rel}","templated":true}]}}