{"id":10823,"date":"2025-11-06T16:45:06","date_gmt":"2025-11-06T15:45:06","guid":{"rendered":"https:\/\/ple161.poznan.pl\/?p=10823"},"modified":"2025-11-06T16:45:06","modified_gmt":"2025-11-06T15:45:06","slug":"willi-w-swiecie-liczb","status":"publish","type":"post","link":"https:\/\/ple161.poznan.pl\/?p=10823","title":{"rendered":"Willi w \u015bwiecie liczb"},"content":{"rendered":"<p>W naszym przedszkolu dzieci ucz\u0105 si\u0119 matematyki w spos\u00f3b ciekawy i pe\u0142en zabawy \u2013 dzi\u0119ki programowi <strong data-start=\"1026\" data-end=\"1055\">\u201eWilli w \u015bwiecie liczb\u201d<\/strong>.<br data-start=\"1056\" data-end=\"1059\" \/>Razem z Wilim, naszym przewodnikiem po \u015bwiecie liczb, maluchy poznaj\u0105 poj\u0119cia matematyczne poprzez ruch, gry, eksperymenty i codzienne do\u015bwiadczenia. Dzi\u0119ki temu dzieci rozwijaj\u0105 logiczne my\u015blenie, spostrzegawczo\u015b\u0107 i wiar\u0119 we w\u0142asne mo\u017cliwo\u015bci!\u00a0 W \u201eKrainie Liczb\u201d liczby nie s\u0105 tylko symbolami \u2013 maj\u0105 swoje domy, osobowo\u015bci i cechy charakteru. Ka\u017cda liczba od 1 do 10 ma w\u0142asne miejsce zamieszkania (np. ko\u0142o, tr\u00f3jk\u0105t, czworok\u0105t, a\u017c po dziesi\u0119ciok\u0105t) oraz posta\u0107 kukie\u0142ki lub zwierz\u0105tka, kt\u00f3re odzwierciedla jej charakter. Obok liczbowych ogrod\u00f3w pojawiaj\u0105 si\u0119 liczbowe domy, wie\u017ce, bajki i specjalnie skomponowana muzyka, tworz\u0105c sp\u00f3jn\u0105 i magiczn\u0105 przestrze\u0144 do nauki.<\/p>\n<p>Dzi\u0119ki temu dzieci w naturalny spos\u00f3b rozwijaj\u0105 swoje umiej\u0119tno\u015bci matematyczne \u2013 ucz\u0105 si\u0119 rozumie\u0107 liczby, zbiory, porz\u0105dek, ilo\u015b\u0107 i r\u00f3wnoliczno\u015b\u0107. Buduj\u0105c w\u0142asn\u0105 Krain\u0119 Liczb z domkami, zwierz\u0119tami, wie\u017cami i drogami, dzieci rozwijaj\u0105 wyobra\u017ani\u0119 i zrozumienie matematycznych zale\u017cno\u015bci.<\/p>\n<p>W trakcie zaj\u0119\u0107 towarzysz\u0105 im r\u00f3\u017cne gry i aktywno\u015bci, kt\u00f3re zach\u0119caj\u0105 do dzia\u0142ania i odkrywania. Atrakcyjne pomoce dydaktyczne sprawiaj\u0105, \u017ce dzieci ucz\u0105 si\u0119 ch\u0119tnie i samodzielnie poszukuj\u0105 rozwi\u0105za\u0144. Ka\u017cdy element \u201eKrainy Liczb\u201d jest cz\u0119\u015bci\u0105 przemy\u015blanej koncepcji nauczania, w kt\u00f3rej matematyka staje si\u0119 dla dziecka przygod\u0105.<\/p>\n<p>Pomys\u0142 przedstawienia podstaw matematyki w formie bajkowego \u015bwiata sprawia, \u017ce nauka staje si\u0119 dla dzieci motywuj\u0105ca i zrozumia\u0142a. Dzieci przyswajaj\u0105 poj\u0119cia liczb w zabawowy spos\u00f3b, rozwijaj\u0105c przy tym mow\u0119, sprawno\u015b\u0107 ruchow\u0105, kreatywno\u015b\u0107, muzykalno\u015b\u0107, umiej\u0119tno\u015bci spo\u0142eczne i wiar\u0119 we w\u0142asne mo\u017cliwo\u015bci.<\/p>\n<p>\u201eKraina Liczb\u201d pokazuje dzieciom, \u017ce matematyk\u0119 mo\u017cna poznawa\u0107 poprzez zabaw\u0119 i dzia\u0142anie wszystkimi zmys\u0142ami. Dzieci odkrywaj\u0105 w niej matematyczne zale\u017cno\u015bci, a zdobyte do\u015bwiadczenia potrafi\u0105 przenie\u015b\u0107 do swojego codziennego \u015bwiata. Postrzegaj\u0105 otoczenie emocjonalnie, nadaj\u0105c przedmiotom cechy \u017cywych istot. W tym wyj\u0105tkowym miejscu to w\u0142a\u015bnie dzieci tworz\u0105 matematyk\u0119, a ka\u017cde spotkanie staje si\u0119 dla nich now\u0105, fascynuj\u0105c\u0105 przygod\u0105.<\/p>\n","protected":false},"excerpt":{"rendered":"<p>W naszym przedszkolu dzieci ucz\u0105 si\u0119 matematyki w spos\u00f3b ciekawy i pe\u0142en zabawy \u2013 dzi\u0119ki programowi \u201eWilli w \u015bwiecie liczb\u201d.Razem z Wilim, naszym przewodnikiem po \u015bwiecie liczb, maluchy poznaj\u0105 poj\u0119cia matematyczne poprzez ruch, gry, eksperymenty i codzienne do\u015bwiadczenia. Dzi\u0119ki temu dzieci rozwijaj\u0105 logiczne my\u015blenie, spostrzegawczo\u015b\u0107 i wiar\u0119 we w\u0142asne mo\u017cliwo\u015bci!\u00a0 W \u201eKrainie Liczb\u201d liczby nie [&hellip;]<\/p>\n","protected":false},"author":2,"featured_media":8120,"comment_status":"closed","ping_status":"closed","sticky":false,"template":"","format":"standard","meta":{"ngg_post_thumbnail":0,"footnotes":""},"categories":[4,1],"tags":[],"class_list":["post-10823","post","type-post","status-publish","format-standard","has-post-thumbnail","hentry","category-aktualnosci","category-wydarzenia"],"yoast_head":"<!-- This site is optimized with the Yoast SEO plugin v27.4 - https:\/\/yoast.com\/product\/yoast-seo-wordpress\/ -->\n<title>Willi w \u015bwiecie liczb - Przedszkole im. Ksi\u0119cia Przemys\u0142awa<\/title>\n<meta name=\"robots\" content=\"noindex, follow\" \/>\n<meta property=\"og:locale\" content=\"pl_PL\" \/>\n<meta property=\"og:type\" content=\"article\" \/>\n<meta property=\"og:title\" content=\"Willi w \u015bwiecie liczb - Przedszkole im. Ksi\u0119cia Przemys\u0142awa\" \/>\n<meta property=\"og:description\" content=\"W naszym przedszkolu dzieci ucz\u0105 si\u0119 matematyki w spos\u00f3b ciekawy i pe\u0142en zabawy \u2013 dzi\u0119ki programowi \u201eWilli w \u015bwiecie liczb\u201d.Razem z Wilim, naszym przewodnikiem po \u015bwiecie liczb, maluchy poznaj\u0105 poj\u0119cia matematyczne poprzez ruch, gry, eksperymenty i codzienne do\u015bwiadczenia. Dzi\u0119ki temu dzieci rozwijaj\u0105 logiczne my\u015blenie, spostrzegawczo\u015b\u0107 i wiar\u0119 we w\u0142asne mo\u017cliwo\u015bci!\u00a0 W \u201eKrainie Liczb\u201d liczby nie [&hellip;]\" \/>\n<meta property=\"og:url\" content=\"https:\/\/ple161.poznan.pl\/?p=10823\" \/>\n<meta property=\"og:site_name\" content=\"Przedszkole im. Ksi\u0119cia Przemys\u0142awa\" \/>\n<meta property=\"article:published_time\" content=\"2025-11-06T15:45:06+00:00\" \/>\n<meta property=\"og:image\" content=\"https:\/\/ple161.poznan.pl\/wp-content\/uploads\/2023\/03\/IMG_2363-scaled.jpg\" \/>\n\t<meta property=\"og:image:width\" content=\"2560\" \/>\n\t<meta property=\"og:image:height\" content=\"2044\" \/>\n\t<meta property=\"og:image:type\" content=\"image\/jpeg\" \/>\n<meta name=\"author\" content=\"Magda Dulemba\" \/>\n<meta name=\"twitter:card\" content=\"summary_large_image\" \/>\n<meta name=\"twitter:label1\" content=\"Napisane przez\" \/>\n\t<meta name=\"twitter:data1\" content=\"Magda Dulemba\" \/>\n\t<meta name=\"twitter:label2\" content=\"Szacowany czas czytania\" \/>\n\t<meta name=\"twitter:data2\" content=\"2 minuty\" \/>\n<script type=\"application\/ld+json\" class=\"yoast-schema-graph\">{\"@context\":\"https:\\\/\\\/schema.org\",\"@graph\":[{\"@type\":\"Article\",\"@id\":\"https:\\\/\\\/ple161.poznan.pl\\\/?p=10823#article\",\"isPartOf\":{\"@id\":\"https:\\\/\\\/ple161.poznan.pl\\\/?p=10823\"},\"author\":{\"name\":\"Magda Dulemba\",\"@id\":\"https:\\\/\\\/www.przedszkole161.pl\\\/#\\\/schema\\\/person\\\/673325371d681555a8b67c870d21faac\"},\"headline\":\"Willi w \u015bwiecie liczb\",\"datePublished\":\"2025-11-06T15:45:06+00:00\",\"mainEntityOfPage\":{\"@id\":\"https:\\\/\\\/ple161.poznan.pl\\\/?p=10823\"},\"wordCount\":363,\"image\":{\"@id\":\"https:\\\/\\\/ple161.poznan.pl\\\/?p=10823#primaryimage\"},\"thumbnailUrl\":\"https:\\\/\\\/ple161.poznan.pl\\\/wp-content\\\/uploads\\\/2023\\\/03\\\/IMG_2363-scaled.jpg\",\"articleSection\":[\"Aktualno\u015bci\",\"Wydarzenia\"],\"inLanguage\":\"pl-PL\"},{\"@type\":\"WebPage\",\"@id\":\"https:\\\/\\\/ple161.poznan.pl\\\/?p=10823\",\"url\":\"https:\\\/\\\/ple161.poznan.pl\\\/?p=10823\",\"name\":\"Willi w \u015bwiecie liczb - Przedszkole im. Ksi\u0119cia Przemys\u0142awa\",\"isPartOf\":{\"@id\":\"https:\\\/\\\/www.przedszkole161.pl\\\/#website\"},\"primaryImageOfPage\":{\"@id\":\"https:\\\/\\\/ple161.poznan.pl\\\/?p=10823#primaryimage\"},\"image\":{\"@id\":\"https:\\\/\\\/ple161.poznan.pl\\\/?p=10823#primaryimage\"},\"thumbnailUrl\":\"https:\\\/\\\/ple161.poznan.pl\\\/wp-content\\\/uploads\\\/2023\\\/03\\\/IMG_2363-scaled.jpg\",\"datePublished\":\"2025-11-06T15:45:06+00:00\",\"author\":{\"@id\":\"https:\\\/\\\/www.przedszkole161.pl\\\/#\\\/schema\\\/person\\\/673325371d681555a8b67c870d21faac\"},\"breadcrumb\":{\"@id\":\"https:\\\/\\\/ple161.poznan.pl\\\/?p=10823#breadcrumb\"},\"inLanguage\":\"pl-PL\",\"potentialAction\":[{\"@type\":\"ReadAction\",\"target\":[\"https:\\\/\\\/ple161.poznan.pl\\\/?p=10823\"]}]},{\"@type\":\"ImageObject\",\"inLanguage\":\"pl-PL\",\"@id\":\"https:\\\/\\\/ple161.poznan.pl\\\/?p=10823#primaryimage\",\"url\":\"https:\\\/\\\/ple161.poznan.pl\\\/wp-content\\\/uploads\\\/2023\\\/03\\\/IMG_2363-scaled.jpg\",\"contentUrl\":\"https:\\\/\\\/ple161.poznan.pl\\\/wp-content\\\/uploads\\\/2023\\\/03\\\/IMG_2363-scaled.jpg\",\"width\":2560,\"height\":2044},{\"@type\":\"BreadcrumbList\",\"@id\":\"https:\\\/\\\/ple161.poznan.pl\\\/?p=10823#breadcrumb\",\"itemListElement\":[{\"@type\":\"ListItem\",\"position\":1,\"name\":\"Strona g\u0142\u00f3wna\",\"item\":\"https:\\\/\\\/www.przedszkole161.pl\\\/\"},{\"@type\":\"ListItem\",\"position\":2,\"name\":\"Willi w \u015bwiecie liczb\"}]},{\"@type\":\"WebSite\",\"@id\":\"https:\\\/\\\/www.przedszkole161.pl\\\/#website\",\"url\":\"https:\\\/\\\/www.przedszkole161.pl\\\/\",\"name\":\"Przedszkole im. Ksi\u0119cia Przemys\u0142awa 161\",\"description\":\"\",\"potentialAction\":[{\"@type\":\"SearchAction\",\"target\":{\"@type\":\"EntryPoint\",\"urlTemplate\":\"https:\\\/\\\/www.przedszkole161.pl\\\/?s={search_term_string}\"},\"query-input\":{\"@type\":\"PropertyValueSpecification\",\"valueRequired\":true,\"valueName\":\"search_term_string\"}}],\"inLanguage\":\"pl-PL\"},{\"@type\":\"Person\",\"@id\":\"https:\\\/\\\/www.przedszkole161.pl\\\/#\\\/schema\\\/person\\\/673325371d681555a8b67c870d21faac\",\"name\":\"Magda Dulemba\",\"image\":{\"@type\":\"ImageObject\",\"inLanguage\":\"pl-PL\",\"@id\":\"https:\\\/\\\/secure.gravatar.com\\\/avatar\\\/f6f4cc73208d68c67fc19e1f80620e23d66ef2a923cb26a6d726fbc6a55bbcbc?s=96&d=mm&r=g\",\"url\":\"https:\\\/\\\/secure.gravatar.com\\\/avatar\\\/f6f4cc73208d68c67fc19e1f80620e23d66ef2a923cb26a6d726fbc6a55bbcbc?s=96&d=mm&r=g\",\"contentUrl\":\"https:\\\/\\\/secure.gravatar.com\\\/avatar\\\/f6f4cc73208d68c67fc19e1f80620e23d66ef2a923cb26a6d726fbc6a55bbcbc?s=96&d=mm&r=g\",\"caption\":\"Magda Dulemba\"},\"url\":\"https:\\\/\\\/ple161.poznan.pl\\\/?author=2\"}]}<\/script>\n<!-- \/ Yoast SEO plugin. -->","yoast_head_json":{"title":"Willi w \u015bwiecie liczb - Przedszkole im. Ksi\u0119cia Przemys\u0142awa","robots":{"index":"noindex","follow":"follow"},"og_locale":"pl_PL","og_type":"article","og_title":"Willi w \u015bwiecie liczb - Przedszkole im. Ksi\u0119cia Przemys\u0142awa","og_description":"W naszym przedszkolu dzieci ucz\u0105 si\u0119 matematyki w spos\u00f3b ciekawy i pe\u0142en zabawy \u2013 dzi\u0119ki programowi \u201eWilli w \u015bwiecie liczb\u201d.Razem z Wilim, naszym przewodnikiem po \u015bwiecie liczb, maluchy poznaj\u0105 poj\u0119cia matematyczne poprzez ruch, gry, eksperymenty i codzienne do\u015bwiadczenia. Dzi\u0119ki temu dzieci rozwijaj\u0105 logiczne my\u015blenie, spostrzegawczo\u015b\u0107 i wiar\u0119 we w\u0142asne mo\u017cliwo\u015bci!\u00a0 W \u201eKrainie Liczb\u201d liczby nie [&hellip;]","og_url":"https:\/\/ple161.poznan.pl\/?p=10823","og_site_name":"Przedszkole im. Ksi\u0119cia Przemys\u0142awa","article_published_time":"2025-11-06T15:45:06+00:00","og_image":[{"width":2560,"height":2044,"url":"https:\/\/ple161.poznan.pl\/wp-content\/uploads\/2023\/03\/IMG_2363-scaled.jpg","type":"image\/jpeg"}],"author":"Magda Dulemba","twitter_card":"summary_large_image","twitter_misc":{"Napisane przez":"Magda Dulemba","Szacowany czas czytania":"2 minuty"},"schema":{"@context":"https:\/\/schema.org","@graph":[{"@type":"Article","@id":"https:\/\/ple161.poznan.pl\/?p=10823#article","isPartOf":{"@id":"https:\/\/ple161.poznan.pl\/?p=10823"},"author":{"name":"Magda Dulemba","@id":"https:\/\/www.przedszkole161.pl\/#\/schema\/person\/673325371d681555a8b67c870d21faac"},"headline":"Willi w \u015bwiecie liczb","datePublished":"2025-11-06T15:45:06+00:00","mainEntityOfPage":{"@id":"https:\/\/ple161.poznan.pl\/?p=10823"},"wordCount":363,"image":{"@id":"https:\/\/ple161.poznan.pl\/?p=10823#primaryimage"},"thumbnailUrl":"https:\/\/ple161.poznan.pl\/wp-content\/uploads\/2023\/03\/IMG_2363-scaled.jpg","articleSection":["Aktualno\u015bci","Wydarzenia"],"inLanguage":"pl-PL"},{"@type":"WebPage","@id":"https:\/\/ple161.poznan.pl\/?p=10823","url":"https:\/\/ple161.poznan.pl\/?p=10823","name":"Willi w \u015bwiecie liczb - Przedszkole im. Ksi\u0119cia Przemys\u0142awa","isPartOf":{"@id":"https:\/\/www.przedszkole161.pl\/#website"},"primaryImageOfPage":{"@id":"https:\/\/ple161.poznan.pl\/?p=10823#primaryimage"},"image":{"@id":"https:\/\/ple161.poznan.pl\/?p=10823#primaryimage"},"thumbnailUrl":"https:\/\/ple161.poznan.pl\/wp-content\/uploads\/2023\/03\/IMG_2363-scaled.jpg","datePublished":"2025-11-06T15:45:06+00:00","author":{"@id":"https:\/\/www.przedszkole161.pl\/#\/schema\/person\/673325371d681555a8b67c870d21faac"},"breadcrumb":{"@id":"https:\/\/ple161.poznan.pl\/?p=10823#breadcrumb"},"inLanguage":"pl-PL","potentialAction":[{"@type":"ReadAction","target":["https:\/\/ple161.poznan.pl\/?p=10823"]}]},{"@type":"ImageObject","inLanguage":"pl-PL","@id":"https:\/\/ple161.poznan.pl\/?p=10823#primaryimage","url":"https:\/\/ple161.poznan.pl\/wp-content\/uploads\/2023\/03\/IMG_2363-scaled.jpg","contentUrl":"https:\/\/ple161.poznan.pl\/wp-content\/uploads\/2023\/03\/IMG_2363-scaled.jpg","width":2560,"height":2044},{"@type":"BreadcrumbList","@id":"https:\/\/ple161.poznan.pl\/?p=10823#breadcrumb","itemListElement":[{"@type":"ListItem","position":1,"name":"Strona g\u0142\u00f3wna","item":"https:\/\/www.przedszkole161.pl\/"},{"@type":"ListItem","position":2,"name":"Willi w \u015bwiecie liczb"}]},{"@type":"WebSite","@id":"https:\/\/www.przedszkole161.pl\/#website","url":"https:\/\/www.przedszkole161.pl\/","name":"Przedszkole im. Ksi\u0119cia Przemys\u0142awa 161","description":"","potentialAction":[{"@type":"SearchAction","target":{"@type":"EntryPoint","urlTemplate":"https:\/\/www.przedszkole161.pl\/?s={search_term_string}"},"query-input":{"@type":"PropertyValueSpecification","valueRequired":true,"valueName":"search_term_string"}}],"inLanguage":"pl-PL"},{"@type":"Person","@id":"https:\/\/www.przedszkole161.pl\/#\/schema\/person\/673325371d681555a8b67c870d21faac","name":"Magda Dulemba","image":{"@type":"ImageObject","inLanguage":"pl-PL","@id":"https:\/\/secure.gravatar.com\/avatar\/f6f4cc73208d68c67fc19e1f80620e23d66ef2a923cb26a6d726fbc6a55bbcbc?s=96&d=mm&r=g","url":"https:\/\/secure.gravatar.com\/avatar\/f6f4cc73208d68c67fc19e1f80620e23d66ef2a923cb26a6d726fbc6a55bbcbc?s=96&d=mm&r=g","contentUrl":"https:\/\/secure.gravatar.com\/avatar\/f6f4cc73208d68c67fc19e1f80620e23d66ef2a923cb26a6d726fbc6a55bbcbc?s=96&d=mm&r=g","caption":"Magda Dulemba"},"url":"https:\/\/ple161.poznan.pl\/?author=2"}]}},"_links":{"self":[{"href":"https:\/\/ple161.poznan.pl\/index.php?rest_route=\/wp\/v2\/posts\/10823","targetHints":{"allow":["GET"]}}],"collection":[{"href":"https:\/\/ple161.poznan.pl\/index.php?rest_route=\/wp\/v2\/posts"}],"about":[{"href":"https:\/\/ple161.poznan.pl\/index.php?rest_route=\/wp\/v2\/types\/post"}],"author":[{"embeddable":true,"href":"https:\/\/ple161.poznan.pl\/index.php?rest_route=\/wp\/v2\/users\/2"}],"replies":[{"embeddable":true,"href":"https:\/\/ple161.poznan.pl\/index.php?rest_route=%2Fwp%2Fv2%2Fcomments&post=10823"}],"version-history":[{"count":1,"href":"https:\/\/ple161.poznan.pl\/index.php?rest_route=\/wp\/v2\/posts\/10823\/revisions"}],"predecessor-version":[{"id":10824,"href":"https:\/\/ple161.poznan.pl\/index.php?rest_route=\/wp\/v2\/posts\/10823\/revisions\/10824"}],"wp:featuredmedia":[{"embeddable":true,"href":"https:\/\/ple161.poznan.pl\/index.php?rest_route=\/wp\/v2\/media\/8120"}],"wp:attachment":[{"href":"https:\/\/ple161.poznan.pl\/index.php?rest_route=%2Fwp%2Fv2%2Fmedia&parent=10823"}],"wp:term":[{"taxonomy":"category","embeddable":true,"href":"https:\/\/ple161.poznan.pl\/index.php?rest_route=%2Fwp%2Fv2%2Fcategories&post=10823"},{"taxonomy":"post_tag","embeddable":true,"href":"https:\/\/ple161.poznan.pl\/index.php?rest_route=%2Fwp%2Fv2%2Ftags&post=10823"}],"curies":[{"name":"wp","href":"https:\/\/api.w.org\/{rel}","templated":true}]}}