{"id":10800,"date":"2025-11-03T12:09:27","date_gmt":"2025-11-03T11:09:27","guid":{"rendered":"https:\/\/ple161.poznan.pl\/?p=10800"},"modified":"2025-11-03T12:09:27","modified_gmt":"2025-11-03T11:09:27","slug":"dzien-dyni-3","status":"publish","type":"post","link":"https:\/\/ple161.poznan.pl\/?p=10800","title":{"rendered":"Dzie\u0144 Dyni"},"content":{"rendered":"<p data-start=\"261\" data-end=\"479\">31 pa\u017adziernika w naszym przedszkolu obchodzili\u015bmy Dzie\u0144 Dyni. W ramach obchod\u00f3w Dnia Dyni dzieci przysz\u0142y ubrane w odcieniach pomara\u0144czy, a w salach kr\u00f3lowa\u0142y jesienne dekoracje i u\u015bmiechy. Podczas zaj\u0119\u0107 przedszkolaki pozna\u0142y r\u00f3\u017cne odmiany dyni, dowiedzia\u0142y si\u0119, jak ro\u015bnie i do czego mo\u017cna j\u0105 wykorzysta\u0107. Nie zabrak\u0142o r\u00f3wnie\u017c dyniowych zabaw ruchowych, konkurs\u00f3w, prac plastycznych oraz degustacji smako\u0142yk\u00f3w z dyni\u0105 w roli g\u0142\u00f3wnej. Dzie\u0144 Dyni by\u0142 pe\u0142en rado\u015bci, \u015bmiechu i jesiennego klimatu.<\/p>\n","protected":false},"excerpt":{"rendered":"<p>31 pa\u017adziernika w naszym przedszkolu obchodzili\u015bmy Dzie\u0144 Dyni. W ramach obchod\u00f3w Dnia Dyni dzieci przysz\u0142y ubrane w odcieniach pomara\u0144czy, a w salach kr\u00f3lowa\u0142y jesienne dekoracje i u\u015bmiechy. Podczas zaj\u0119\u0107 przedszkolaki pozna\u0142y r\u00f3\u017cne odmiany dyni, dowiedzia\u0142y si\u0119, jak ro\u015bnie i do czego mo\u017cna j\u0105 wykorzysta\u0107. Nie zabrak\u0142o r\u00f3wnie\u017c dyniowych zabaw ruchowych, konkurs\u00f3w, prac plastycznych oraz degustacji [&hellip;]<\/p>\n","protected":false},"author":2,"featured_media":8779,"comment_status":"closed","ping_status":"closed","sticky":false,"template":"","format":"standard","meta":{"ngg_post_thumbnail":0,"footnotes":""},"categories":[4,1],"tags":[],"class_list":["post-10800","post","type-post","status-publish","format-standard","has-post-thumbnail","hentry","category-aktualnosci","category-wydarzenia"],"yoast_head":"<!-- This site is optimized with the Yoast SEO plugin v27.4 - https:\/\/yoast.com\/product\/yoast-seo-wordpress\/ -->\n<title>Dzie\u0144 Dyni - Przedszkole im. Ksi\u0119cia Przemys\u0142awa<\/title>\n<meta name=\"robots\" content=\"noindex, follow\" \/>\n<meta property=\"og:locale\" content=\"pl_PL\" \/>\n<meta property=\"og:type\" content=\"article\" \/>\n<meta property=\"og:title\" content=\"Dzie\u0144 Dyni - Przedszkole im. Ksi\u0119cia Przemys\u0142awa\" \/>\n<meta property=\"og:description\" content=\"31 pa\u017adziernika w naszym przedszkolu obchodzili\u015bmy Dzie\u0144 Dyni. W ramach obchod\u00f3w Dnia Dyni dzieci przysz\u0142y ubrane w odcieniach pomara\u0144czy, a w salach kr\u00f3lowa\u0142y jesienne dekoracje i u\u015bmiechy. Podczas zaj\u0119\u0107 przedszkolaki pozna\u0142y r\u00f3\u017cne odmiany dyni, dowiedzia\u0142y si\u0119, jak ro\u015bnie i do czego mo\u017cna j\u0105 wykorzysta\u0107. Nie zabrak\u0142o r\u00f3wnie\u017c dyniowych zabaw ruchowych, konkurs\u00f3w, prac plastycznych oraz degustacji [&hellip;]\" \/>\n<meta property=\"og:url\" content=\"https:\/\/ple161.poznan.pl\/?p=10800\" \/>\n<meta property=\"og:site_name\" content=\"Przedszkole im. Ksi\u0119cia Przemys\u0142awa\" \/>\n<meta property=\"article:published_time\" content=\"2025-11-03T11:09:27+00:00\" \/>\n<meta property=\"og:image\" content=\"https:\/\/ple161.poznan.pl\/wp-content\/uploads\/2023\/11\/dynia.png\" \/>\n\t<meta property=\"og:image:width\" content=\"214\" \/>\n\t<meta property=\"og:image:height\" content=\"150\" \/>\n\t<meta property=\"og:image:type\" content=\"image\/png\" \/>\n<meta name=\"author\" content=\"Magda Dulemba\" \/>\n<meta name=\"twitter:card\" content=\"summary_large_image\" \/>\n<meta name=\"twitter:label1\" content=\"Napisane przez\" \/>\n\t<meta name=\"twitter:data1\" content=\"Magda Dulemba\" \/>\n\t<meta name=\"twitter:label2\" content=\"Szacowany czas czytania\" \/>\n\t<meta name=\"twitter:data2\" content=\"1 minuta\" \/>\n<script type=\"application\/ld+json\" class=\"yoast-schema-graph\">{\"@context\":\"https:\\\/\\\/schema.org\",\"@graph\":[{\"@type\":\"Article\",\"@id\":\"https:\\\/\\\/ple161.poznan.pl\\\/?p=10800#article\",\"isPartOf\":{\"@id\":\"https:\\\/\\\/ple161.poznan.pl\\\/?p=10800\"},\"author\":{\"name\":\"Magda Dulemba\",\"@id\":\"https:\\\/\\\/www.przedszkole161.pl\\\/#\\\/schema\\\/person\\\/673325371d681555a8b67c870d21faac\"},\"headline\":\"Dzie\u0144 Dyni\",\"datePublished\":\"2025-11-03T11:09:27+00:00\",\"mainEntityOfPage\":{\"@id\":\"https:\\\/\\\/ple161.poznan.pl\\\/?p=10800\"},\"wordCount\":92,\"image\":{\"@id\":\"https:\\\/\\\/ple161.poznan.pl\\\/?p=10800#primaryimage\"},\"thumbnailUrl\":\"https:\\\/\\\/ple161.poznan.pl\\\/wp-content\\\/uploads\\\/2023\\\/11\\\/dynia.png\",\"articleSection\":[\"Aktualno\u015bci\",\"Wydarzenia\"],\"inLanguage\":\"pl-PL\"},{\"@type\":\"WebPage\",\"@id\":\"https:\\\/\\\/ple161.poznan.pl\\\/?p=10800\",\"url\":\"https:\\\/\\\/ple161.poznan.pl\\\/?p=10800\",\"name\":\"Dzie\u0144 Dyni - Przedszkole im. Ksi\u0119cia Przemys\u0142awa\",\"isPartOf\":{\"@id\":\"https:\\\/\\\/www.przedszkole161.pl\\\/#website\"},\"primaryImageOfPage\":{\"@id\":\"https:\\\/\\\/ple161.poznan.pl\\\/?p=10800#primaryimage\"},\"image\":{\"@id\":\"https:\\\/\\\/ple161.poznan.pl\\\/?p=10800#primaryimage\"},\"thumbnailUrl\":\"https:\\\/\\\/ple161.poznan.pl\\\/wp-content\\\/uploads\\\/2023\\\/11\\\/dynia.png\",\"datePublished\":\"2025-11-03T11:09:27+00:00\",\"author\":{\"@id\":\"https:\\\/\\\/www.przedszkole161.pl\\\/#\\\/schema\\\/person\\\/673325371d681555a8b67c870d21faac\"},\"breadcrumb\":{\"@id\":\"https:\\\/\\\/ple161.poznan.pl\\\/?p=10800#breadcrumb\"},\"inLanguage\":\"pl-PL\",\"potentialAction\":[{\"@type\":\"ReadAction\",\"target\":[\"https:\\\/\\\/ple161.poznan.pl\\\/?p=10800\"]}]},{\"@type\":\"ImageObject\",\"inLanguage\":\"pl-PL\",\"@id\":\"https:\\\/\\\/ple161.poznan.pl\\\/?p=10800#primaryimage\",\"url\":\"https:\\\/\\\/ple161.poznan.pl\\\/wp-content\\\/uploads\\\/2023\\\/11\\\/dynia.png\",\"contentUrl\":\"https:\\\/\\\/ple161.poznan.pl\\\/wp-content\\\/uploads\\\/2023\\\/11\\\/dynia.png\",\"width\":214,\"height\":150},{\"@type\":\"BreadcrumbList\",\"@id\":\"https:\\\/\\\/ple161.poznan.pl\\\/?p=10800#breadcrumb\",\"itemListElement\":[{\"@type\":\"ListItem\",\"position\":1,\"name\":\"Strona g\u0142\u00f3wna\",\"item\":\"https:\\\/\\\/www.przedszkole161.pl\\\/\"},{\"@type\":\"ListItem\",\"position\":2,\"name\":\"Dzie\u0144 Dyni\"}]},{\"@type\":\"WebSite\",\"@id\":\"https:\\\/\\\/www.przedszkole161.pl\\\/#website\",\"url\":\"https:\\\/\\\/www.przedszkole161.pl\\\/\",\"name\":\"Przedszkole im. Ksi\u0119cia Przemys\u0142awa 161\",\"description\":\"\",\"potentialAction\":[{\"@type\":\"SearchAction\",\"target\":{\"@type\":\"EntryPoint\",\"urlTemplate\":\"https:\\\/\\\/www.przedszkole161.pl\\\/?s={search_term_string}\"},\"query-input\":{\"@type\":\"PropertyValueSpecification\",\"valueRequired\":true,\"valueName\":\"search_term_string\"}}],\"inLanguage\":\"pl-PL\"},{\"@type\":\"Person\",\"@id\":\"https:\\\/\\\/www.przedszkole161.pl\\\/#\\\/schema\\\/person\\\/673325371d681555a8b67c870d21faac\",\"name\":\"Magda Dulemba\",\"image\":{\"@type\":\"ImageObject\",\"inLanguage\":\"pl-PL\",\"@id\":\"https:\\\/\\\/secure.gravatar.com\\\/avatar\\\/f6f4cc73208d68c67fc19e1f80620e23d66ef2a923cb26a6d726fbc6a55bbcbc?s=96&d=mm&r=g\",\"url\":\"https:\\\/\\\/secure.gravatar.com\\\/avatar\\\/f6f4cc73208d68c67fc19e1f80620e23d66ef2a923cb26a6d726fbc6a55bbcbc?s=96&d=mm&r=g\",\"contentUrl\":\"https:\\\/\\\/secure.gravatar.com\\\/avatar\\\/f6f4cc73208d68c67fc19e1f80620e23d66ef2a923cb26a6d726fbc6a55bbcbc?s=96&d=mm&r=g\",\"caption\":\"Magda Dulemba\"},\"url\":\"https:\\\/\\\/ple161.poznan.pl\\\/?author=2\"}]}<\/script>\n<!-- \/ Yoast SEO plugin. -->","yoast_head_json":{"title":"Dzie\u0144 Dyni - Przedszkole im. Ksi\u0119cia Przemys\u0142awa","robots":{"index":"noindex","follow":"follow"},"og_locale":"pl_PL","og_type":"article","og_title":"Dzie\u0144 Dyni - Przedszkole im. Ksi\u0119cia Przemys\u0142awa","og_description":"31 pa\u017adziernika w naszym przedszkolu obchodzili\u015bmy Dzie\u0144 Dyni. W ramach obchod\u00f3w Dnia Dyni dzieci przysz\u0142y ubrane w odcieniach pomara\u0144czy, a w salach kr\u00f3lowa\u0142y jesienne dekoracje i u\u015bmiechy. Podczas zaj\u0119\u0107 przedszkolaki pozna\u0142y r\u00f3\u017cne odmiany dyni, dowiedzia\u0142y si\u0119, jak ro\u015bnie i do czego mo\u017cna j\u0105 wykorzysta\u0107. Nie zabrak\u0142o r\u00f3wnie\u017c dyniowych zabaw ruchowych, konkurs\u00f3w, prac plastycznych oraz degustacji [&hellip;]","og_url":"https:\/\/ple161.poznan.pl\/?p=10800","og_site_name":"Przedszkole im. Ksi\u0119cia Przemys\u0142awa","article_published_time":"2025-11-03T11:09:27+00:00","og_image":[{"width":214,"height":150,"url":"https:\/\/ple161.poznan.pl\/wp-content\/uploads\/2023\/11\/dynia.png","type":"image\/png"}],"author":"Magda Dulemba","twitter_card":"summary_large_image","twitter_misc":{"Napisane przez":"Magda Dulemba","Szacowany czas czytania":"1 minuta"},"schema":{"@context":"https:\/\/schema.org","@graph":[{"@type":"Article","@id":"https:\/\/ple161.poznan.pl\/?p=10800#article","isPartOf":{"@id":"https:\/\/ple161.poznan.pl\/?p=10800"},"author":{"name":"Magda Dulemba","@id":"https:\/\/www.przedszkole161.pl\/#\/schema\/person\/673325371d681555a8b67c870d21faac"},"headline":"Dzie\u0144 Dyni","datePublished":"2025-11-03T11:09:27+00:00","mainEntityOfPage":{"@id":"https:\/\/ple161.poznan.pl\/?p=10800"},"wordCount":92,"image":{"@id":"https:\/\/ple161.poznan.pl\/?p=10800#primaryimage"},"thumbnailUrl":"https:\/\/ple161.poznan.pl\/wp-content\/uploads\/2023\/11\/dynia.png","articleSection":["Aktualno\u015bci","Wydarzenia"],"inLanguage":"pl-PL"},{"@type":"WebPage","@id":"https:\/\/ple161.poznan.pl\/?p=10800","url":"https:\/\/ple161.poznan.pl\/?p=10800","name":"Dzie\u0144 Dyni - Przedszkole im. Ksi\u0119cia Przemys\u0142awa","isPartOf":{"@id":"https:\/\/www.przedszkole161.pl\/#website"},"primaryImageOfPage":{"@id":"https:\/\/ple161.poznan.pl\/?p=10800#primaryimage"},"image":{"@id":"https:\/\/ple161.poznan.pl\/?p=10800#primaryimage"},"thumbnailUrl":"https:\/\/ple161.poznan.pl\/wp-content\/uploads\/2023\/11\/dynia.png","datePublished":"2025-11-03T11:09:27+00:00","author":{"@id":"https:\/\/www.przedszkole161.pl\/#\/schema\/person\/673325371d681555a8b67c870d21faac"},"breadcrumb":{"@id":"https:\/\/ple161.poznan.pl\/?p=10800#breadcrumb"},"inLanguage":"pl-PL","potentialAction":[{"@type":"ReadAction","target":["https:\/\/ple161.poznan.pl\/?p=10800"]}]},{"@type":"ImageObject","inLanguage":"pl-PL","@id":"https:\/\/ple161.poznan.pl\/?p=10800#primaryimage","url":"https:\/\/ple161.poznan.pl\/wp-content\/uploads\/2023\/11\/dynia.png","contentUrl":"https:\/\/ple161.poznan.pl\/wp-content\/uploads\/2023\/11\/dynia.png","width":214,"height":150},{"@type":"BreadcrumbList","@id":"https:\/\/ple161.poznan.pl\/?p=10800#breadcrumb","itemListElement":[{"@type":"ListItem","position":1,"name":"Strona g\u0142\u00f3wna","item":"https:\/\/www.przedszkole161.pl\/"},{"@type":"ListItem","position":2,"name":"Dzie\u0144 Dyni"}]},{"@type":"WebSite","@id":"https:\/\/www.przedszkole161.pl\/#website","url":"https:\/\/www.przedszkole161.pl\/","name":"Przedszkole im. Ksi\u0119cia Przemys\u0142awa 161","description":"","potentialAction":[{"@type":"SearchAction","target":{"@type":"EntryPoint","urlTemplate":"https:\/\/www.przedszkole161.pl\/?s={search_term_string}"},"query-input":{"@type":"PropertyValueSpecification","valueRequired":true,"valueName":"search_term_string"}}],"inLanguage":"pl-PL"},{"@type":"Person","@id":"https:\/\/www.przedszkole161.pl\/#\/schema\/person\/673325371d681555a8b67c870d21faac","name":"Magda Dulemba","image":{"@type":"ImageObject","inLanguage":"pl-PL","@id":"https:\/\/secure.gravatar.com\/avatar\/f6f4cc73208d68c67fc19e1f80620e23d66ef2a923cb26a6d726fbc6a55bbcbc?s=96&d=mm&r=g","url":"https:\/\/secure.gravatar.com\/avatar\/f6f4cc73208d68c67fc19e1f80620e23d66ef2a923cb26a6d726fbc6a55bbcbc?s=96&d=mm&r=g","contentUrl":"https:\/\/secure.gravatar.com\/avatar\/f6f4cc73208d68c67fc19e1f80620e23d66ef2a923cb26a6d726fbc6a55bbcbc?s=96&d=mm&r=g","caption":"Magda Dulemba"},"url":"https:\/\/ple161.poznan.pl\/?author=2"}]}},"_links":{"self":[{"href":"https:\/\/ple161.poznan.pl\/index.php?rest_route=\/wp\/v2\/posts\/10800","targetHints":{"allow":["GET"]}}],"collection":[{"href":"https:\/\/ple161.poznan.pl\/index.php?rest_route=\/wp\/v2\/posts"}],"about":[{"href":"https:\/\/ple161.poznan.pl\/index.php?rest_route=\/wp\/v2\/types\/post"}],"author":[{"embeddable":true,"href":"https:\/\/ple161.poznan.pl\/index.php?rest_route=\/wp\/v2\/users\/2"}],"replies":[{"embeddable":true,"href":"https:\/\/ple161.poznan.pl\/index.php?rest_route=%2Fwp%2Fv2%2Fcomments&post=10800"}],"version-history":[{"count":1,"href":"https:\/\/ple161.poznan.pl\/index.php?rest_route=\/wp\/v2\/posts\/10800\/revisions"}],"predecessor-version":[{"id":10801,"href":"https:\/\/ple161.poznan.pl\/index.php?rest_route=\/wp\/v2\/posts\/10800\/revisions\/10801"}],"wp:featuredmedia":[{"embeddable":true,"href":"https:\/\/ple161.poznan.pl\/index.php?rest_route=\/wp\/v2\/media\/8779"}],"wp:attachment":[{"href":"https:\/\/ple161.poznan.pl\/index.php?rest_route=%2Fwp%2Fv2%2Fmedia&parent=10800"}],"wp:term":[{"taxonomy":"category","embeddable":true,"href":"https:\/\/ple161.poznan.pl\/index.php?rest_route=%2Fwp%2Fv2%2Fcategories&post=10800"},{"taxonomy":"post_tag","embeddable":true,"href":"https:\/\/ple161.poznan.pl\/index.php?rest_route=%2Fwp%2Fv2%2Ftags&post=10800"}],"curies":[{"name":"wp","href":"https:\/\/api.w.org\/{rel}","templated":true}]}}