{"id":10758,"date":"2025-10-09T05:52:20","date_gmt":"2025-10-09T04:52:20","guid":{"rendered":"https:\/\/ple161.poznan.pl\/?p=10758"},"modified":"2025-10-14T05:59:05","modified_gmt":"2025-10-14T04:59:05","slug":"dzien-pyry-2","status":"publish","type":"post","link":"https:\/\/ple161.poznan.pl\/?p=10758","title":{"rendered":"Dzie\u0144 Pyry"},"content":{"rendered":"<p data-start=\"169\" data-end=\"239\"><strong data-start=\"172\" data-end=\"200\">Dzie\u0144 Pyry w Przedszkolu<\/strong> czyli \u015bwi\u0119to ziemniaka na weso\u0142o!<\/p>\n<p data-start=\"241\" data-end=\"502\">8 pa\u017adziernika w naszym przedszkolu obchodzili\u015bmy wyj\u0105tkowe, regionalne \u015bwi\u0119to \u2013 <strong data-start=\"329\" data-end=\"343\">Dzie\u0144 Pyry<\/strong>, czyli popularny <strong data-start=\"361\" data-end=\"380\">Dzie\u0144 Ziemniaka<\/strong>. Dzieci pozna\u0142y histori\u0119 ziemniaka, ciekawostki na jego temat oraz r\u00f3\u017cne sposoby jego wykorzystania \u2013 zar\u00f3wno w kuchni, jak i\u2026 zabawie! Przedszkolaki bra\u0142y udzia\u0142 w ziemniaczanych konkurencjach, takich jak: rzucanie ziemniakiem do celu, ziemniaczane stemple, wy\u015bcigi z ziemniakiem na \u0142y\u017cce. \u00a0Punktem kulminacyjnym by\u0142a degustacja ziemniaczanych przysmak\u00f3w \u2013 pieczonych pyr, frytek.\u00a0 przygotowanych przez panie z dzie\u0107mi. Dzie\u0144 Pyry to doskona\u0142a okazja do integracji, rozwijania kreatywno\u015bci i kultywowania tradycji.<\/p>\n","protected":false},"excerpt":{"rendered":"<p>Dzie\u0144 Pyry w Przedszkolu czyli \u015bwi\u0119to ziemniaka na weso\u0142o! 8 pa\u017adziernika w naszym przedszkolu obchodzili\u015bmy wyj\u0105tkowe, regionalne \u015bwi\u0119to \u2013 Dzie\u0144 Pyry, czyli popularny Dzie\u0144 Ziemniaka. Dzieci pozna\u0142y histori\u0119 ziemniaka, ciekawostki na jego temat oraz r\u00f3\u017cne sposoby jego wykorzystania \u2013 zar\u00f3wno w kuchni, jak i\u2026 zabawie! Przedszkolaki bra\u0142y udzia\u0142 w ziemniaczanych konkurencjach, takich jak: rzucanie ziemniakiem [&hellip;]<\/p>\n","protected":false},"author":2,"featured_media":2510,"comment_status":"closed","ping_status":"closed","sticky":false,"template":"","format":"standard","meta":{"ngg_post_thumbnail":0,"footnotes":""},"categories":[4,1],"tags":[],"class_list":["post-10758","post","type-post","status-publish","format-standard","has-post-thumbnail","hentry","category-aktualnosci","category-wydarzenia"],"yoast_head":"<!-- This site is optimized with the Yoast SEO plugin v27.4 - https:\/\/yoast.com\/product\/yoast-seo-wordpress\/ -->\n<title>Dzie\u0144 Pyry - Przedszkole im. Ksi\u0119cia Przemys\u0142awa<\/title>\n<meta name=\"robots\" content=\"noindex, follow\" \/>\n<meta property=\"og:locale\" content=\"pl_PL\" \/>\n<meta property=\"og:type\" content=\"article\" \/>\n<meta property=\"og:title\" content=\"Dzie\u0144 Pyry - Przedszkole im. Ksi\u0119cia Przemys\u0142awa\" \/>\n<meta property=\"og:description\" content=\"Dzie\u0144 Pyry w Przedszkolu czyli \u015bwi\u0119to ziemniaka na weso\u0142o! 8 pa\u017adziernika w naszym przedszkolu obchodzili\u015bmy wyj\u0105tkowe, regionalne \u015bwi\u0119to \u2013 Dzie\u0144 Pyry, czyli popularny Dzie\u0144 Ziemniaka. Dzieci pozna\u0142y histori\u0119 ziemniaka, ciekawostki na jego temat oraz r\u00f3\u017cne sposoby jego wykorzystania \u2013 zar\u00f3wno w kuchni, jak i\u2026 zabawie! Przedszkolaki bra\u0142y udzia\u0142 w ziemniaczanych konkurencjach, takich jak: rzucanie ziemniakiem [&hellip;]\" \/>\n<meta property=\"og:url\" content=\"https:\/\/ple161.poznan.pl\/?p=10758\" \/>\n<meta property=\"og:site_name\" content=\"Przedszkole im. Ksi\u0119cia Przemys\u0142awa\" \/>\n<meta property=\"article:published_time\" content=\"2025-10-09T04:52:20+00:00\" \/>\n<meta property=\"article:modified_time\" content=\"2025-10-14T04:59:05+00:00\" \/>\n<meta property=\"og:image\" content=\"https:\/\/ple161.poznan.pl\/wp-content\/uploads\/2016\/10\/ziemniak.jpg\" \/>\n\t<meta property=\"og:image:width\" content=\"2056\" \/>\n\t<meta property=\"og:image:height\" content=\"1536\" \/>\n\t<meta property=\"og:image:type\" content=\"image\/jpeg\" \/>\n<meta name=\"author\" content=\"Magda Dulemba\" \/>\n<meta name=\"twitter:card\" content=\"summary_large_image\" \/>\n<meta name=\"twitter:label1\" content=\"Napisane przez\" \/>\n\t<meta name=\"twitter:data1\" content=\"Magda Dulemba\" \/>\n\t<meta name=\"twitter:label2\" content=\"Szacowany czas czytania\" \/>\n\t<meta name=\"twitter:data2\" content=\"1 minuta\" \/>\n<script type=\"application\/ld+json\" class=\"yoast-schema-graph\">{\"@context\":\"https:\\\/\\\/schema.org\",\"@graph\":[{\"@type\":\"Article\",\"@id\":\"https:\\\/\\\/ple161.poznan.pl\\\/?p=10758#article\",\"isPartOf\":{\"@id\":\"https:\\\/\\\/ple161.poznan.pl\\\/?p=10758\"},\"author\":{\"name\":\"Magda Dulemba\",\"@id\":\"https:\\\/\\\/www.przedszkole161.pl\\\/#\\\/schema\\\/person\\\/673325371d681555a8b67c870d21faac\"},\"headline\":\"Dzie\u0144 Pyry\",\"datePublished\":\"2025-10-09T04:52:20+00:00\",\"dateModified\":\"2025-10-14T04:59:05+00:00\",\"mainEntityOfPage\":{\"@id\":\"https:\\\/\\\/ple161.poznan.pl\\\/?p=10758\"},\"wordCount\":106,\"image\":{\"@id\":\"https:\\\/\\\/ple161.poznan.pl\\\/?p=10758#primaryimage\"},\"thumbnailUrl\":\"https:\\\/\\\/ple161.poznan.pl\\\/wp-content\\\/uploads\\\/2016\\\/10\\\/ziemniak.jpg\",\"articleSection\":[\"Aktualno\u015bci\",\"Wydarzenia\"],\"inLanguage\":\"pl-PL\"},{\"@type\":\"WebPage\",\"@id\":\"https:\\\/\\\/ple161.poznan.pl\\\/?p=10758\",\"url\":\"https:\\\/\\\/ple161.poznan.pl\\\/?p=10758\",\"name\":\"Dzie\u0144 Pyry - Przedszkole im. Ksi\u0119cia Przemys\u0142awa\",\"isPartOf\":{\"@id\":\"https:\\\/\\\/www.przedszkole161.pl\\\/#website\"},\"primaryImageOfPage\":{\"@id\":\"https:\\\/\\\/ple161.poznan.pl\\\/?p=10758#primaryimage\"},\"image\":{\"@id\":\"https:\\\/\\\/ple161.poznan.pl\\\/?p=10758#primaryimage\"},\"thumbnailUrl\":\"https:\\\/\\\/ple161.poznan.pl\\\/wp-content\\\/uploads\\\/2016\\\/10\\\/ziemniak.jpg\",\"datePublished\":\"2025-10-09T04:52:20+00:00\",\"dateModified\":\"2025-10-14T04:59:05+00:00\",\"author\":{\"@id\":\"https:\\\/\\\/www.przedszkole161.pl\\\/#\\\/schema\\\/person\\\/673325371d681555a8b67c870d21faac\"},\"breadcrumb\":{\"@id\":\"https:\\\/\\\/ple161.poznan.pl\\\/?p=10758#breadcrumb\"},\"inLanguage\":\"pl-PL\",\"potentialAction\":[{\"@type\":\"ReadAction\",\"target\":[\"https:\\\/\\\/ple161.poznan.pl\\\/?p=10758\"]}]},{\"@type\":\"ImageObject\",\"inLanguage\":\"pl-PL\",\"@id\":\"https:\\\/\\\/ple161.poznan.pl\\\/?p=10758#primaryimage\",\"url\":\"https:\\\/\\\/ple161.poznan.pl\\\/wp-content\\\/uploads\\\/2016\\\/10\\\/ziemniak.jpg\",\"contentUrl\":\"https:\\\/\\\/ple161.poznan.pl\\\/wp-content\\\/uploads\\\/2016\\\/10\\\/ziemniak.jpg\",\"width\":2056,\"height\":1536},{\"@type\":\"BreadcrumbList\",\"@id\":\"https:\\\/\\\/ple161.poznan.pl\\\/?p=10758#breadcrumb\",\"itemListElement\":[{\"@type\":\"ListItem\",\"position\":1,\"name\":\"Strona g\u0142\u00f3wna\",\"item\":\"https:\\\/\\\/www.przedszkole161.pl\\\/\"},{\"@type\":\"ListItem\",\"position\":2,\"name\":\"Dzie\u0144 Pyry\"}]},{\"@type\":\"WebSite\",\"@id\":\"https:\\\/\\\/www.przedszkole161.pl\\\/#website\",\"url\":\"https:\\\/\\\/www.przedszkole161.pl\\\/\",\"name\":\"Przedszkole im. Ksi\u0119cia Przemys\u0142awa 161\",\"description\":\"\",\"potentialAction\":[{\"@type\":\"SearchAction\",\"target\":{\"@type\":\"EntryPoint\",\"urlTemplate\":\"https:\\\/\\\/www.przedszkole161.pl\\\/?s={search_term_string}\"},\"query-input\":{\"@type\":\"PropertyValueSpecification\",\"valueRequired\":true,\"valueName\":\"search_term_string\"}}],\"inLanguage\":\"pl-PL\"},{\"@type\":\"Person\",\"@id\":\"https:\\\/\\\/www.przedszkole161.pl\\\/#\\\/schema\\\/person\\\/673325371d681555a8b67c870d21faac\",\"name\":\"Magda Dulemba\",\"image\":{\"@type\":\"ImageObject\",\"inLanguage\":\"pl-PL\",\"@id\":\"https:\\\/\\\/secure.gravatar.com\\\/avatar\\\/f6f4cc73208d68c67fc19e1f80620e23d66ef2a923cb26a6d726fbc6a55bbcbc?s=96&d=mm&r=g\",\"url\":\"https:\\\/\\\/secure.gravatar.com\\\/avatar\\\/f6f4cc73208d68c67fc19e1f80620e23d66ef2a923cb26a6d726fbc6a55bbcbc?s=96&d=mm&r=g\",\"contentUrl\":\"https:\\\/\\\/secure.gravatar.com\\\/avatar\\\/f6f4cc73208d68c67fc19e1f80620e23d66ef2a923cb26a6d726fbc6a55bbcbc?s=96&d=mm&r=g\",\"caption\":\"Magda Dulemba\"},\"url\":\"https:\\\/\\\/ple161.poznan.pl\\\/?author=2\"}]}<\/script>\n<!-- \/ Yoast SEO plugin. -->","yoast_head_json":{"title":"Dzie\u0144 Pyry - Przedszkole im. Ksi\u0119cia Przemys\u0142awa","robots":{"index":"noindex","follow":"follow"},"og_locale":"pl_PL","og_type":"article","og_title":"Dzie\u0144 Pyry - Przedszkole im. Ksi\u0119cia Przemys\u0142awa","og_description":"Dzie\u0144 Pyry w Przedszkolu czyli \u015bwi\u0119to ziemniaka na weso\u0142o! 8 pa\u017adziernika w naszym przedszkolu obchodzili\u015bmy wyj\u0105tkowe, regionalne \u015bwi\u0119to \u2013 Dzie\u0144 Pyry, czyli popularny Dzie\u0144 Ziemniaka. Dzieci pozna\u0142y histori\u0119 ziemniaka, ciekawostki na jego temat oraz r\u00f3\u017cne sposoby jego wykorzystania \u2013 zar\u00f3wno w kuchni, jak i\u2026 zabawie! Przedszkolaki bra\u0142y udzia\u0142 w ziemniaczanych konkurencjach, takich jak: rzucanie ziemniakiem [&hellip;]","og_url":"https:\/\/ple161.poznan.pl\/?p=10758","og_site_name":"Przedszkole im. Ksi\u0119cia Przemys\u0142awa","article_published_time":"2025-10-09T04:52:20+00:00","article_modified_time":"2025-10-14T04:59:05+00:00","og_image":[{"width":2056,"height":1536,"url":"https:\/\/ple161.poznan.pl\/wp-content\/uploads\/2016\/10\/ziemniak.jpg","type":"image\/jpeg"}],"author":"Magda Dulemba","twitter_card":"summary_large_image","twitter_misc":{"Napisane przez":"Magda Dulemba","Szacowany czas czytania":"1 minuta"},"schema":{"@context":"https:\/\/schema.org","@graph":[{"@type":"Article","@id":"https:\/\/ple161.poznan.pl\/?p=10758#article","isPartOf":{"@id":"https:\/\/ple161.poznan.pl\/?p=10758"},"author":{"name":"Magda Dulemba","@id":"https:\/\/www.przedszkole161.pl\/#\/schema\/person\/673325371d681555a8b67c870d21faac"},"headline":"Dzie\u0144 Pyry","datePublished":"2025-10-09T04:52:20+00:00","dateModified":"2025-10-14T04:59:05+00:00","mainEntityOfPage":{"@id":"https:\/\/ple161.poznan.pl\/?p=10758"},"wordCount":106,"image":{"@id":"https:\/\/ple161.poznan.pl\/?p=10758#primaryimage"},"thumbnailUrl":"https:\/\/ple161.poznan.pl\/wp-content\/uploads\/2016\/10\/ziemniak.jpg","articleSection":["Aktualno\u015bci","Wydarzenia"],"inLanguage":"pl-PL"},{"@type":"WebPage","@id":"https:\/\/ple161.poznan.pl\/?p=10758","url":"https:\/\/ple161.poznan.pl\/?p=10758","name":"Dzie\u0144 Pyry - Przedszkole im. Ksi\u0119cia Przemys\u0142awa","isPartOf":{"@id":"https:\/\/www.przedszkole161.pl\/#website"},"primaryImageOfPage":{"@id":"https:\/\/ple161.poznan.pl\/?p=10758#primaryimage"},"image":{"@id":"https:\/\/ple161.poznan.pl\/?p=10758#primaryimage"},"thumbnailUrl":"https:\/\/ple161.poznan.pl\/wp-content\/uploads\/2016\/10\/ziemniak.jpg","datePublished":"2025-10-09T04:52:20+00:00","dateModified":"2025-10-14T04:59:05+00:00","author":{"@id":"https:\/\/www.przedszkole161.pl\/#\/schema\/person\/673325371d681555a8b67c870d21faac"},"breadcrumb":{"@id":"https:\/\/ple161.poznan.pl\/?p=10758#breadcrumb"},"inLanguage":"pl-PL","potentialAction":[{"@type":"ReadAction","target":["https:\/\/ple161.poznan.pl\/?p=10758"]}]},{"@type":"ImageObject","inLanguage":"pl-PL","@id":"https:\/\/ple161.poznan.pl\/?p=10758#primaryimage","url":"https:\/\/ple161.poznan.pl\/wp-content\/uploads\/2016\/10\/ziemniak.jpg","contentUrl":"https:\/\/ple161.poznan.pl\/wp-content\/uploads\/2016\/10\/ziemniak.jpg","width":2056,"height":1536},{"@type":"BreadcrumbList","@id":"https:\/\/ple161.poznan.pl\/?p=10758#breadcrumb","itemListElement":[{"@type":"ListItem","position":1,"name":"Strona g\u0142\u00f3wna","item":"https:\/\/www.przedszkole161.pl\/"},{"@type":"ListItem","position":2,"name":"Dzie\u0144 Pyry"}]},{"@type":"WebSite","@id":"https:\/\/www.przedszkole161.pl\/#website","url":"https:\/\/www.przedszkole161.pl\/","name":"Przedszkole im. Ksi\u0119cia Przemys\u0142awa 161","description":"","potentialAction":[{"@type":"SearchAction","target":{"@type":"EntryPoint","urlTemplate":"https:\/\/www.przedszkole161.pl\/?s={search_term_string}"},"query-input":{"@type":"PropertyValueSpecification","valueRequired":true,"valueName":"search_term_string"}}],"inLanguage":"pl-PL"},{"@type":"Person","@id":"https:\/\/www.przedszkole161.pl\/#\/schema\/person\/673325371d681555a8b67c870d21faac","name":"Magda Dulemba","image":{"@type":"ImageObject","inLanguage":"pl-PL","@id":"https:\/\/secure.gravatar.com\/avatar\/f6f4cc73208d68c67fc19e1f80620e23d66ef2a923cb26a6d726fbc6a55bbcbc?s=96&d=mm&r=g","url":"https:\/\/secure.gravatar.com\/avatar\/f6f4cc73208d68c67fc19e1f80620e23d66ef2a923cb26a6d726fbc6a55bbcbc?s=96&d=mm&r=g","contentUrl":"https:\/\/secure.gravatar.com\/avatar\/f6f4cc73208d68c67fc19e1f80620e23d66ef2a923cb26a6d726fbc6a55bbcbc?s=96&d=mm&r=g","caption":"Magda Dulemba"},"url":"https:\/\/ple161.poznan.pl\/?author=2"}]}},"_links":{"self":[{"href":"https:\/\/ple161.poznan.pl\/index.php?rest_route=\/wp\/v2\/posts\/10758","targetHints":{"allow":["GET"]}}],"collection":[{"href":"https:\/\/ple161.poznan.pl\/index.php?rest_route=\/wp\/v2\/posts"}],"about":[{"href":"https:\/\/ple161.poznan.pl\/index.php?rest_route=\/wp\/v2\/types\/post"}],"author":[{"embeddable":true,"href":"https:\/\/ple161.poznan.pl\/index.php?rest_route=\/wp\/v2\/users\/2"}],"replies":[{"embeddable":true,"href":"https:\/\/ple161.poznan.pl\/index.php?rest_route=%2Fwp%2Fv2%2Fcomments&post=10758"}],"version-history":[{"count":1,"href":"https:\/\/ple161.poznan.pl\/index.php?rest_route=\/wp\/v2\/posts\/10758\/revisions"}],"predecessor-version":[{"id":10759,"href":"https:\/\/ple161.poznan.pl\/index.php?rest_route=\/wp\/v2\/posts\/10758\/revisions\/10759"}],"wp:featuredmedia":[{"embeddable":true,"href":"https:\/\/ple161.poznan.pl\/index.php?rest_route=\/wp\/v2\/media\/2510"}],"wp:attachment":[{"href":"https:\/\/ple161.poznan.pl\/index.php?rest_route=%2Fwp%2Fv2%2Fmedia&parent=10758"}],"wp:term":[{"taxonomy":"category","embeddable":true,"href":"https:\/\/ple161.poznan.pl\/index.php?rest_route=%2Fwp%2Fv2%2Fcategories&post=10758"},{"taxonomy":"post_tag","embeddable":true,"href":"https:\/\/ple161.poznan.pl\/index.php?rest_route=%2Fwp%2Fv2%2Ftags&post=10758"}],"curies":[{"name":"wp","href":"https:\/\/api.w.org\/{rel}","templated":true}]}}