{"id":10754,"date":"2025-10-01T05:46:10","date_gmt":"2025-10-01T04:46:10","guid":{"rendered":"https:\/\/ple161.poznan.pl\/?p=10754"},"modified":"2025-10-14T05:52:15","modified_gmt":"2025-10-14T04:52:15","slug":"dzien-chlopaka-3","status":"publish","type":"post","link":"https:\/\/ple161.poznan.pl\/?p=10754","title":{"rendered":"Dzie\u0144 Ch\u0142opaka"},"content":{"rendered":"<p data-start=\"221\" data-end=\"437\">30 wrze\u015bnia w naszym przedszkolu obchodzili\u015bmy rado\u015bnie i wyj\u0105tkowo <strong data-start=\"299\" data-end=\"317\">Dzie\u0144 Ch\u0142opaka<\/strong>. By\u0142 to dzie\u0144 pe\u0142en u\u015bmiech\u00f3w, zabawy i mi\u0142ych niespodzianek przygotowanych specjalnie dla naszych ma\u0142ych d\u017centelmen\u00f3w!<\/p>\n<p data-start=\"439\" data-end=\"655\">Z tej okazji dziewczynki wraz z paniami przygotowa\u0142y dla ch\u0142opc\u00f3w drobne upominki i laurki. Nie zabrak\u0142o r\u00f3wnie\u017c wsp\u00f3lnego \u015bpiewania, ta\u0144c\u00f3w oraz zabaw integracyjnych, kt\u00f3re sprawi\u0142y wszystkim dzieciom wiele rado\u015bci.<\/p>\n<p data-start=\"657\" data-end=\"894\">W ka\u017cdej grupie odby\u0142a si\u0119 ma\u0142a uroczysto\u015b\u0107, podczas kt\u00f3rej ch\u0142opcy zostali serdecznie obdarowani i mogli poczu\u0107 si\u0119 naprawd\u0119 wyj\u0105tkowo. Panowa\u0142a radosna atmosfera, a u\u015bmiech nie schodzi\u0142 z twarzy naszych przedszkolak\u00f3w przez ca\u0142y dzie\u0144.<\/p>\n<p data-start=\"896\" data-end=\"1054\">\n","protected":false},"excerpt":{"rendered":"<p>30 wrze\u015bnia w naszym przedszkolu obchodzili\u015bmy rado\u015bnie i wyj\u0105tkowo Dzie\u0144 Ch\u0142opaka. By\u0142 to dzie\u0144 pe\u0142en u\u015bmiech\u00f3w, zabawy i mi\u0142ych niespodzianek przygotowanych specjalnie dla naszych ma\u0142ych d\u017centelmen\u00f3w! Z tej okazji dziewczynki wraz z paniami przygotowa\u0142y dla ch\u0142opc\u00f3w drobne upominki i laurki. Nie zabrak\u0142o r\u00f3wnie\u017c wsp\u00f3lnego \u015bpiewania, ta\u0144c\u00f3w oraz zabaw integracyjnych, kt\u00f3re sprawi\u0142y wszystkim dzieciom wiele rado\u015bci. [&hellip;]<\/p>\n","protected":false},"author":2,"featured_media":6377,"comment_status":"closed","ping_status":"closed","sticky":false,"template":"","format":"standard","meta":{"ngg_post_thumbnail":0,"footnotes":""},"categories":[4,1],"tags":[],"class_list":["post-10754","post","type-post","status-publish","format-standard","has-post-thumbnail","hentry","category-aktualnosci","category-wydarzenia"],"yoast_head":"<!-- This site is optimized with the Yoast SEO plugin v27.4 - https:\/\/yoast.com\/product\/yoast-seo-wordpress\/ -->\n<title>Dzie\u0144 Ch\u0142opaka - Przedszkole im. Ksi\u0119cia Przemys\u0142awa<\/title>\n<meta name=\"robots\" content=\"noindex, follow\" \/>\n<meta property=\"og:locale\" content=\"pl_PL\" \/>\n<meta property=\"og:type\" content=\"article\" \/>\n<meta property=\"og:title\" content=\"Dzie\u0144 Ch\u0142opaka - Przedszkole im. Ksi\u0119cia Przemys\u0142awa\" \/>\n<meta property=\"og:description\" content=\"30 wrze\u015bnia w naszym przedszkolu obchodzili\u015bmy rado\u015bnie i wyj\u0105tkowo Dzie\u0144 Ch\u0142opaka. By\u0142 to dzie\u0144 pe\u0142en u\u015bmiech\u00f3w, zabawy i mi\u0142ych niespodzianek przygotowanych specjalnie dla naszych ma\u0142ych d\u017centelmen\u00f3w! Z tej okazji dziewczynki wraz z paniami przygotowa\u0142y dla ch\u0142opc\u00f3w drobne upominki i laurki. Nie zabrak\u0142o r\u00f3wnie\u017c wsp\u00f3lnego \u015bpiewania, ta\u0144c\u00f3w oraz zabaw integracyjnych, kt\u00f3re sprawi\u0142y wszystkim dzieciom wiele rado\u015bci. [&hellip;]\" \/>\n<meta property=\"og:url\" content=\"https:\/\/ple161.poznan.pl\/?p=10754\" \/>\n<meta property=\"og:site_name\" content=\"Przedszkole im. Ksi\u0119cia Przemys\u0142awa\" \/>\n<meta property=\"article:published_time\" content=\"2025-10-01T04:46:10+00:00\" \/>\n<meta property=\"article:modified_time\" content=\"2025-10-14T04:52:15+00:00\" \/>\n<meta property=\"og:image\" content=\"https:\/\/ple161.poznan.pl\/wp-content\/uploads\/2021\/09\/dzien-chlopaka.gif\" \/>\n\t<meta property=\"og:image:width\" content=\"100\" \/>\n\t<meta property=\"og:image:height\" content=\"142\" \/>\n\t<meta property=\"og:image:type\" content=\"image\/gif\" \/>\n<meta name=\"author\" content=\"Magda Dulemba\" \/>\n<meta name=\"twitter:card\" content=\"summary_large_image\" \/>\n<meta name=\"twitter:label1\" content=\"Napisane przez\" \/>\n\t<meta name=\"twitter:data1\" content=\"Magda Dulemba\" \/>\n\t<meta name=\"twitter:label2\" content=\"Szacowany czas czytania\" \/>\n\t<meta name=\"twitter:data2\" content=\"1 minuta\" \/>\n<script type=\"application\/ld+json\" class=\"yoast-schema-graph\">{\"@context\":\"https:\\\/\\\/schema.org\",\"@graph\":[{\"@type\":\"Article\",\"@id\":\"https:\\\/\\\/ple161.poznan.pl\\\/?p=10754#article\",\"isPartOf\":{\"@id\":\"https:\\\/\\\/ple161.poznan.pl\\\/?p=10754\"},\"author\":{\"name\":\"Magda Dulemba\",\"@id\":\"https:\\\/\\\/www.przedszkole161.pl\\\/#\\\/schema\\\/person\\\/673325371d681555a8b67c870d21faac\"},\"headline\":\"Dzie\u0144 Ch\u0142opaka\",\"datePublished\":\"2025-10-01T04:46:10+00:00\",\"dateModified\":\"2025-10-14T04:52:15+00:00\",\"mainEntityOfPage\":{\"@id\":\"https:\\\/\\\/ple161.poznan.pl\\\/?p=10754\"},\"wordCount\":123,\"image\":{\"@id\":\"https:\\\/\\\/ple161.poznan.pl\\\/?p=10754#primaryimage\"},\"thumbnailUrl\":\"https:\\\/\\\/ple161.poznan.pl\\\/wp-content\\\/uploads\\\/2021\\\/09\\\/dzien-chlopaka.gif\",\"articleSection\":[\"Aktualno\u015bci\",\"Wydarzenia\"],\"inLanguage\":\"pl-PL\"},{\"@type\":\"WebPage\",\"@id\":\"https:\\\/\\\/ple161.poznan.pl\\\/?p=10754\",\"url\":\"https:\\\/\\\/ple161.poznan.pl\\\/?p=10754\",\"name\":\"Dzie\u0144 Ch\u0142opaka - Przedszkole im. Ksi\u0119cia Przemys\u0142awa\",\"isPartOf\":{\"@id\":\"https:\\\/\\\/www.przedszkole161.pl\\\/#website\"},\"primaryImageOfPage\":{\"@id\":\"https:\\\/\\\/ple161.poznan.pl\\\/?p=10754#primaryimage\"},\"image\":{\"@id\":\"https:\\\/\\\/ple161.poznan.pl\\\/?p=10754#primaryimage\"},\"thumbnailUrl\":\"https:\\\/\\\/ple161.poznan.pl\\\/wp-content\\\/uploads\\\/2021\\\/09\\\/dzien-chlopaka.gif\",\"datePublished\":\"2025-10-01T04:46:10+00:00\",\"dateModified\":\"2025-10-14T04:52:15+00:00\",\"author\":{\"@id\":\"https:\\\/\\\/www.przedszkole161.pl\\\/#\\\/schema\\\/person\\\/673325371d681555a8b67c870d21faac\"},\"breadcrumb\":{\"@id\":\"https:\\\/\\\/ple161.poznan.pl\\\/?p=10754#breadcrumb\"},\"inLanguage\":\"pl-PL\",\"potentialAction\":[{\"@type\":\"ReadAction\",\"target\":[\"https:\\\/\\\/ple161.poznan.pl\\\/?p=10754\"]}]},{\"@type\":\"ImageObject\",\"inLanguage\":\"pl-PL\",\"@id\":\"https:\\\/\\\/ple161.poznan.pl\\\/?p=10754#primaryimage\",\"url\":\"https:\\\/\\\/ple161.poznan.pl\\\/wp-content\\\/uploads\\\/2021\\\/09\\\/dzien-chlopaka.gif\",\"contentUrl\":\"https:\\\/\\\/ple161.poznan.pl\\\/wp-content\\\/uploads\\\/2021\\\/09\\\/dzien-chlopaka.gif\",\"width\":100,\"height\":142},{\"@type\":\"BreadcrumbList\",\"@id\":\"https:\\\/\\\/ple161.poznan.pl\\\/?p=10754#breadcrumb\",\"itemListElement\":[{\"@type\":\"ListItem\",\"position\":1,\"name\":\"Strona g\u0142\u00f3wna\",\"item\":\"https:\\\/\\\/www.przedszkole161.pl\\\/\"},{\"@type\":\"ListItem\",\"position\":2,\"name\":\"Dzie\u0144 Ch\u0142opaka\"}]},{\"@type\":\"WebSite\",\"@id\":\"https:\\\/\\\/www.przedszkole161.pl\\\/#website\",\"url\":\"https:\\\/\\\/www.przedszkole161.pl\\\/\",\"name\":\"Przedszkole im. Ksi\u0119cia Przemys\u0142awa 161\",\"description\":\"\",\"potentialAction\":[{\"@type\":\"SearchAction\",\"target\":{\"@type\":\"EntryPoint\",\"urlTemplate\":\"https:\\\/\\\/www.przedszkole161.pl\\\/?s={search_term_string}\"},\"query-input\":{\"@type\":\"PropertyValueSpecification\",\"valueRequired\":true,\"valueName\":\"search_term_string\"}}],\"inLanguage\":\"pl-PL\"},{\"@type\":\"Person\",\"@id\":\"https:\\\/\\\/www.przedszkole161.pl\\\/#\\\/schema\\\/person\\\/673325371d681555a8b67c870d21faac\",\"name\":\"Magda Dulemba\",\"image\":{\"@type\":\"ImageObject\",\"inLanguage\":\"pl-PL\",\"@id\":\"https:\\\/\\\/secure.gravatar.com\\\/avatar\\\/f6f4cc73208d68c67fc19e1f80620e23d66ef2a923cb26a6d726fbc6a55bbcbc?s=96&d=mm&r=g\",\"url\":\"https:\\\/\\\/secure.gravatar.com\\\/avatar\\\/f6f4cc73208d68c67fc19e1f80620e23d66ef2a923cb26a6d726fbc6a55bbcbc?s=96&d=mm&r=g\",\"contentUrl\":\"https:\\\/\\\/secure.gravatar.com\\\/avatar\\\/f6f4cc73208d68c67fc19e1f80620e23d66ef2a923cb26a6d726fbc6a55bbcbc?s=96&d=mm&r=g\",\"caption\":\"Magda Dulemba\"},\"url\":\"https:\\\/\\\/ple161.poznan.pl\\\/?author=2\"}]}<\/script>\n<!-- \/ Yoast SEO plugin. -->","yoast_head_json":{"title":"Dzie\u0144 Ch\u0142opaka - Przedszkole im. Ksi\u0119cia Przemys\u0142awa","robots":{"index":"noindex","follow":"follow"},"og_locale":"pl_PL","og_type":"article","og_title":"Dzie\u0144 Ch\u0142opaka - Przedszkole im. Ksi\u0119cia Przemys\u0142awa","og_description":"30 wrze\u015bnia w naszym przedszkolu obchodzili\u015bmy rado\u015bnie i wyj\u0105tkowo Dzie\u0144 Ch\u0142opaka. By\u0142 to dzie\u0144 pe\u0142en u\u015bmiech\u00f3w, zabawy i mi\u0142ych niespodzianek przygotowanych specjalnie dla naszych ma\u0142ych d\u017centelmen\u00f3w! Z tej okazji dziewczynki wraz z paniami przygotowa\u0142y dla ch\u0142opc\u00f3w drobne upominki i laurki. Nie zabrak\u0142o r\u00f3wnie\u017c wsp\u00f3lnego \u015bpiewania, ta\u0144c\u00f3w oraz zabaw integracyjnych, kt\u00f3re sprawi\u0142y wszystkim dzieciom wiele rado\u015bci. [&hellip;]","og_url":"https:\/\/ple161.poznan.pl\/?p=10754","og_site_name":"Przedszkole im. Ksi\u0119cia Przemys\u0142awa","article_published_time":"2025-10-01T04:46:10+00:00","article_modified_time":"2025-10-14T04:52:15+00:00","og_image":[{"width":100,"height":142,"url":"https:\/\/ple161.poznan.pl\/wp-content\/uploads\/2021\/09\/dzien-chlopaka.gif","type":"image\/gif"}],"author":"Magda Dulemba","twitter_card":"summary_large_image","twitter_misc":{"Napisane przez":"Magda Dulemba","Szacowany czas czytania":"1 minuta"},"schema":{"@context":"https:\/\/schema.org","@graph":[{"@type":"Article","@id":"https:\/\/ple161.poznan.pl\/?p=10754#article","isPartOf":{"@id":"https:\/\/ple161.poznan.pl\/?p=10754"},"author":{"name":"Magda Dulemba","@id":"https:\/\/www.przedszkole161.pl\/#\/schema\/person\/673325371d681555a8b67c870d21faac"},"headline":"Dzie\u0144 Ch\u0142opaka","datePublished":"2025-10-01T04:46:10+00:00","dateModified":"2025-10-14T04:52:15+00:00","mainEntityOfPage":{"@id":"https:\/\/ple161.poznan.pl\/?p=10754"},"wordCount":123,"image":{"@id":"https:\/\/ple161.poznan.pl\/?p=10754#primaryimage"},"thumbnailUrl":"https:\/\/ple161.poznan.pl\/wp-content\/uploads\/2021\/09\/dzien-chlopaka.gif","articleSection":["Aktualno\u015bci","Wydarzenia"],"inLanguage":"pl-PL"},{"@type":"WebPage","@id":"https:\/\/ple161.poznan.pl\/?p=10754","url":"https:\/\/ple161.poznan.pl\/?p=10754","name":"Dzie\u0144 Ch\u0142opaka - Przedszkole im. Ksi\u0119cia Przemys\u0142awa","isPartOf":{"@id":"https:\/\/www.przedszkole161.pl\/#website"},"primaryImageOfPage":{"@id":"https:\/\/ple161.poznan.pl\/?p=10754#primaryimage"},"image":{"@id":"https:\/\/ple161.poznan.pl\/?p=10754#primaryimage"},"thumbnailUrl":"https:\/\/ple161.poznan.pl\/wp-content\/uploads\/2021\/09\/dzien-chlopaka.gif","datePublished":"2025-10-01T04:46:10+00:00","dateModified":"2025-10-14T04:52:15+00:00","author":{"@id":"https:\/\/www.przedszkole161.pl\/#\/schema\/person\/673325371d681555a8b67c870d21faac"},"breadcrumb":{"@id":"https:\/\/ple161.poznan.pl\/?p=10754#breadcrumb"},"inLanguage":"pl-PL","potentialAction":[{"@type":"ReadAction","target":["https:\/\/ple161.poznan.pl\/?p=10754"]}]},{"@type":"ImageObject","inLanguage":"pl-PL","@id":"https:\/\/ple161.poznan.pl\/?p=10754#primaryimage","url":"https:\/\/ple161.poznan.pl\/wp-content\/uploads\/2021\/09\/dzien-chlopaka.gif","contentUrl":"https:\/\/ple161.poznan.pl\/wp-content\/uploads\/2021\/09\/dzien-chlopaka.gif","width":100,"height":142},{"@type":"BreadcrumbList","@id":"https:\/\/ple161.poznan.pl\/?p=10754#breadcrumb","itemListElement":[{"@type":"ListItem","position":1,"name":"Strona g\u0142\u00f3wna","item":"https:\/\/www.przedszkole161.pl\/"},{"@type":"ListItem","position":2,"name":"Dzie\u0144 Ch\u0142opaka"}]},{"@type":"WebSite","@id":"https:\/\/www.przedszkole161.pl\/#website","url":"https:\/\/www.przedszkole161.pl\/","name":"Przedszkole im. Ksi\u0119cia Przemys\u0142awa 161","description":"","potentialAction":[{"@type":"SearchAction","target":{"@type":"EntryPoint","urlTemplate":"https:\/\/www.przedszkole161.pl\/?s={search_term_string}"},"query-input":{"@type":"PropertyValueSpecification","valueRequired":true,"valueName":"search_term_string"}}],"inLanguage":"pl-PL"},{"@type":"Person","@id":"https:\/\/www.przedszkole161.pl\/#\/schema\/person\/673325371d681555a8b67c870d21faac","name":"Magda Dulemba","image":{"@type":"ImageObject","inLanguage":"pl-PL","@id":"https:\/\/secure.gravatar.com\/avatar\/f6f4cc73208d68c67fc19e1f80620e23d66ef2a923cb26a6d726fbc6a55bbcbc?s=96&d=mm&r=g","url":"https:\/\/secure.gravatar.com\/avatar\/f6f4cc73208d68c67fc19e1f80620e23d66ef2a923cb26a6d726fbc6a55bbcbc?s=96&d=mm&r=g","contentUrl":"https:\/\/secure.gravatar.com\/avatar\/f6f4cc73208d68c67fc19e1f80620e23d66ef2a923cb26a6d726fbc6a55bbcbc?s=96&d=mm&r=g","caption":"Magda Dulemba"},"url":"https:\/\/ple161.poznan.pl\/?author=2"}]}},"_links":{"self":[{"href":"https:\/\/ple161.poznan.pl\/index.php?rest_route=\/wp\/v2\/posts\/10754","targetHints":{"allow":["GET"]}}],"collection":[{"href":"https:\/\/ple161.poznan.pl\/index.php?rest_route=\/wp\/v2\/posts"}],"about":[{"href":"https:\/\/ple161.poznan.pl\/index.php?rest_route=\/wp\/v2\/types\/post"}],"author":[{"embeddable":true,"href":"https:\/\/ple161.poznan.pl\/index.php?rest_route=\/wp\/v2\/users\/2"}],"replies":[{"embeddable":true,"href":"https:\/\/ple161.poznan.pl\/index.php?rest_route=%2Fwp%2Fv2%2Fcomments&post=10754"}],"version-history":[{"count":2,"href":"https:\/\/ple161.poznan.pl\/index.php?rest_route=\/wp\/v2\/posts\/10754\/revisions"}],"predecessor-version":[{"id":10756,"href":"https:\/\/ple161.poznan.pl\/index.php?rest_route=\/wp\/v2\/posts\/10754\/revisions\/10756"}],"wp:featuredmedia":[{"embeddable":true,"href":"https:\/\/ple161.poznan.pl\/index.php?rest_route=\/wp\/v2\/media\/6377"}],"wp:attachment":[{"href":"https:\/\/ple161.poznan.pl\/index.php?rest_route=%2Fwp%2Fv2%2Fmedia&parent=10754"}],"wp:term":[{"taxonomy":"category","embeddable":true,"href":"https:\/\/ple161.poznan.pl\/index.php?rest_route=%2Fwp%2Fv2%2Fcategories&post=10754"},{"taxonomy":"post_tag","embeddable":true,"href":"https:\/\/ple161.poznan.pl\/index.php?rest_route=%2Fwp%2Fv2%2Ftags&post=10754"}],"curies":[{"name":"wp","href":"https:\/\/api.w.org\/{rel}","templated":true}]}}