{"id":10752,"date":"2025-10-14T05:45:41","date_gmt":"2025-10-14T04:45:41","guid":{"rendered":"https:\/\/ple161.poznan.pl\/?p=10752"},"modified":"2025-10-14T05:45:41","modified_gmt":"2025-10-14T04:45:41","slug":"pasowanie-na-przedszkolaka-5","status":"publish","type":"post","link":"https:\/\/ple161.poznan.pl\/?p=10752","title":{"rendered":"Pasowanie na przedszkolaka"},"content":{"rendered":"<p data-start=\"221\" data-end=\"354\">Z wielk\u0105 rado\u015bci\u0105 informujemy, \u017ce dnia <strong data-start=\"260\" data-end=\"276\">31.10.2025r. o godz.14.00 <\/strong>\u00a0w naszym przedszkolu odb\u0119dzie si\u0119 uroczysto\u015b\u0107 <strong data-start=\"323\" data-end=\"353\">Pasowania na Przedszkolaka<\/strong>!<\/p>\n<p data-start=\"356\" data-end=\"662\">To wyj\u0105tkowe wydarzenie, podczas kt\u00f3rego nasze najm\u0142odsze dzieci oficjalnie do\u0142\u0105cz\u0105 do grona przedszkolak\u00f3w. Uroczysto\u015b\u0107 b\u0119dzie pe\u0142na rado\u015bci, piosenek, ta\u0144c\u00f3w i u\u015bmiechu \u2013 a najwa\u017cniejszym momentem b\u0119dzie oczywi\u015bcie <strong data-start=\"577\" data-end=\"602\">symboliczne pasowanie<\/strong>, kt\u00f3re na d\u0142ugo pozostanie w pami\u0119ci dzieci i ich rodzic\u00f3w.<\/p>\n<p data-start=\"664\" data-end=\"771\">Zapraszamy serdecznie rodzic\u00f3w dzieci z grupy Kozio\u0142eczki do wsp\u00f3lnego prze\u017cywania tego wa\u017cnego dnia.<\/p>\n","protected":false},"excerpt":{"rendered":"<p>Z wielk\u0105 rado\u015bci\u0105 informujemy, \u017ce dnia 31.10.2025r. o godz.14.00 \u00a0w naszym przedszkolu odb\u0119dzie si\u0119 uroczysto\u015b\u0107 Pasowania na Przedszkolaka! To wyj\u0105tkowe wydarzenie, podczas kt\u00f3rego nasze najm\u0142odsze dzieci oficjalnie do\u0142\u0105cz\u0105 do grona przedszkolak\u00f3w. Uroczysto\u015b\u0107 b\u0119dzie pe\u0142na rado\u015bci, piosenek, ta\u0144c\u00f3w i u\u015bmiechu \u2013 a najwa\u017cniejszym momentem b\u0119dzie oczywi\u015bcie symboliczne pasowanie, kt\u00f3re na d\u0142ugo pozostanie w pami\u0119ci dzieci i [&hellip;]<\/p>\n","protected":false},"author":2,"featured_media":4831,"comment_status":"closed","ping_status":"closed","sticky":false,"template":"","format":"standard","meta":{"ngg_post_thumbnail":0,"footnotes":""},"categories":[4,1],"tags":[],"class_list":["post-10752","post","type-post","status-publish","format-standard","has-post-thumbnail","hentry","category-aktualnosci","category-wydarzenia"],"yoast_head":"<!-- This site is optimized with the Yoast SEO plugin v27.4 - https:\/\/yoast.com\/product\/yoast-seo-wordpress\/ -->\n<title>Pasowanie na przedszkolaka - Przedszkole im. Ksi\u0119cia Przemys\u0142awa<\/title>\n<meta name=\"robots\" content=\"noindex, follow\" \/>\n<meta property=\"og:locale\" content=\"pl_PL\" \/>\n<meta property=\"og:type\" content=\"article\" \/>\n<meta property=\"og:title\" content=\"Pasowanie na przedszkolaka - Przedszkole im. Ksi\u0119cia Przemys\u0142awa\" \/>\n<meta property=\"og:description\" content=\"Z wielk\u0105 rado\u015bci\u0105 informujemy, \u017ce dnia 31.10.2025r. o godz.14.00 \u00a0w naszym przedszkolu odb\u0119dzie si\u0119 uroczysto\u015b\u0107 Pasowania na Przedszkolaka! To wyj\u0105tkowe wydarzenie, podczas kt\u00f3rego nasze najm\u0142odsze dzieci oficjalnie do\u0142\u0105cz\u0105 do grona przedszkolak\u00f3w. Uroczysto\u015b\u0107 b\u0119dzie pe\u0142na rado\u015bci, piosenek, ta\u0144c\u00f3w i u\u015bmiechu \u2013 a najwa\u017cniejszym momentem b\u0119dzie oczywi\u015bcie symboliczne pasowanie, kt\u00f3re na d\u0142ugo pozostanie w pami\u0119ci dzieci i [&hellip;]\" \/>\n<meta property=\"og:url\" content=\"https:\/\/ple161.poznan.pl\/?p=10752\" \/>\n<meta property=\"og:site_name\" content=\"Przedszkole im. Ksi\u0119cia Przemys\u0142awa\" \/>\n<meta property=\"article:published_time\" content=\"2025-10-14T04:45:41+00:00\" \/>\n<meta property=\"og:image\" content=\"https:\/\/ple161.poznan.pl\/wp-content\/uploads\/2020\/04\/1-rodzice.gif\" \/>\n\t<meta property=\"og:image:width\" content=\"313\" \/>\n\t<meta property=\"og:image:height\" content=\"226\" \/>\n\t<meta property=\"og:image:type\" content=\"image\/gif\" \/>\n<meta name=\"author\" content=\"Magda Dulemba\" \/>\n<meta name=\"twitter:card\" content=\"summary_large_image\" \/>\n<meta name=\"twitter:label1\" content=\"Napisane przez\" \/>\n\t<meta name=\"twitter:data1\" content=\"Magda Dulemba\" \/>\n\t<meta name=\"twitter:label2\" content=\"Szacowany czas czytania\" \/>\n\t<meta name=\"twitter:data2\" content=\"1 minuta\" \/>\n<script type=\"application\/ld+json\" class=\"yoast-schema-graph\">{\"@context\":\"https:\\\/\\\/schema.org\",\"@graph\":[{\"@type\":\"Article\",\"@id\":\"https:\\\/\\\/ple161.poznan.pl\\\/?p=10752#article\",\"isPartOf\":{\"@id\":\"https:\\\/\\\/ple161.poznan.pl\\\/?p=10752\"},\"author\":{\"name\":\"Magda Dulemba\",\"@id\":\"https:\\\/\\\/www.przedszkole161.pl\\\/#\\\/schema\\\/person\\\/673325371d681555a8b67c870d21faac\"},\"headline\":\"Pasowanie na przedszkolaka\",\"datePublished\":\"2025-10-14T04:45:41+00:00\",\"mainEntityOfPage\":{\"@id\":\"https:\\\/\\\/ple161.poznan.pl\\\/?p=10752\"},\"wordCount\":97,\"image\":{\"@id\":\"https:\\\/\\\/ple161.poznan.pl\\\/?p=10752#primaryimage\"},\"thumbnailUrl\":\"https:\\\/\\\/ple161.poznan.pl\\\/wp-content\\\/uploads\\\/2020\\\/04\\\/1-rodzice.gif\",\"articleSection\":[\"Aktualno\u015bci\",\"Wydarzenia\"],\"inLanguage\":\"pl-PL\"},{\"@type\":\"WebPage\",\"@id\":\"https:\\\/\\\/ple161.poznan.pl\\\/?p=10752\",\"url\":\"https:\\\/\\\/ple161.poznan.pl\\\/?p=10752\",\"name\":\"Pasowanie na przedszkolaka - Przedszkole im. Ksi\u0119cia Przemys\u0142awa\",\"isPartOf\":{\"@id\":\"https:\\\/\\\/www.przedszkole161.pl\\\/#website\"},\"primaryImageOfPage\":{\"@id\":\"https:\\\/\\\/ple161.poznan.pl\\\/?p=10752#primaryimage\"},\"image\":{\"@id\":\"https:\\\/\\\/ple161.poznan.pl\\\/?p=10752#primaryimage\"},\"thumbnailUrl\":\"https:\\\/\\\/ple161.poznan.pl\\\/wp-content\\\/uploads\\\/2020\\\/04\\\/1-rodzice.gif\",\"datePublished\":\"2025-10-14T04:45:41+00:00\",\"author\":{\"@id\":\"https:\\\/\\\/www.przedszkole161.pl\\\/#\\\/schema\\\/person\\\/673325371d681555a8b67c870d21faac\"},\"breadcrumb\":{\"@id\":\"https:\\\/\\\/ple161.poznan.pl\\\/?p=10752#breadcrumb\"},\"inLanguage\":\"pl-PL\",\"potentialAction\":[{\"@type\":\"ReadAction\",\"target\":[\"https:\\\/\\\/ple161.poznan.pl\\\/?p=10752\"]}]},{\"@type\":\"ImageObject\",\"inLanguage\":\"pl-PL\",\"@id\":\"https:\\\/\\\/ple161.poznan.pl\\\/?p=10752#primaryimage\",\"url\":\"https:\\\/\\\/ple161.poznan.pl\\\/wp-content\\\/uploads\\\/2020\\\/04\\\/1-rodzice.gif\",\"contentUrl\":\"https:\\\/\\\/ple161.poznan.pl\\\/wp-content\\\/uploads\\\/2020\\\/04\\\/1-rodzice.gif\",\"width\":313,\"height\":226},{\"@type\":\"BreadcrumbList\",\"@id\":\"https:\\\/\\\/ple161.poznan.pl\\\/?p=10752#breadcrumb\",\"itemListElement\":[{\"@type\":\"ListItem\",\"position\":1,\"name\":\"Strona g\u0142\u00f3wna\",\"item\":\"https:\\\/\\\/www.przedszkole161.pl\\\/\"},{\"@type\":\"ListItem\",\"position\":2,\"name\":\"Pasowanie na przedszkolaka\"}]},{\"@type\":\"WebSite\",\"@id\":\"https:\\\/\\\/www.przedszkole161.pl\\\/#website\",\"url\":\"https:\\\/\\\/www.przedszkole161.pl\\\/\",\"name\":\"Przedszkole im. Ksi\u0119cia Przemys\u0142awa 161\",\"description\":\"\",\"potentialAction\":[{\"@type\":\"SearchAction\",\"target\":{\"@type\":\"EntryPoint\",\"urlTemplate\":\"https:\\\/\\\/www.przedszkole161.pl\\\/?s={search_term_string}\"},\"query-input\":{\"@type\":\"PropertyValueSpecification\",\"valueRequired\":true,\"valueName\":\"search_term_string\"}}],\"inLanguage\":\"pl-PL\"},{\"@type\":\"Person\",\"@id\":\"https:\\\/\\\/www.przedszkole161.pl\\\/#\\\/schema\\\/person\\\/673325371d681555a8b67c870d21faac\",\"name\":\"Magda Dulemba\",\"image\":{\"@type\":\"ImageObject\",\"inLanguage\":\"pl-PL\",\"@id\":\"https:\\\/\\\/secure.gravatar.com\\\/avatar\\\/f6f4cc73208d68c67fc19e1f80620e23d66ef2a923cb26a6d726fbc6a55bbcbc?s=96&d=mm&r=g\",\"url\":\"https:\\\/\\\/secure.gravatar.com\\\/avatar\\\/f6f4cc73208d68c67fc19e1f80620e23d66ef2a923cb26a6d726fbc6a55bbcbc?s=96&d=mm&r=g\",\"contentUrl\":\"https:\\\/\\\/secure.gravatar.com\\\/avatar\\\/f6f4cc73208d68c67fc19e1f80620e23d66ef2a923cb26a6d726fbc6a55bbcbc?s=96&d=mm&r=g\",\"caption\":\"Magda Dulemba\"},\"url\":\"https:\\\/\\\/ple161.poznan.pl\\\/?author=2\"}]}<\/script>\n<!-- \/ Yoast SEO plugin. -->","yoast_head_json":{"title":"Pasowanie na przedszkolaka - Przedszkole im. Ksi\u0119cia Przemys\u0142awa","robots":{"index":"noindex","follow":"follow"},"og_locale":"pl_PL","og_type":"article","og_title":"Pasowanie na przedszkolaka - Przedszkole im. Ksi\u0119cia Przemys\u0142awa","og_description":"Z wielk\u0105 rado\u015bci\u0105 informujemy, \u017ce dnia 31.10.2025r. o godz.14.00 \u00a0w naszym przedszkolu odb\u0119dzie si\u0119 uroczysto\u015b\u0107 Pasowania na Przedszkolaka! To wyj\u0105tkowe wydarzenie, podczas kt\u00f3rego nasze najm\u0142odsze dzieci oficjalnie do\u0142\u0105cz\u0105 do grona przedszkolak\u00f3w. Uroczysto\u015b\u0107 b\u0119dzie pe\u0142na rado\u015bci, piosenek, ta\u0144c\u00f3w i u\u015bmiechu \u2013 a najwa\u017cniejszym momentem b\u0119dzie oczywi\u015bcie symboliczne pasowanie, kt\u00f3re na d\u0142ugo pozostanie w pami\u0119ci dzieci i [&hellip;]","og_url":"https:\/\/ple161.poznan.pl\/?p=10752","og_site_name":"Przedszkole im. Ksi\u0119cia Przemys\u0142awa","article_published_time":"2025-10-14T04:45:41+00:00","og_image":[{"width":313,"height":226,"url":"https:\/\/ple161.poznan.pl\/wp-content\/uploads\/2020\/04\/1-rodzice.gif","type":"image\/gif"}],"author":"Magda Dulemba","twitter_card":"summary_large_image","twitter_misc":{"Napisane przez":"Magda Dulemba","Szacowany czas czytania":"1 minuta"},"schema":{"@context":"https:\/\/schema.org","@graph":[{"@type":"Article","@id":"https:\/\/ple161.poznan.pl\/?p=10752#article","isPartOf":{"@id":"https:\/\/ple161.poznan.pl\/?p=10752"},"author":{"name":"Magda Dulemba","@id":"https:\/\/www.przedszkole161.pl\/#\/schema\/person\/673325371d681555a8b67c870d21faac"},"headline":"Pasowanie na przedszkolaka","datePublished":"2025-10-14T04:45:41+00:00","mainEntityOfPage":{"@id":"https:\/\/ple161.poznan.pl\/?p=10752"},"wordCount":97,"image":{"@id":"https:\/\/ple161.poznan.pl\/?p=10752#primaryimage"},"thumbnailUrl":"https:\/\/ple161.poznan.pl\/wp-content\/uploads\/2020\/04\/1-rodzice.gif","articleSection":["Aktualno\u015bci","Wydarzenia"],"inLanguage":"pl-PL"},{"@type":"WebPage","@id":"https:\/\/ple161.poznan.pl\/?p=10752","url":"https:\/\/ple161.poznan.pl\/?p=10752","name":"Pasowanie na przedszkolaka - Przedszkole im. Ksi\u0119cia Przemys\u0142awa","isPartOf":{"@id":"https:\/\/www.przedszkole161.pl\/#website"},"primaryImageOfPage":{"@id":"https:\/\/ple161.poznan.pl\/?p=10752#primaryimage"},"image":{"@id":"https:\/\/ple161.poznan.pl\/?p=10752#primaryimage"},"thumbnailUrl":"https:\/\/ple161.poznan.pl\/wp-content\/uploads\/2020\/04\/1-rodzice.gif","datePublished":"2025-10-14T04:45:41+00:00","author":{"@id":"https:\/\/www.przedszkole161.pl\/#\/schema\/person\/673325371d681555a8b67c870d21faac"},"breadcrumb":{"@id":"https:\/\/ple161.poznan.pl\/?p=10752#breadcrumb"},"inLanguage":"pl-PL","potentialAction":[{"@type":"ReadAction","target":["https:\/\/ple161.poznan.pl\/?p=10752"]}]},{"@type":"ImageObject","inLanguage":"pl-PL","@id":"https:\/\/ple161.poznan.pl\/?p=10752#primaryimage","url":"https:\/\/ple161.poznan.pl\/wp-content\/uploads\/2020\/04\/1-rodzice.gif","contentUrl":"https:\/\/ple161.poznan.pl\/wp-content\/uploads\/2020\/04\/1-rodzice.gif","width":313,"height":226},{"@type":"BreadcrumbList","@id":"https:\/\/ple161.poznan.pl\/?p=10752#breadcrumb","itemListElement":[{"@type":"ListItem","position":1,"name":"Strona g\u0142\u00f3wna","item":"https:\/\/www.przedszkole161.pl\/"},{"@type":"ListItem","position":2,"name":"Pasowanie na przedszkolaka"}]},{"@type":"WebSite","@id":"https:\/\/www.przedszkole161.pl\/#website","url":"https:\/\/www.przedszkole161.pl\/","name":"Przedszkole im. Ksi\u0119cia Przemys\u0142awa 161","description":"","potentialAction":[{"@type":"SearchAction","target":{"@type":"EntryPoint","urlTemplate":"https:\/\/www.przedszkole161.pl\/?s={search_term_string}"},"query-input":{"@type":"PropertyValueSpecification","valueRequired":true,"valueName":"search_term_string"}}],"inLanguage":"pl-PL"},{"@type":"Person","@id":"https:\/\/www.przedszkole161.pl\/#\/schema\/person\/673325371d681555a8b67c870d21faac","name":"Magda Dulemba","image":{"@type":"ImageObject","inLanguage":"pl-PL","@id":"https:\/\/secure.gravatar.com\/avatar\/f6f4cc73208d68c67fc19e1f80620e23d66ef2a923cb26a6d726fbc6a55bbcbc?s=96&d=mm&r=g","url":"https:\/\/secure.gravatar.com\/avatar\/f6f4cc73208d68c67fc19e1f80620e23d66ef2a923cb26a6d726fbc6a55bbcbc?s=96&d=mm&r=g","contentUrl":"https:\/\/secure.gravatar.com\/avatar\/f6f4cc73208d68c67fc19e1f80620e23d66ef2a923cb26a6d726fbc6a55bbcbc?s=96&d=mm&r=g","caption":"Magda Dulemba"},"url":"https:\/\/ple161.poznan.pl\/?author=2"}]}},"_links":{"self":[{"href":"https:\/\/ple161.poznan.pl\/index.php?rest_route=\/wp\/v2\/posts\/10752","targetHints":{"allow":["GET"]}}],"collection":[{"href":"https:\/\/ple161.poznan.pl\/index.php?rest_route=\/wp\/v2\/posts"}],"about":[{"href":"https:\/\/ple161.poznan.pl\/index.php?rest_route=\/wp\/v2\/types\/post"}],"author":[{"embeddable":true,"href":"https:\/\/ple161.poznan.pl\/index.php?rest_route=\/wp\/v2\/users\/2"}],"replies":[{"embeddable":true,"href":"https:\/\/ple161.poznan.pl\/index.php?rest_route=%2Fwp%2Fv2%2Fcomments&post=10752"}],"version-history":[{"count":1,"href":"https:\/\/ple161.poznan.pl\/index.php?rest_route=\/wp\/v2\/posts\/10752\/revisions"}],"predecessor-version":[{"id":10753,"href":"https:\/\/ple161.poznan.pl\/index.php?rest_route=\/wp\/v2\/posts\/10752\/revisions\/10753"}],"wp:featuredmedia":[{"embeddable":true,"href":"https:\/\/ple161.poznan.pl\/index.php?rest_route=\/wp\/v2\/media\/4831"}],"wp:attachment":[{"href":"https:\/\/ple161.poznan.pl\/index.php?rest_route=%2Fwp%2Fv2%2Fmedia&parent=10752"}],"wp:term":[{"taxonomy":"category","embeddable":true,"href":"https:\/\/ple161.poznan.pl\/index.php?rest_route=%2Fwp%2Fv2%2Fcategories&post=10752"},{"taxonomy":"post_tag","embeddable":true,"href":"https:\/\/ple161.poznan.pl\/index.php?rest_route=%2Fwp%2Fv2%2Ftags&post=10752"}],"curies":[{"name":"wp","href":"https:\/\/api.w.org\/{rel}","templated":true}]}}