{"id":10750,"date":"2025-10-12T05:34:50","date_gmt":"2025-10-12T04:34:50","guid":{"rendered":"https:\/\/ple161.poznan.pl\/?p=10750"},"modified":"2025-10-14T05:41:21","modified_gmt":"2025-10-14T04:41:21","slug":"spotkanie-z-policjantem-4","status":"publish","type":"post","link":"https:\/\/ple161.poznan.pl\/?p=10750","title":{"rendered":"Spotkanie z policjantem"},"content":{"rendered":"<p data-start=\"164\" data-end=\"451\">10 pa\u017adziernika w naszym przedszkolu odby\u0142o si\u0119 wyj\u0105tkowe spotkanie z funkcjonariuszem policji oraz jego czworono\u017cnym partnerem \u2013 psem policyjnym. Dzieci z wielkim zainteresowaniem uczestniczy\u0142y w wydarzeniu, kt\u00f3re mia\u0142o na celu przybli\u017cenie im pracy policji oraz zasad bezpiecze\u0144stwa. Policjanci opowiedzieli\u00a0 przedszkolakom o swojej codziennej pracy, zaprezentowali mundur i wyja\u015bnili, do czego s\u0142u\u017c\u0105 poszczeg\u00f3lne elementy wyposa\u017cenia. Dzieci mia\u0142y r\u00f3wnie\u017c okazj\u0119 dowiedzie\u0107 si\u0119, jak nale\u017cy zachowywa\u0107 si\u0119 w sytuacjach niebezpiecznych, jak bezpiecznie przechodzi\u0107 przez ulic\u0119,\u00a0 do kogo zwraca\u0107 si\u0119 o pomoc i jak post\u0119powa\u0107 w kontaktach z obcymi.<\/p>\n<p data-start=\"775\" data-end=\"1146\">Najwi\u0119ksz\u0105 atrakcj\u0105 by\u0142a jednak prezentacja psa policyjnego, kt\u00f3ry wzbudzi\u0142 ogromne zainteresowanie i entuzjazm w\u015br\u00f3d dzieci. Funkcjonariusze opowiedzieli o\u00a0 psie, jego umiej\u0119tno\u015bciach i zadaniach, jakie wykonuje podczas s\u0142u\u017cby. Przedszkolaki mog\u0142y zobaczy\u0107, jak pies wykonuje komendy, a na koniec \u2013 pod czujnym okiem opiekuna \u2013 ch\u0119tne dzieci mog\u0142y pog\u0142aska\u0107 psa.<\/p>\n<p data-start=\"1148\" data-end=\"1421\">Spotkanie by\u0142o nie tylko interesuj\u0105ce, ale r\u00f3wnie\u017c bardzo pouczaj\u0105ce. Dzieci z rado\u015bci\u0105 uczestniczy\u0142y w rozmowie, zadawa\u0142y wiele pyta\u0144 i z uwag\u0105 s\u0142ucha\u0142y odpowiedzi. Dzi\u0119ki takim wydarzeniom uczymy najm\u0142odszych\u00a0 zasad bezpiecze\u0144stwa.<\/p>\n<p data-start=\"1423\" data-end=\"1551\">Serdecznie dzi\u0119kujemy panu policjantowi za wizyt\u0119 i cenne wskaz\u00f3wki, a dzielnemu psu \u2013 za pokaz swoich niezwyk\u0142ych umiej\u0119tno\u015bci!<\/p>\n","protected":false},"excerpt":{"rendered":"<p>10 pa\u017adziernika w naszym przedszkolu odby\u0142o si\u0119 wyj\u0105tkowe spotkanie z funkcjonariuszem policji oraz jego czworono\u017cnym partnerem \u2013 psem policyjnym. Dzieci z wielkim zainteresowaniem uczestniczy\u0142y w wydarzeniu, kt\u00f3re mia\u0142o na celu przybli\u017cenie im pracy policji oraz zasad bezpiecze\u0144stwa. Policjanci opowiedzieli\u00a0 przedszkolakom o swojej codziennej pracy, zaprezentowali mundur i wyja\u015bnili, do czego s\u0142u\u017c\u0105 poszczeg\u00f3lne elementy wyposa\u017cenia. Dzieci [&hellip;]<\/p>\n","protected":false},"author":2,"featured_media":5712,"comment_status":"closed","ping_status":"closed","sticky":false,"template":"","format":"standard","meta":{"ngg_post_thumbnail":0,"footnotes":""},"categories":[4,1],"tags":[],"class_list":["post-10750","post","type-post","status-publish","format-standard","has-post-thumbnail","hentry","category-aktualnosci","category-wydarzenia"],"yoast_head":"<!-- This site is optimized with the Yoast SEO plugin v27.4 - https:\/\/yoast.com\/product\/yoast-seo-wordpress\/ -->\n<title>Spotkanie z policjantem - Przedszkole im. Ksi\u0119cia Przemys\u0142awa<\/title>\n<meta name=\"robots\" content=\"noindex, follow\" \/>\n<meta property=\"og:locale\" content=\"pl_PL\" \/>\n<meta property=\"og:type\" content=\"article\" \/>\n<meta property=\"og:title\" content=\"Spotkanie z policjantem - Przedszkole im. Ksi\u0119cia Przemys\u0142awa\" \/>\n<meta property=\"og:description\" content=\"10 pa\u017adziernika w naszym przedszkolu odby\u0142o si\u0119 wyj\u0105tkowe spotkanie z funkcjonariuszem policji oraz jego czworono\u017cnym partnerem \u2013 psem policyjnym. Dzieci z wielkim zainteresowaniem uczestniczy\u0142y w wydarzeniu, kt\u00f3re mia\u0142o na celu przybli\u017cenie im pracy policji oraz zasad bezpiecze\u0144stwa. Policjanci opowiedzieli\u00a0 przedszkolakom o swojej codziennej pracy, zaprezentowali mundur i wyja\u015bnili, do czego s\u0142u\u017c\u0105 poszczeg\u00f3lne elementy wyposa\u017cenia. Dzieci [&hellip;]\" \/>\n<meta property=\"og:url\" content=\"https:\/\/ple161.poznan.pl\/?p=10750\" \/>\n<meta property=\"og:site_name\" content=\"Przedszkole im. Ksi\u0119cia Przemys\u0142awa\" \/>\n<meta property=\"article:published_time\" content=\"2025-10-12T04:34:50+00:00\" \/>\n<meta property=\"article:modified_time\" content=\"2025-10-14T04:41:21+00:00\" \/>\n<meta property=\"og:image\" content=\"https:\/\/ple161.poznan.pl\/wp-content\/uploads\/2021\/03\/pyrek-e1700927855997.png\" \/>\n\t<meta property=\"og:image:width\" content=\"160\" \/>\n\t<meta property=\"og:image:height\" content=\"224\" \/>\n\t<meta property=\"og:image:type\" content=\"image\/png\" \/>\n<meta name=\"author\" content=\"Magda Dulemba\" \/>\n<meta name=\"twitter:card\" content=\"summary_large_image\" \/>\n<meta name=\"twitter:label1\" content=\"Napisane przez\" \/>\n\t<meta name=\"twitter:data1\" content=\"Magda Dulemba\" \/>\n\t<meta name=\"twitter:label2\" content=\"Szacowany czas czytania\" \/>\n\t<meta name=\"twitter:data2\" content=\"2 minuty\" \/>\n<script type=\"application\/ld+json\" class=\"yoast-schema-graph\">{\"@context\":\"https:\\\/\\\/schema.org\",\"@graph\":[{\"@type\":\"Article\",\"@id\":\"https:\\\/\\\/ple161.poznan.pl\\\/?p=10750#article\",\"isPartOf\":{\"@id\":\"https:\\\/\\\/ple161.poznan.pl\\\/?p=10750\"},\"author\":{\"name\":\"Magda Dulemba\",\"@id\":\"https:\\\/\\\/www.przedszkole161.pl\\\/#\\\/schema\\\/person\\\/673325371d681555a8b67c870d21faac\"},\"headline\":\"Spotkanie z policjantem\",\"datePublished\":\"2025-10-12T04:34:50+00:00\",\"dateModified\":\"2025-10-14T04:41:21+00:00\",\"mainEntityOfPage\":{\"@id\":\"https:\\\/\\\/ple161.poznan.pl\\\/?p=10750\"},\"wordCount\":226,\"image\":{\"@id\":\"https:\\\/\\\/ple161.poznan.pl\\\/?p=10750#primaryimage\"},\"thumbnailUrl\":\"https:\\\/\\\/ple161.poznan.pl\\\/wp-content\\\/uploads\\\/2021\\\/03\\\/pyrek-e1700927855997.png\",\"articleSection\":[\"Aktualno\u015bci\",\"Wydarzenia\"],\"inLanguage\":\"pl-PL\"},{\"@type\":\"WebPage\",\"@id\":\"https:\\\/\\\/ple161.poznan.pl\\\/?p=10750\",\"url\":\"https:\\\/\\\/ple161.poznan.pl\\\/?p=10750\",\"name\":\"Spotkanie z policjantem - Przedszkole im. Ksi\u0119cia Przemys\u0142awa\",\"isPartOf\":{\"@id\":\"https:\\\/\\\/www.przedszkole161.pl\\\/#website\"},\"primaryImageOfPage\":{\"@id\":\"https:\\\/\\\/ple161.poznan.pl\\\/?p=10750#primaryimage\"},\"image\":{\"@id\":\"https:\\\/\\\/ple161.poznan.pl\\\/?p=10750#primaryimage\"},\"thumbnailUrl\":\"https:\\\/\\\/ple161.poznan.pl\\\/wp-content\\\/uploads\\\/2021\\\/03\\\/pyrek-e1700927855997.png\",\"datePublished\":\"2025-10-12T04:34:50+00:00\",\"dateModified\":\"2025-10-14T04:41:21+00:00\",\"author\":{\"@id\":\"https:\\\/\\\/www.przedszkole161.pl\\\/#\\\/schema\\\/person\\\/673325371d681555a8b67c870d21faac\"},\"breadcrumb\":{\"@id\":\"https:\\\/\\\/ple161.poznan.pl\\\/?p=10750#breadcrumb\"},\"inLanguage\":\"pl-PL\",\"potentialAction\":[{\"@type\":\"ReadAction\",\"target\":[\"https:\\\/\\\/ple161.poznan.pl\\\/?p=10750\"]}]},{\"@type\":\"ImageObject\",\"inLanguage\":\"pl-PL\",\"@id\":\"https:\\\/\\\/ple161.poznan.pl\\\/?p=10750#primaryimage\",\"url\":\"https:\\\/\\\/ple161.poznan.pl\\\/wp-content\\\/uploads\\\/2021\\\/03\\\/pyrek-e1700927855997.png\",\"contentUrl\":\"https:\\\/\\\/ple161.poznan.pl\\\/wp-content\\\/uploads\\\/2021\\\/03\\\/pyrek-e1700927855997.png\",\"width\":160,\"height\":224},{\"@type\":\"BreadcrumbList\",\"@id\":\"https:\\\/\\\/ple161.poznan.pl\\\/?p=10750#breadcrumb\",\"itemListElement\":[{\"@type\":\"ListItem\",\"position\":1,\"name\":\"Strona g\u0142\u00f3wna\",\"item\":\"https:\\\/\\\/www.przedszkole161.pl\\\/\"},{\"@type\":\"ListItem\",\"position\":2,\"name\":\"Spotkanie z policjantem\"}]},{\"@type\":\"WebSite\",\"@id\":\"https:\\\/\\\/www.przedszkole161.pl\\\/#website\",\"url\":\"https:\\\/\\\/www.przedszkole161.pl\\\/\",\"name\":\"Przedszkole im. Ksi\u0119cia Przemys\u0142awa 161\",\"description\":\"\",\"potentialAction\":[{\"@type\":\"SearchAction\",\"target\":{\"@type\":\"EntryPoint\",\"urlTemplate\":\"https:\\\/\\\/www.przedszkole161.pl\\\/?s={search_term_string}\"},\"query-input\":{\"@type\":\"PropertyValueSpecification\",\"valueRequired\":true,\"valueName\":\"search_term_string\"}}],\"inLanguage\":\"pl-PL\"},{\"@type\":\"Person\",\"@id\":\"https:\\\/\\\/www.przedszkole161.pl\\\/#\\\/schema\\\/person\\\/673325371d681555a8b67c870d21faac\",\"name\":\"Magda Dulemba\",\"image\":{\"@type\":\"ImageObject\",\"inLanguage\":\"pl-PL\",\"@id\":\"https:\\\/\\\/secure.gravatar.com\\\/avatar\\\/f6f4cc73208d68c67fc19e1f80620e23d66ef2a923cb26a6d726fbc6a55bbcbc?s=96&d=mm&r=g\",\"url\":\"https:\\\/\\\/secure.gravatar.com\\\/avatar\\\/f6f4cc73208d68c67fc19e1f80620e23d66ef2a923cb26a6d726fbc6a55bbcbc?s=96&d=mm&r=g\",\"contentUrl\":\"https:\\\/\\\/secure.gravatar.com\\\/avatar\\\/f6f4cc73208d68c67fc19e1f80620e23d66ef2a923cb26a6d726fbc6a55bbcbc?s=96&d=mm&r=g\",\"caption\":\"Magda Dulemba\"},\"url\":\"https:\\\/\\\/ple161.poznan.pl\\\/?author=2\"}]}<\/script>\n<!-- \/ Yoast SEO plugin. -->","yoast_head_json":{"title":"Spotkanie z policjantem - Przedszkole im. Ksi\u0119cia Przemys\u0142awa","robots":{"index":"noindex","follow":"follow"},"og_locale":"pl_PL","og_type":"article","og_title":"Spotkanie z policjantem - Przedszkole im. Ksi\u0119cia Przemys\u0142awa","og_description":"10 pa\u017adziernika w naszym przedszkolu odby\u0142o si\u0119 wyj\u0105tkowe spotkanie z funkcjonariuszem policji oraz jego czworono\u017cnym partnerem \u2013 psem policyjnym. Dzieci z wielkim zainteresowaniem uczestniczy\u0142y w wydarzeniu, kt\u00f3re mia\u0142o na celu przybli\u017cenie im pracy policji oraz zasad bezpiecze\u0144stwa. Policjanci opowiedzieli\u00a0 przedszkolakom o swojej codziennej pracy, zaprezentowali mundur i wyja\u015bnili, do czego s\u0142u\u017c\u0105 poszczeg\u00f3lne elementy wyposa\u017cenia. Dzieci [&hellip;]","og_url":"https:\/\/ple161.poznan.pl\/?p=10750","og_site_name":"Przedszkole im. Ksi\u0119cia Przemys\u0142awa","article_published_time":"2025-10-12T04:34:50+00:00","article_modified_time":"2025-10-14T04:41:21+00:00","og_image":[{"width":160,"height":224,"url":"https:\/\/ple161.poznan.pl\/wp-content\/uploads\/2021\/03\/pyrek-e1700927855997.png","type":"image\/png"}],"author":"Magda Dulemba","twitter_card":"summary_large_image","twitter_misc":{"Napisane przez":"Magda Dulemba","Szacowany czas czytania":"2 minuty"},"schema":{"@context":"https:\/\/schema.org","@graph":[{"@type":"Article","@id":"https:\/\/ple161.poznan.pl\/?p=10750#article","isPartOf":{"@id":"https:\/\/ple161.poznan.pl\/?p=10750"},"author":{"name":"Magda Dulemba","@id":"https:\/\/www.przedszkole161.pl\/#\/schema\/person\/673325371d681555a8b67c870d21faac"},"headline":"Spotkanie z policjantem","datePublished":"2025-10-12T04:34:50+00:00","dateModified":"2025-10-14T04:41:21+00:00","mainEntityOfPage":{"@id":"https:\/\/ple161.poznan.pl\/?p=10750"},"wordCount":226,"image":{"@id":"https:\/\/ple161.poznan.pl\/?p=10750#primaryimage"},"thumbnailUrl":"https:\/\/ple161.poznan.pl\/wp-content\/uploads\/2021\/03\/pyrek-e1700927855997.png","articleSection":["Aktualno\u015bci","Wydarzenia"],"inLanguage":"pl-PL"},{"@type":"WebPage","@id":"https:\/\/ple161.poznan.pl\/?p=10750","url":"https:\/\/ple161.poznan.pl\/?p=10750","name":"Spotkanie z policjantem - Przedszkole im. Ksi\u0119cia Przemys\u0142awa","isPartOf":{"@id":"https:\/\/www.przedszkole161.pl\/#website"},"primaryImageOfPage":{"@id":"https:\/\/ple161.poznan.pl\/?p=10750#primaryimage"},"image":{"@id":"https:\/\/ple161.poznan.pl\/?p=10750#primaryimage"},"thumbnailUrl":"https:\/\/ple161.poznan.pl\/wp-content\/uploads\/2021\/03\/pyrek-e1700927855997.png","datePublished":"2025-10-12T04:34:50+00:00","dateModified":"2025-10-14T04:41:21+00:00","author":{"@id":"https:\/\/www.przedszkole161.pl\/#\/schema\/person\/673325371d681555a8b67c870d21faac"},"breadcrumb":{"@id":"https:\/\/ple161.poznan.pl\/?p=10750#breadcrumb"},"inLanguage":"pl-PL","potentialAction":[{"@type":"ReadAction","target":["https:\/\/ple161.poznan.pl\/?p=10750"]}]},{"@type":"ImageObject","inLanguage":"pl-PL","@id":"https:\/\/ple161.poznan.pl\/?p=10750#primaryimage","url":"https:\/\/ple161.poznan.pl\/wp-content\/uploads\/2021\/03\/pyrek-e1700927855997.png","contentUrl":"https:\/\/ple161.poznan.pl\/wp-content\/uploads\/2021\/03\/pyrek-e1700927855997.png","width":160,"height":224},{"@type":"BreadcrumbList","@id":"https:\/\/ple161.poznan.pl\/?p=10750#breadcrumb","itemListElement":[{"@type":"ListItem","position":1,"name":"Strona g\u0142\u00f3wna","item":"https:\/\/www.przedszkole161.pl\/"},{"@type":"ListItem","position":2,"name":"Spotkanie z policjantem"}]},{"@type":"WebSite","@id":"https:\/\/www.przedszkole161.pl\/#website","url":"https:\/\/www.przedszkole161.pl\/","name":"Przedszkole im. Ksi\u0119cia Przemys\u0142awa 161","description":"","potentialAction":[{"@type":"SearchAction","target":{"@type":"EntryPoint","urlTemplate":"https:\/\/www.przedszkole161.pl\/?s={search_term_string}"},"query-input":{"@type":"PropertyValueSpecification","valueRequired":true,"valueName":"search_term_string"}}],"inLanguage":"pl-PL"},{"@type":"Person","@id":"https:\/\/www.przedszkole161.pl\/#\/schema\/person\/673325371d681555a8b67c870d21faac","name":"Magda Dulemba","image":{"@type":"ImageObject","inLanguage":"pl-PL","@id":"https:\/\/secure.gravatar.com\/avatar\/f6f4cc73208d68c67fc19e1f80620e23d66ef2a923cb26a6d726fbc6a55bbcbc?s=96&d=mm&r=g","url":"https:\/\/secure.gravatar.com\/avatar\/f6f4cc73208d68c67fc19e1f80620e23d66ef2a923cb26a6d726fbc6a55bbcbc?s=96&d=mm&r=g","contentUrl":"https:\/\/secure.gravatar.com\/avatar\/f6f4cc73208d68c67fc19e1f80620e23d66ef2a923cb26a6d726fbc6a55bbcbc?s=96&d=mm&r=g","caption":"Magda Dulemba"},"url":"https:\/\/ple161.poznan.pl\/?author=2"}]}},"_links":{"self":[{"href":"https:\/\/ple161.poznan.pl\/index.php?rest_route=\/wp\/v2\/posts\/10750","targetHints":{"allow":["GET"]}}],"collection":[{"href":"https:\/\/ple161.poznan.pl\/index.php?rest_route=\/wp\/v2\/posts"}],"about":[{"href":"https:\/\/ple161.poznan.pl\/index.php?rest_route=\/wp\/v2\/types\/post"}],"author":[{"embeddable":true,"href":"https:\/\/ple161.poznan.pl\/index.php?rest_route=\/wp\/v2\/users\/2"}],"replies":[{"embeddable":true,"href":"https:\/\/ple161.poznan.pl\/index.php?rest_route=%2Fwp%2Fv2%2Fcomments&post=10750"}],"version-history":[{"count":1,"href":"https:\/\/ple161.poznan.pl\/index.php?rest_route=\/wp\/v2\/posts\/10750\/revisions"}],"predecessor-version":[{"id":10751,"href":"https:\/\/ple161.poznan.pl\/index.php?rest_route=\/wp\/v2\/posts\/10750\/revisions\/10751"}],"wp:featuredmedia":[{"embeddable":true,"href":"https:\/\/ple161.poznan.pl\/index.php?rest_route=\/wp\/v2\/media\/5712"}],"wp:attachment":[{"href":"https:\/\/ple161.poznan.pl\/index.php?rest_route=%2Fwp%2Fv2%2Fmedia&parent=10750"}],"wp:term":[{"taxonomy":"category","embeddable":true,"href":"https:\/\/ple161.poznan.pl\/index.php?rest_route=%2Fwp%2Fv2%2Fcategories&post=10750"},{"taxonomy":"post_tag","embeddable":true,"href":"https:\/\/ple161.poznan.pl\/index.php?rest_route=%2Fwp%2Fv2%2Ftags&post=10750"}],"curies":[{"name":"wp","href":"https:\/\/api.w.org\/{rel}","templated":true}]}}