{"id":10688,"date":"2025-09-27T11:06:19","date_gmt":"2025-09-27T10:06:19","guid":{"rendered":"https:\/\/ple161.poznan.pl\/?p=10688"},"modified":"2025-10-02T11:27:21","modified_gmt":"2025-10-02T10:27:21","slug":"turniej-pilki-noznej-2","status":"publish","type":"post","link":"https:\/\/ple161.poznan.pl\/?p=10688","title":{"rendered":"Turniej pi\u0142ki no\u017cnej"},"content":{"rendered":"<p>Nasze przedszkolaki z grup &#8222;Orl\u0119ta&#8221; i &#8222;D\u0105browianie&#8221; mia\u0142y okazj\u0119 poczu\u0107 si\u0119 jak prawdziwi pi\u0142karze! W czwartek, 25 wrze\u015bnia 2025 roku, wzi\u0119li\u015bmy udzia\u0142 w turnieju pi\u0142ki no\u017cnej na Stadionie Sp\u00f3\u0142dzielczym &#8222;Olimp&#8221; By\u0142y bramki, okrzyki rado\u015bci, podania jak z profesjonalnych mecz\u00f3w i ogromne emocje! Dzieci spisa\u0142y si\u0119 \u015bwietnie &#8211;\u00a0 okaza\u0142y wsp\u00f3\u0142prac\u0119, zaanga\u017cowanie i rado\u015b\u0107 z gry. Ka\u017cdy zawodnik wr\u00f3ci\u0142 z u\u015bmiechem na twarzy i niezapomnianymi wspomnieniami. Dzi\u0119kujemy organizatorom za \u015bwietn\u0105 atmosfer\u0119!<\/p>\n","protected":false},"excerpt":{"rendered":"<p>Nasze przedszkolaki z grup &#8222;Orl\u0119ta&#8221; i &#8222;D\u0105browianie&#8221; mia\u0142y okazj\u0119 poczu\u0107 si\u0119 jak prawdziwi pi\u0142karze! W czwartek, 25 wrze\u015bnia 2025 roku, wzi\u0119li\u015bmy udzia\u0142 w turnieju pi\u0142ki no\u017cnej na Stadionie Sp\u00f3\u0142dzielczym &#8222;Olimp&#8221; By\u0142y bramki, okrzyki rado\u015bci, podania jak z profesjonalnych mecz\u00f3w i ogromne emocje! Dzieci spisa\u0142y si\u0119 \u015bwietnie &#8211;\u00a0 okaza\u0142y wsp\u00f3\u0142prac\u0119, zaanga\u017cowanie i rado\u015b\u0107 z gry. Ka\u017cdy [&hellip;]<\/p>\n","protected":false},"author":2,"featured_media":9633,"comment_status":"closed","ping_status":"closed","sticky":false,"template":"","format":"standard","meta":{"ngg_post_thumbnail":0,"footnotes":""},"categories":[4,1],"tags":[],"class_list":["post-10688","post","type-post","status-publish","format-standard","has-post-thumbnail","hentry","category-aktualnosci","category-wydarzenia"],"yoast_head":"<!-- This site is optimized with the Yoast SEO plugin v27.4 - https:\/\/yoast.com\/product\/yoast-seo-wordpress\/ -->\n<title>Turniej pi\u0142ki no\u017cnej - Przedszkole im. Ksi\u0119cia Przemys\u0142awa<\/title>\n<meta name=\"robots\" content=\"noindex, follow\" \/>\n<meta property=\"og:locale\" content=\"pl_PL\" \/>\n<meta property=\"og:type\" content=\"article\" \/>\n<meta property=\"og:title\" content=\"Turniej pi\u0142ki no\u017cnej - Przedszkole im. Ksi\u0119cia Przemys\u0142awa\" \/>\n<meta property=\"og:description\" content=\"Nasze przedszkolaki z grup &#8222;Orl\u0119ta&#8221; i &#8222;D\u0105browianie&#8221; mia\u0142y okazj\u0119 poczu\u0107 si\u0119 jak prawdziwi pi\u0142karze! W czwartek, 25 wrze\u015bnia 2025 roku, wzi\u0119li\u015bmy udzia\u0142 w turnieju pi\u0142ki no\u017cnej na Stadionie Sp\u00f3\u0142dzielczym &#8222;Olimp&#8221; By\u0142y bramki, okrzyki rado\u015bci, podania jak z profesjonalnych mecz\u00f3w i ogromne emocje! Dzieci spisa\u0142y si\u0119 \u015bwietnie &#8211;\u00a0 okaza\u0142y wsp\u00f3\u0142prac\u0119, zaanga\u017cowanie i rado\u015b\u0107 z gry. Ka\u017cdy [&hellip;]\" \/>\n<meta property=\"og:url\" content=\"https:\/\/ple161.poznan.pl\/?p=10688\" \/>\n<meta property=\"og:site_name\" content=\"Przedszkole im. Ksi\u0119cia Przemys\u0142awa\" \/>\n<meta property=\"article:published_time\" content=\"2025-09-27T10:06:19+00:00\" \/>\n<meta property=\"article:modified_time\" content=\"2025-10-02T10:27:21+00:00\" \/>\n<meta property=\"og:image\" content=\"https:\/\/ple161.poznan.pl\/wp-content\/uploads\/2024\/09\/herb-uks.png\" \/>\n\t<meta property=\"og:image:width\" content=\"175\" \/>\n\t<meta property=\"og:image:height\" content=\"177\" \/>\n\t<meta property=\"og:image:type\" content=\"image\/png\" \/>\n<meta name=\"author\" content=\"Magda Dulemba\" \/>\n<meta name=\"twitter:card\" content=\"summary_large_image\" \/>\n<meta name=\"twitter:label1\" content=\"Napisane przez\" \/>\n\t<meta name=\"twitter:data1\" content=\"Magda Dulemba\" \/>\n\t<meta name=\"twitter:label2\" content=\"Szacowany czas czytania\" \/>\n\t<meta name=\"twitter:data2\" content=\"1 minuta\" \/>\n<script type=\"application\/ld+json\" class=\"yoast-schema-graph\">{\"@context\":\"https:\\\/\\\/schema.org\",\"@graph\":[{\"@type\":\"Article\",\"@id\":\"https:\\\/\\\/ple161.poznan.pl\\\/?p=10688#article\",\"isPartOf\":{\"@id\":\"https:\\\/\\\/ple161.poznan.pl\\\/?p=10688\"},\"author\":{\"name\":\"Magda Dulemba\",\"@id\":\"https:\\\/\\\/www.przedszkole161.pl\\\/#\\\/schema\\\/person\\\/673325371d681555a8b67c870d21faac\"},\"headline\":\"Turniej pi\u0142ki no\u017cnej\",\"datePublished\":\"2025-09-27T10:06:19+00:00\",\"dateModified\":\"2025-10-02T10:27:21+00:00\",\"mainEntityOfPage\":{\"@id\":\"https:\\\/\\\/ple161.poznan.pl\\\/?p=10688\"},\"wordCount\":93,\"image\":{\"@id\":\"https:\\\/\\\/ple161.poznan.pl\\\/?p=10688#primaryimage\"},\"thumbnailUrl\":\"https:\\\/\\\/ple161.poznan.pl\\\/wp-content\\\/uploads\\\/2024\\\/09\\\/herb-uks.png\",\"articleSection\":[\"Aktualno\u015bci\",\"Wydarzenia\"],\"inLanguage\":\"pl-PL\"},{\"@type\":\"WebPage\",\"@id\":\"https:\\\/\\\/ple161.poznan.pl\\\/?p=10688\",\"url\":\"https:\\\/\\\/ple161.poznan.pl\\\/?p=10688\",\"name\":\"Turniej pi\u0142ki no\u017cnej - Przedszkole im. Ksi\u0119cia Przemys\u0142awa\",\"isPartOf\":{\"@id\":\"https:\\\/\\\/www.przedszkole161.pl\\\/#website\"},\"primaryImageOfPage\":{\"@id\":\"https:\\\/\\\/ple161.poznan.pl\\\/?p=10688#primaryimage\"},\"image\":{\"@id\":\"https:\\\/\\\/ple161.poznan.pl\\\/?p=10688#primaryimage\"},\"thumbnailUrl\":\"https:\\\/\\\/ple161.poznan.pl\\\/wp-content\\\/uploads\\\/2024\\\/09\\\/herb-uks.png\",\"datePublished\":\"2025-09-27T10:06:19+00:00\",\"dateModified\":\"2025-10-02T10:27:21+00:00\",\"author\":{\"@id\":\"https:\\\/\\\/www.przedszkole161.pl\\\/#\\\/schema\\\/person\\\/673325371d681555a8b67c870d21faac\"},\"breadcrumb\":{\"@id\":\"https:\\\/\\\/ple161.poznan.pl\\\/?p=10688#breadcrumb\"},\"inLanguage\":\"pl-PL\",\"potentialAction\":[{\"@type\":\"ReadAction\",\"target\":[\"https:\\\/\\\/ple161.poznan.pl\\\/?p=10688\"]}]},{\"@type\":\"ImageObject\",\"inLanguage\":\"pl-PL\",\"@id\":\"https:\\\/\\\/ple161.poznan.pl\\\/?p=10688#primaryimage\",\"url\":\"https:\\\/\\\/ple161.poznan.pl\\\/wp-content\\\/uploads\\\/2024\\\/09\\\/herb-uks.png\",\"contentUrl\":\"https:\\\/\\\/ple161.poznan.pl\\\/wp-content\\\/uploads\\\/2024\\\/09\\\/herb-uks.png\",\"width\":175,\"height\":177},{\"@type\":\"BreadcrumbList\",\"@id\":\"https:\\\/\\\/ple161.poznan.pl\\\/?p=10688#breadcrumb\",\"itemListElement\":[{\"@type\":\"ListItem\",\"position\":1,\"name\":\"Strona g\u0142\u00f3wna\",\"item\":\"https:\\\/\\\/www.przedszkole161.pl\\\/\"},{\"@type\":\"ListItem\",\"position\":2,\"name\":\"Turniej pi\u0142ki no\u017cnej\"}]},{\"@type\":\"WebSite\",\"@id\":\"https:\\\/\\\/www.przedszkole161.pl\\\/#website\",\"url\":\"https:\\\/\\\/www.przedszkole161.pl\\\/\",\"name\":\"Przedszkole im. Ksi\u0119cia Przemys\u0142awa 161\",\"description\":\"\",\"potentialAction\":[{\"@type\":\"SearchAction\",\"target\":{\"@type\":\"EntryPoint\",\"urlTemplate\":\"https:\\\/\\\/www.przedszkole161.pl\\\/?s={search_term_string}\"},\"query-input\":{\"@type\":\"PropertyValueSpecification\",\"valueRequired\":true,\"valueName\":\"search_term_string\"}}],\"inLanguage\":\"pl-PL\"},{\"@type\":\"Person\",\"@id\":\"https:\\\/\\\/www.przedszkole161.pl\\\/#\\\/schema\\\/person\\\/673325371d681555a8b67c870d21faac\",\"name\":\"Magda Dulemba\",\"image\":{\"@type\":\"ImageObject\",\"inLanguage\":\"pl-PL\",\"@id\":\"https:\\\/\\\/secure.gravatar.com\\\/avatar\\\/f6f4cc73208d68c67fc19e1f80620e23d66ef2a923cb26a6d726fbc6a55bbcbc?s=96&d=mm&r=g\",\"url\":\"https:\\\/\\\/secure.gravatar.com\\\/avatar\\\/f6f4cc73208d68c67fc19e1f80620e23d66ef2a923cb26a6d726fbc6a55bbcbc?s=96&d=mm&r=g\",\"contentUrl\":\"https:\\\/\\\/secure.gravatar.com\\\/avatar\\\/f6f4cc73208d68c67fc19e1f80620e23d66ef2a923cb26a6d726fbc6a55bbcbc?s=96&d=mm&r=g\",\"caption\":\"Magda Dulemba\"},\"url\":\"https:\\\/\\\/ple161.poznan.pl\\\/?author=2\"}]}<\/script>\n<!-- \/ Yoast SEO plugin. -->","yoast_head_json":{"title":"Turniej pi\u0142ki no\u017cnej - Przedszkole im. Ksi\u0119cia Przemys\u0142awa","robots":{"index":"noindex","follow":"follow"},"og_locale":"pl_PL","og_type":"article","og_title":"Turniej pi\u0142ki no\u017cnej - Przedszkole im. Ksi\u0119cia Przemys\u0142awa","og_description":"Nasze przedszkolaki z grup &#8222;Orl\u0119ta&#8221; i &#8222;D\u0105browianie&#8221; mia\u0142y okazj\u0119 poczu\u0107 si\u0119 jak prawdziwi pi\u0142karze! W czwartek, 25 wrze\u015bnia 2025 roku, wzi\u0119li\u015bmy udzia\u0142 w turnieju pi\u0142ki no\u017cnej na Stadionie Sp\u00f3\u0142dzielczym &#8222;Olimp&#8221; By\u0142y bramki, okrzyki rado\u015bci, podania jak z profesjonalnych mecz\u00f3w i ogromne emocje! Dzieci spisa\u0142y si\u0119 \u015bwietnie &#8211;\u00a0 okaza\u0142y wsp\u00f3\u0142prac\u0119, zaanga\u017cowanie i rado\u015b\u0107 z gry. Ka\u017cdy [&hellip;]","og_url":"https:\/\/ple161.poznan.pl\/?p=10688","og_site_name":"Przedszkole im. Ksi\u0119cia Przemys\u0142awa","article_published_time":"2025-09-27T10:06:19+00:00","article_modified_time":"2025-10-02T10:27:21+00:00","og_image":[{"width":175,"height":177,"url":"https:\/\/ple161.poznan.pl\/wp-content\/uploads\/2024\/09\/herb-uks.png","type":"image\/png"}],"author":"Magda Dulemba","twitter_card":"summary_large_image","twitter_misc":{"Napisane przez":"Magda Dulemba","Szacowany czas czytania":"1 minuta"},"schema":{"@context":"https:\/\/schema.org","@graph":[{"@type":"Article","@id":"https:\/\/ple161.poznan.pl\/?p=10688#article","isPartOf":{"@id":"https:\/\/ple161.poznan.pl\/?p=10688"},"author":{"name":"Magda Dulemba","@id":"https:\/\/www.przedszkole161.pl\/#\/schema\/person\/673325371d681555a8b67c870d21faac"},"headline":"Turniej pi\u0142ki no\u017cnej","datePublished":"2025-09-27T10:06:19+00:00","dateModified":"2025-10-02T10:27:21+00:00","mainEntityOfPage":{"@id":"https:\/\/ple161.poznan.pl\/?p=10688"},"wordCount":93,"image":{"@id":"https:\/\/ple161.poznan.pl\/?p=10688#primaryimage"},"thumbnailUrl":"https:\/\/ple161.poznan.pl\/wp-content\/uploads\/2024\/09\/herb-uks.png","articleSection":["Aktualno\u015bci","Wydarzenia"],"inLanguage":"pl-PL"},{"@type":"WebPage","@id":"https:\/\/ple161.poznan.pl\/?p=10688","url":"https:\/\/ple161.poznan.pl\/?p=10688","name":"Turniej pi\u0142ki no\u017cnej - Przedszkole im. Ksi\u0119cia Przemys\u0142awa","isPartOf":{"@id":"https:\/\/www.przedszkole161.pl\/#website"},"primaryImageOfPage":{"@id":"https:\/\/ple161.poznan.pl\/?p=10688#primaryimage"},"image":{"@id":"https:\/\/ple161.poznan.pl\/?p=10688#primaryimage"},"thumbnailUrl":"https:\/\/ple161.poznan.pl\/wp-content\/uploads\/2024\/09\/herb-uks.png","datePublished":"2025-09-27T10:06:19+00:00","dateModified":"2025-10-02T10:27:21+00:00","author":{"@id":"https:\/\/www.przedszkole161.pl\/#\/schema\/person\/673325371d681555a8b67c870d21faac"},"breadcrumb":{"@id":"https:\/\/ple161.poznan.pl\/?p=10688#breadcrumb"},"inLanguage":"pl-PL","potentialAction":[{"@type":"ReadAction","target":["https:\/\/ple161.poznan.pl\/?p=10688"]}]},{"@type":"ImageObject","inLanguage":"pl-PL","@id":"https:\/\/ple161.poznan.pl\/?p=10688#primaryimage","url":"https:\/\/ple161.poznan.pl\/wp-content\/uploads\/2024\/09\/herb-uks.png","contentUrl":"https:\/\/ple161.poznan.pl\/wp-content\/uploads\/2024\/09\/herb-uks.png","width":175,"height":177},{"@type":"BreadcrumbList","@id":"https:\/\/ple161.poznan.pl\/?p=10688#breadcrumb","itemListElement":[{"@type":"ListItem","position":1,"name":"Strona g\u0142\u00f3wna","item":"https:\/\/www.przedszkole161.pl\/"},{"@type":"ListItem","position":2,"name":"Turniej pi\u0142ki no\u017cnej"}]},{"@type":"WebSite","@id":"https:\/\/www.przedszkole161.pl\/#website","url":"https:\/\/www.przedszkole161.pl\/","name":"Przedszkole im. Ksi\u0119cia Przemys\u0142awa 161","description":"","potentialAction":[{"@type":"SearchAction","target":{"@type":"EntryPoint","urlTemplate":"https:\/\/www.przedszkole161.pl\/?s={search_term_string}"},"query-input":{"@type":"PropertyValueSpecification","valueRequired":true,"valueName":"search_term_string"}}],"inLanguage":"pl-PL"},{"@type":"Person","@id":"https:\/\/www.przedszkole161.pl\/#\/schema\/person\/673325371d681555a8b67c870d21faac","name":"Magda Dulemba","image":{"@type":"ImageObject","inLanguage":"pl-PL","@id":"https:\/\/secure.gravatar.com\/avatar\/f6f4cc73208d68c67fc19e1f80620e23d66ef2a923cb26a6d726fbc6a55bbcbc?s=96&d=mm&r=g","url":"https:\/\/secure.gravatar.com\/avatar\/f6f4cc73208d68c67fc19e1f80620e23d66ef2a923cb26a6d726fbc6a55bbcbc?s=96&d=mm&r=g","contentUrl":"https:\/\/secure.gravatar.com\/avatar\/f6f4cc73208d68c67fc19e1f80620e23d66ef2a923cb26a6d726fbc6a55bbcbc?s=96&d=mm&r=g","caption":"Magda Dulemba"},"url":"https:\/\/ple161.poznan.pl\/?author=2"}]}},"_links":{"self":[{"href":"https:\/\/ple161.poznan.pl\/index.php?rest_route=\/wp\/v2\/posts\/10688","targetHints":{"allow":["GET"]}}],"collection":[{"href":"https:\/\/ple161.poznan.pl\/index.php?rest_route=\/wp\/v2\/posts"}],"about":[{"href":"https:\/\/ple161.poznan.pl\/index.php?rest_route=\/wp\/v2\/types\/post"}],"author":[{"embeddable":true,"href":"https:\/\/ple161.poznan.pl\/index.php?rest_route=\/wp\/v2\/users\/2"}],"replies":[{"embeddable":true,"href":"https:\/\/ple161.poznan.pl\/index.php?rest_route=%2Fwp%2Fv2%2Fcomments&post=10688"}],"version-history":[{"count":1,"href":"https:\/\/ple161.poznan.pl\/index.php?rest_route=\/wp\/v2\/posts\/10688\/revisions"}],"predecessor-version":[{"id":10689,"href":"https:\/\/ple161.poznan.pl\/index.php?rest_route=\/wp\/v2\/posts\/10688\/revisions\/10689"}],"wp:featuredmedia":[{"embeddable":true,"href":"https:\/\/ple161.poznan.pl\/index.php?rest_route=\/wp\/v2\/media\/9633"}],"wp:attachment":[{"href":"https:\/\/ple161.poznan.pl\/index.php?rest_route=%2Fwp%2Fv2%2Fmedia&parent=10688"}],"wp:term":[{"taxonomy":"category","embeddable":true,"href":"https:\/\/ple161.poznan.pl\/index.php?rest_route=%2Fwp%2Fv2%2Fcategories&post=10688"},{"taxonomy":"post_tag","embeddable":true,"href":"https:\/\/ple161.poznan.pl\/index.php?rest_route=%2Fwp%2Fv2%2Ftags&post=10688"}],"curies":[{"name":"wp","href":"https:\/\/api.w.org\/{rel}","templated":true}]}}