{"id":10674,"date":"2025-09-22T11:55:37","date_gmt":"2025-09-22T10:55:37","guid":{"rendered":"https:\/\/ple161.poznan.pl\/?p=10674"},"modified":"2025-09-22T11:55:37","modified_gmt":"2025-09-22T10:55:37","slug":"tydzien-przedszkolaka-2","status":"publish","type":"post","link":"https:\/\/ple161.poznan.pl\/?p=10674","title":{"rendered":"Tydzie\u0144 Przedszkolaka"},"content":{"rendered":"<p>W dniach 15-19 wrze\u015bnia realizowali\u015bmy projekt &#8222;Tydzie\u0144 Przedszkolaka&#8221; zorganizowany z okazji Og\u00f3lnopolskiego Dnia Przedszkolaka. w tym roku szkolnym has\u0142em przewodnim by has\u0142o &#8222;\u017byjmy bezpiecznie, zdrowo i na sportowo&#8221;<\/p>\n<p data-start=\"462\" data-end=\"482\">Celem projektu by\u0142o:<\/p>\n<ul data-start=\"483\" data-end=\"737\">\n<li data-start=\"483\" data-end=\"523\">\n<p data-start=\"485\" data-end=\"523\">rozwijanie aktywno\u015bci tw\u00f3rczej dzieci,<\/p>\n<\/li>\n<li data-start=\"483\" data-end=\"523\">dostarczanie dzieciom okazji do wsp\u00f3lnego \u015bwi\u0119towania, zabawy i czerpania rado\u015bci z bycia przedszkolakiem<\/li>\n<li data-start=\"524\" data-end=\"557\">\n<p data-start=\"526\" data-end=\"557\">integracja grup przedszkolnych,<\/p>\n<\/li>\n<li data-start=\"558\" data-end=\"605\">tworzenie sytuacji sprzyjaj\u0105cych kszta\u0142towaniu nawyk\u00f3w prozdrowotnych i poczucia odpowiedzialno\u015bci za zdrowie, bezpiecze\u0144stwo w\u0142asne i innych<\/li>\n<li data-start=\"677\" data-end=\"737\">\n<p data-start=\"679\" data-end=\"737\">rozwijanie umiej\u0119tno\u015bci spo\u0142ecznych i wsp\u00f3\u0142pracy w grupie.<\/p>\n<\/li>\n<\/ul>\n<p data-start=\"739\" data-end=\"795\">Ka\u017cdy dzie\u0144 przynosi\u0142 dzieciom nowe atrakcje i wyzwania:<\/p>\n<ul data-start=\"796\" data-end=\"1360\">\n<li data-start=\"796\" data-end=\"914\">\n<p data-start=\"798\" data-end=\"914\"><strong data-start=\"798\" data-end=\"814\">Poniedzia\u0142ek<\/strong> \u2013 Dzie\u0144 czerwony: pierwsza pomoc<\/p>\n<\/li>\n<li data-start=\"915\" data-end=\"1022\">\n<p data-start=\"917\" data-end=\"1022\"><strong data-start=\"917\" data-end=\"927\">Wtorek<\/strong> \u2013 Dzie\u0144 niebieski: woda jako element potrzebny do \u017cycia<\/p>\n<\/li>\n<li data-start=\"1023\" data-end=\"1125\">\n<p data-start=\"1025\" data-end=\"1125\"><strong data-start=\"1025\" data-end=\"1034\">\u015aroda<\/strong> \u2013 Dzie\u0144 pomara\u0144czowy: piramida zdrowia<\/p>\n<\/li>\n<li data-start=\"1126\" data-end=\"1238\">\n<p data-start=\"1128\" data-end=\"1238\"><strong data-start=\"1128\" data-end=\"1140\">Czwartek<\/strong> \u2013 Dzie\u0144 zielony: zdrowie psychiczne<\/p>\n<\/li>\n<li data-start=\"1239\" data-end=\"1360\">\n<p data-start=\"1241\" data-end=\"1360\"><strong data-start=\"1241\" data-end=\"1251\">Pi\u0105tek<\/strong> \u2013 Dzie\u0144 Przedszkolaka: owocowy bieg dla zdrowia<\/p>\n<\/li>\n<\/ul>\n<p data-start=\"1362\" data-end=\"1564\">Dzieci z rado\u015bci\u0105 uczestniczy\u0142y w zaplanowanych aktywno\u015bciach, wykazuj\u0105c si\u0119 zaanga\u017cowaniem, kreatywno\u015bci\u0105 i entuzjazmem. Wsp\u00f3lna zabawa i \u015bwi\u0119towanie przynios\u0142y wiele u\u015bmiechu i niezapomnianych wra\u017ce\u0144.<\/p>\n<p>W dniu 19.09.2025 grupy IV i V mia\u0142y przyjemno\u015b\u0107 bra\u0107 udzia\u0142 w miejskich obchodach Og\u00f3lnopolskiego Dnia Przedszkolaka pod has\u0142em \u201e\u017bYJMY BEZPIECZNIE, ZDROWO I NA SPORTOWO\u201d. Impreza odby\u0142a si\u0119 na stadionie lekkoatletycznym na Gol\u0119cinie. Nasi reprezentanci brali udzia\u0142 w owocowym biegu. Ka\u017cdy przedszkolak da\u0142 z siebie wszystko, aby dobiec do mety. Uczestnicy\u00a0otrzymali\u00a0<wbr \/>pami\u0105tkowy medal i s\u0142odkie jab\u0142uszko.<br \/>\nNa obchodach Orl\u0119ta i D\u0105browianie mieli okazj\u0119 powt\u00f3rzy\u0107 sobie wiedz\u0119 poznan\u0105 podczas tygodniowego projektu \u201eZDROWIE UKRYTE W KOLORACH\u201d poprzedzaj\u0105cego imprez\u0119. Przypomnieli sobie numer alarmowy i jakie informacje nale\u017cy poda\u0107 dzwoni\u0105c pod 112, zwiedzili prawdziwy ambulans, a tak\u017ce przypomnieli jakie produkty znajduj\u0105 si\u0119 na piramidzie \u017cywieniowej. Napili\u00a0si\u0119 r\u00f3wnie\u017c wody, kt\u00f3ra jest niezb\u0119dna do prawid\u0142owego funkcjonowania organizmu, o czym m\u00f3wi\u0142 plakat, kt\u00f3ry zosta\u0142 przygotowany przez obie grupy specjalnie na t\u0119 uroczysto\u015b\u0107 pt.: &#8221; Woda to \u017cycie&#8221;.<\/p>\n","protected":false},"excerpt":{"rendered":"<p>W dniach 15-19 wrze\u015bnia realizowali\u015bmy projekt &#8222;Tydzie\u0144 Przedszkolaka&#8221; zorganizowany z okazji Og\u00f3lnopolskiego Dnia Przedszkolaka. w tym roku szkolnym has\u0142em przewodnim by has\u0142o &#8222;\u017byjmy bezpiecznie, zdrowo i na sportowo&#8221; Celem projektu by\u0142o: rozwijanie aktywno\u015bci tw\u00f3rczej dzieci, dostarczanie dzieciom okazji do wsp\u00f3lnego \u015bwi\u0119towania, zabawy i czerpania rado\u015bci z bycia przedszkolakiem integracja grup przedszkolnych, tworzenie sytuacji sprzyjaj\u0105cych kszta\u0142towaniu [&hellip;]<\/p>\n","protected":false},"author":2,"featured_media":6050,"comment_status":"closed","ping_status":"closed","sticky":false,"template":"","format":"standard","meta":{"ngg_post_thumbnail":0,"footnotes":""},"categories":[4,1],"tags":[],"class_list":["post-10674","post","type-post","status-publish","format-standard","has-post-thumbnail","hentry","category-aktualnosci","category-wydarzenia"],"yoast_head":"<!-- This site is optimized with the Yoast SEO plugin v27.4 - https:\/\/yoast.com\/product\/yoast-seo-wordpress\/ -->\n<title>Tydzie\u0144 Przedszkolaka - Przedszkole im. Ksi\u0119cia Przemys\u0142awa<\/title>\n<meta name=\"robots\" content=\"noindex, follow\" \/>\n<meta property=\"og:locale\" content=\"pl_PL\" \/>\n<meta property=\"og:type\" content=\"article\" \/>\n<meta property=\"og:title\" content=\"Tydzie\u0144 Przedszkolaka - Przedszkole im. Ksi\u0119cia Przemys\u0142awa\" \/>\n<meta property=\"og:description\" content=\"W dniach 15-19 wrze\u015bnia realizowali\u015bmy projekt &#8222;Tydzie\u0144 Przedszkolaka&#8221; zorganizowany z okazji Og\u00f3lnopolskiego Dnia Przedszkolaka. w tym roku szkolnym has\u0142em przewodnim by has\u0142o &#8222;\u017byjmy bezpiecznie, zdrowo i na sportowo&#8221; Celem projektu by\u0142o: rozwijanie aktywno\u015bci tw\u00f3rczej dzieci, dostarczanie dzieciom okazji do wsp\u00f3lnego \u015bwi\u0119towania, zabawy i czerpania rado\u015bci z bycia przedszkolakiem integracja grup przedszkolnych, tworzenie sytuacji sprzyjaj\u0105cych kszta\u0142towaniu [&hellip;]\" \/>\n<meta property=\"og:url\" content=\"https:\/\/ple161.poznan.pl\/?p=10674\" \/>\n<meta property=\"og:site_name\" content=\"Przedszkole im. Ksi\u0119cia Przemys\u0142awa\" \/>\n<meta property=\"article:published_time\" content=\"2025-09-22T10:55:37+00:00\" \/>\n<meta property=\"og:image\" content=\"https:\/\/ple161.poznan.pl\/wp-content\/uploads\/2021\/05\/pomoc-p-p-1.jpg\" \/>\n\t<meta property=\"og:image:width\" content=\"322\" \/>\n\t<meta property=\"og:image:height\" content=\"156\" \/>\n\t<meta property=\"og:image:type\" content=\"image\/jpeg\" \/>\n<meta name=\"author\" content=\"Magda Dulemba\" \/>\n<meta name=\"twitter:card\" content=\"summary_large_image\" \/>\n<meta name=\"twitter:label1\" content=\"Napisane przez\" \/>\n\t<meta name=\"twitter:data1\" content=\"Magda Dulemba\" \/>\n\t<meta name=\"twitter:label2\" content=\"Szacowany czas czytania\" \/>\n\t<meta name=\"twitter:data2\" content=\"2 minuty\" \/>\n<script type=\"application\/ld+json\" class=\"yoast-schema-graph\">{\"@context\":\"https:\\\/\\\/schema.org\",\"@graph\":[{\"@type\":\"Article\",\"@id\":\"https:\\\/\\\/ple161.poznan.pl\\\/?p=10674#article\",\"isPartOf\":{\"@id\":\"https:\\\/\\\/ple161.poznan.pl\\\/?p=10674\"},\"author\":{\"name\":\"Magda Dulemba\",\"@id\":\"https:\\\/\\\/www.przedszkole161.pl\\\/#\\\/schema\\\/person\\\/673325371d681555a8b67c870d21faac\"},\"headline\":\"Tydzie\u0144 Przedszkolaka\",\"datePublished\":\"2025-09-22T10:55:37+00:00\",\"mainEntityOfPage\":{\"@id\":\"https:\\\/\\\/ple161.poznan.pl\\\/?p=10674\"},\"wordCount\":324,\"image\":{\"@id\":\"https:\\\/\\\/ple161.poznan.pl\\\/?p=10674#primaryimage\"},\"thumbnailUrl\":\"https:\\\/\\\/ple161.poznan.pl\\\/wp-content\\\/uploads\\\/2021\\\/05\\\/pomoc-p-p-1.jpg\",\"articleSection\":[\"Aktualno\u015bci\",\"Wydarzenia\"],\"inLanguage\":\"pl-PL\"},{\"@type\":\"WebPage\",\"@id\":\"https:\\\/\\\/ple161.poznan.pl\\\/?p=10674\",\"url\":\"https:\\\/\\\/ple161.poznan.pl\\\/?p=10674\",\"name\":\"Tydzie\u0144 Przedszkolaka - Przedszkole im. Ksi\u0119cia Przemys\u0142awa\",\"isPartOf\":{\"@id\":\"https:\\\/\\\/www.przedszkole161.pl\\\/#website\"},\"primaryImageOfPage\":{\"@id\":\"https:\\\/\\\/ple161.poznan.pl\\\/?p=10674#primaryimage\"},\"image\":{\"@id\":\"https:\\\/\\\/ple161.poznan.pl\\\/?p=10674#primaryimage\"},\"thumbnailUrl\":\"https:\\\/\\\/ple161.poznan.pl\\\/wp-content\\\/uploads\\\/2021\\\/05\\\/pomoc-p-p-1.jpg\",\"datePublished\":\"2025-09-22T10:55:37+00:00\",\"author\":{\"@id\":\"https:\\\/\\\/www.przedszkole161.pl\\\/#\\\/schema\\\/person\\\/673325371d681555a8b67c870d21faac\"},\"breadcrumb\":{\"@id\":\"https:\\\/\\\/ple161.poznan.pl\\\/?p=10674#breadcrumb\"},\"inLanguage\":\"pl-PL\",\"potentialAction\":[{\"@type\":\"ReadAction\",\"target\":[\"https:\\\/\\\/ple161.poznan.pl\\\/?p=10674\"]}]},{\"@type\":\"ImageObject\",\"inLanguage\":\"pl-PL\",\"@id\":\"https:\\\/\\\/ple161.poznan.pl\\\/?p=10674#primaryimage\",\"url\":\"https:\\\/\\\/ple161.poznan.pl\\\/wp-content\\\/uploads\\\/2021\\\/05\\\/pomoc-p-p-1.jpg\",\"contentUrl\":\"https:\\\/\\\/ple161.poznan.pl\\\/wp-content\\\/uploads\\\/2021\\\/05\\\/pomoc-p-p-1.jpg\",\"width\":322,\"height\":156},{\"@type\":\"BreadcrumbList\",\"@id\":\"https:\\\/\\\/ple161.poznan.pl\\\/?p=10674#breadcrumb\",\"itemListElement\":[{\"@type\":\"ListItem\",\"position\":1,\"name\":\"Strona g\u0142\u00f3wna\",\"item\":\"https:\\\/\\\/www.przedszkole161.pl\\\/\"},{\"@type\":\"ListItem\",\"position\":2,\"name\":\"Tydzie\u0144 Przedszkolaka\"}]},{\"@type\":\"WebSite\",\"@id\":\"https:\\\/\\\/www.przedszkole161.pl\\\/#website\",\"url\":\"https:\\\/\\\/www.przedszkole161.pl\\\/\",\"name\":\"Przedszkole im. Ksi\u0119cia Przemys\u0142awa 161\",\"description\":\"\",\"potentialAction\":[{\"@type\":\"SearchAction\",\"target\":{\"@type\":\"EntryPoint\",\"urlTemplate\":\"https:\\\/\\\/www.przedszkole161.pl\\\/?s={search_term_string}\"},\"query-input\":{\"@type\":\"PropertyValueSpecification\",\"valueRequired\":true,\"valueName\":\"search_term_string\"}}],\"inLanguage\":\"pl-PL\"},{\"@type\":\"Person\",\"@id\":\"https:\\\/\\\/www.przedszkole161.pl\\\/#\\\/schema\\\/person\\\/673325371d681555a8b67c870d21faac\",\"name\":\"Magda Dulemba\",\"image\":{\"@type\":\"ImageObject\",\"inLanguage\":\"pl-PL\",\"@id\":\"https:\\\/\\\/secure.gravatar.com\\\/avatar\\\/f6f4cc73208d68c67fc19e1f80620e23d66ef2a923cb26a6d726fbc6a55bbcbc?s=96&d=mm&r=g\",\"url\":\"https:\\\/\\\/secure.gravatar.com\\\/avatar\\\/f6f4cc73208d68c67fc19e1f80620e23d66ef2a923cb26a6d726fbc6a55bbcbc?s=96&d=mm&r=g\",\"contentUrl\":\"https:\\\/\\\/secure.gravatar.com\\\/avatar\\\/f6f4cc73208d68c67fc19e1f80620e23d66ef2a923cb26a6d726fbc6a55bbcbc?s=96&d=mm&r=g\",\"caption\":\"Magda Dulemba\"},\"url\":\"https:\\\/\\\/ple161.poznan.pl\\\/?author=2\"}]}<\/script>\n<!-- \/ Yoast SEO plugin. -->","yoast_head_json":{"title":"Tydzie\u0144 Przedszkolaka - Przedszkole im. Ksi\u0119cia Przemys\u0142awa","robots":{"index":"noindex","follow":"follow"},"og_locale":"pl_PL","og_type":"article","og_title":"Tydzie\u0144 Przedszkolaka - Przedszkole im. Ksi\u0119cia Przemys\u0142awa","og_description":"W dniach 15-19 wrze\u015bnia realizowali\u015bmy projekt &#8222;Tydzie\u0144 Przedszkolaka&#8221; zorganizowany z okazji Og\u00f3lnopolskiego Dnia Przedszkolaka. w tym roku szkolnym has\u0142em przewodnim by has\u0142o &#8222;\u017byjmy bezpiecznie, zdrowo i na sportowo&#8221; Celem projektu by\u0142o: rozwijanie aktywno\u015bci tw\u00f3rczej dzieci, dostarczanie dzieciom okazji do wsp\u00f3lnego \u015bwi\u0119towania, zabawy i czerpania rado\u015bci z bycia przedszkolakiem integracja grup przedszkolnych, tworzenie sytuacji sprzyjaj\u0105cych kszta\u0142towaniu [&hellip;]","og_url":"https:\/\/ple161.poznan.pl\/?p=10674","og_site_name":"Przedszkole im. Ksi\u0119cia Przemys\u0142awa","article_published_time":"2025-09-22T10:55:37+00:00","og_image":[{"width":322,"height":156,"url":"https:\/\/ple161.poznan.pl\/wp-content\/uploads\/2021\/05\/pomoc-p-p-1.jpg","type":"image\/jpeg"}],"author":"Magda Dulemba","twitter_card":"summary_large_image","twitter_misc":{"Napisane przez":"Magda Dulemba","Szacowany czas czytania":"2 minuty"},"schema":{"@context":"https:\/\/schema.org","@graph":[{"@type":"Article","@id":"https:\/\/ple161.poznan.pl\/?p=10674#article","isPartOf":{"@id":"https:\/\/ple161.poznan.pl\/?p=10674"},"author":{"name":"Magda Dulemba","@id":"https:\/\/www.przedszkole161.pl\/#\/schema\/person\/673325371d681555a8b67c870d21faac"},"headline":"Tydzie\u0144 Przedszkolaka","datePublished":"2025-09-22T10:55:37+00:00","mainEntityOfPage":{"@id":"https:\/\/ple161.poznan.pl\/?p=10674"},"wordCount":324,"image":{"@id":"https:\/\/ple161.poznan.pl\/?p=10674#primaryimage"},"thumbnailUrl":"https:\/\/ple161.poznan.pl\/wp-content\/uploads\/2021\/05\/pomoc-p-p-1.jpg","articleSection":["Aktualno\u015bci","Wydarzenia"],"inLanguage":"pl-PL"},{"@type":"WebPage","@id":"https:\/\/ple161.poznan.pl\/?p=10674","url":"https:\/\/ple161.poznan.pl\/?p=10674","name":"Tydzie\u0144 Przedszkolaka - Przedszkole im. Ksi\u0119cia Przemys\u0142awa","isPartOf":{"@id":"https:\/\/www.przedszkole161.pl\/#website"},"primaryImageOfPage":{"@id":"https:\/\/ple161.poznan.pl\/?p=10674#primaryimage"},"image":{"@id":"https:\/\/ple161.poznan.pl\/?p=10674#primaryimage"},"thumbnailUrl":"https:\/\/ple161.poznan.pl\/wp-content\/uploads\/2021\/05\/pomoc-p-p-1.jpg","datePublished":"2025-09-22T10:55:37+00:00","author":{"@id":"https:\/\/www.przedszkole161.pl\/#\/schema\/person\/673325371d681555a8b67c870d21faac"},"breadcrumb":{"@id":"https:\/\/ple161.poznan.pl\/?p=10674#breadcrumb"},"inLanguage":"pl-PL","potentialAction":[{"@type":"ReadAction","target":["https:\/\/ple161.poznan.pl\/?p=10674"]}]},{"@type":"ImageObject","inLanguage":"pl-PL","@id":"https:\/\/ple161.poznan.pl\/?p=10674#primaryimage","url":"https:\/\/ple161.poznan.pl\/wp-content\/uploads\/2021\/05\/pomoc-p-p-1.jpg","contentUrl":"https:\/\/ple161.poznan.pl\/wp-content\/uploads\/2021\/05\/pomoc-p-p-1.jpg","width":322,"height":156},{"@type":"BreadcrumbList","@id":"https:\/\/ple161.poznan.pl\/?p=10674#breadcrumb","itemListElement":[{"@type":"ListItem","position":1,"name":"Strona g\u0142\u00f3wna","item":"https:\/\/www.przedszkole161.pl\/"},{"@type":"ListItem","position":2,"name":"Tydzie\u0144 Przedszkolaka"}]},{"@type":"WebSite","@id":"https:\/\/www.przedszkole161.pl\/#website","url":"https:\/\/www.przedszkole161.pl\/","name":"Przedszkole im. Ksi\u0119cia Przemys\u0142awa 161","description":"","potentialAction":[{"@type":"SearchAction","target":{"@type":"EntryPoint","urlTemplate":"https:\/\/www.przedszkole161.pl\/?s={search_term_string}"},"query-input":{"@type":"PropertyValueSpecification","valueRequired":true,"valueName":"search_term_string"}}],"inLanguage":"pl-PL"},{"@type":"Person","@id":"https:\/\/www.przedszkole161.pl\/#\/schema\/person\/673325371d681555a8b67c870d21faac","name":"Magda Dulemba","image":{"@type":"ImageObject","inLanguage":"pl-PL","@id":"https:\/\/secure.gravatar.com\/avatar\/f6f4cc73208d68c67fc19e1f80620e23d66ef2a923cb26a6d726fbc6a55bbcbc?s=96&d=mm&r=g","url":"https:\/\/secure.gravatar.com\/avatar\/f6f4cc73208d68c67fc19e1f80620e23d66ef2a923cb26a6d726fbc6a55bbcbc?s=96&d=mm&r=g","contentUrl":"https:\/\/secure.gravatar.com\/avatar\/f6f4cc73208d68c67fc19e1f80620e23d66ef2a923cb26a6d726fbc6a55bbcbc?s=96&d=mm&r=g","caption":"Magda Dulemba"},"url":"https:\/\/ple161.poznan.pl\/?author=2"}]}},"_links":{"self":[{"href":"https:\/\/ple161.poznan.pl\/index.php?rest_route=\/wp\/v2\/posts\/10674","targetHints":{"allow":["GET"]}}],"collection":[{"href":"https:\/\/ple161.poznan.pl\/index.php?rest_route=\/wp\/v2\/posts"}],"about":[{"href":"https:\/\/ple161.poznan.pl\/index.php?rest_route=\/wp\/v2\/types\/post"}],"author":[{"embeddable":true,"href":"https:\/\/ple161.poznan.pl\/index.php?rest_route=\/wp\/v2\/users\/2"}],"replies":[{"embeddable":true,"href":"https:\/\/ple161.poznan.pl\/index.php?rest_route=%2Fwp%2Fv2%2Fcomments&post=10674"}],"version-history":[{"count":1,"href":"https:\/\/ple161.poznan.pl\/index.php?rest_route=\/wp\/v2\/posts\/10674\/revisions"}],"predecessor-version":[{"id":10675,"href":"https:\/\/ple161.poznan.pl\/index.php?rest_route=\/wp\/v2\/posts\/10674\/revisions\/10675"}],"wp:featuredmedia":[{"embeddable":true,"href":"https:\/\/ple161.poznan.pl\/index.php?rest_route=\/wp\/v2\/media\/6050"}],"wp:attachment":[{"href":"https:\/\/ple161.poznan.pl\/index.php?rest_route=%2Fwp%2Fv2%2Fmedia&parent=10674"}],"wp:term":[{"taxonomy":"category","embeddable":true,"href":"https:\/\/ple161.poznan.pl\/index.php?rest_route=%2Fwp%2Fv2%2Fcategories&post=10674"},{"taxonomy":"post_tag","embeddable":true,"href":"https:\/\/ple161.poznan.pl\/index.php?rest_route=%2Fwp%2Fv2%2Ftags&post=10674"}],"curies":[{"name":"wp","href":"https:\/\/api.w.org\/{rel}","templated":true}]}}