{"id":10672,"date":"2025-09-18T17:32:32","date_gmt":"2025-09-18T16:32:32","guid":{"rendered":"https:\/\/ple161.poznan.pl\/?p=10672"},"modified":"2025-09-18T17:32:32","modified_gmt":"2025-09-18T16:32:32","slug":"dzien-kropki-5","status":"publish","type":"post","link":"https:\/\/ple161.poznan.pl\/?p=10672","title":{"rendered":"Dzie\u0144 Kropki"},"content":{"rendered":"<p data-start=\"173\" data-end=\"302\"><strong data-start=\"173\" data-end=\"188\">12 wrze\u015bnia<\/strong>\u00a0 obchodzili\u015bmy <strong data-start=\"218\" data-end=\"249\">Mi\u0119dzynarodowy Dzie\u0144 Kropki<\/strong> \u2013 \u015bwi\u0119to kreatywno\u015bci, odwagi i odkrywania talent\u00f3w!<\/p>\n<p data-start=\"304\" data-end=\"667\">Dzie\u0144 Kropki to wyj\u0105tkowy czas, w kt\u00f3rym dzieci ucz\u0105 si\u0119, \u017ce ka\u017cdy z nas ma w sobie co\u015b wyj\u0105tkowego, a nawet najmniejszy pomys\u0142 mo\u017ce by\u0107 pocz\u0105tkiem wielkiej przygody.<\/p>\n<p data-start=\"304\" data-end=\"667\">\u00a0W tym dniu:<\/p>\n<ul data-start=\"686\" data-end=\"934\">\n<li data-start=\"686\" data-end=\"715\">\n<p data-start=\"688\" data-end=\"715\">poznali\u015bmy histori\u0119 Vashti,<\/p>\n<\/li>\n<li data-start=\"716\" data-end=\"765\">\n<p data-start=\"718\" data-end=\"765\">rozmawiali\u015bmy o naszych talentach i marzeniach,<\/p>\n<\/li>\n<li data-start=\"766\" data-end=\"815\">\n<p data-start=\"768\" data-end=\"815\">tworzyli\u015bmy kolorowe prace plastyczne z kropek,<\/p>\n<\/li>\n<li data-start=\"816\" data-end=\"879\">\n<p data-start=\"818\" data-end=\"879\">brali\u015bmy udzia\u0142 w zabawach i grach rozwijaj\u0105cych kreatywno\u015b\u0107,<\/p>\n<\/li>\n<li data-start=\"880\" data-end=\"934\">\n<p data-start=\"882\" data-end=\"934\">ubrali\u015bmy si\u0119 w ubrania w kropki!<\/p>\n<\/li>\n<\/ul>\n<p data-start=\"936\" data-end=\"988\">By\u0142 to dzie\u0144 pe\u0142en u\u015bmiechu, zabawy i inspiracji!<\/p>\n<p data-start=\"990\" data-end=\"1093\">\n","protected":false},"excerpt":{"rendered":"<p>12 wrze\u015bnia\u00a0 obchodzili\u015bmy Mi\u0119dzynarodowy Dzie\u0144 Kropki \u2013 \u015bwi\u0119to kreatywno\u015bci, odwagi i odkrywania talent\u00f3w! Dzie\u0144 Kropki to wyj\u0105tkowy czas, w kt\u00f3rym dzieci ucz\u0105 si\u0119, \u017ce ka\u017cdy z nas ma w sobie co\u015b wyj\u0105tkowego, a nawet najmniejszy pomys\u0142 mo\u017ce by\u0107 pocz\u0105tkiem wielkiej przygody. \u00a0W tym dniu: poznali\u015bmy histori\u0119 Vashti, rozmawiali\u015bmy o naszych talentach i marzeniach, tworzyli\u015bmy kolorowe [&hellip;]<\/p>\n","protected":false},"author":2,"featured_media":3885,"comment_status":"closed","ping_status":"closed","sticky":false,"template":"","format":"standard","meta":{"ngg_post_thumbnail":0,"footnotes":""},"categories":[4,1],"tags":[],"class_list":["post-10672","post","type-post","status-publish","format-standard","has-post-thumbnail","hentry","category-aktualnosci","category-wydarzenia"],"yoast_head":"<!-- This site is optimized with the Yoast SEO plugin v27.4 - https:\/\/yoast.com\/product\/yoast-seo-wordpress\/ -->\n<title>Dzie\u0144 Kropki - Przedszkole im. Ksi\u0119cia Przemys\u0142awa<\/title>\n<meta name=\"robots\" content=\"noindex, follow\" \/>\n<meta property=\"og:locale\" content=\"pl_PL\" \/>\n<meta property=\"og:type\" content=\"article\" \/>\n<meta property=\"og:title\" content=\"Dzie\u0144 Kropki - Przedszkole im. Ksi\u0119cia Przemys\u0142awa\" \/>\n<meta property=\"og:description\" content=\"12 wrze\u015bnia\u00a0 obchodzili\u015bmy Mi\u0119dzynarodowy Dzie\u0144 Kropki \u2013 \u015bwi\u0119to kreatywno\u015bci, odwagi i odkrywania talent\u00f3w! Dzie\u0144 Kropki to wyj\u0105tkowy czas, w kt\u00f3rym dzieci ucz\u0105 si\u0119, \u017ce ka\u017cdy z nas ma w sobie co\u015b wyj\u0105tkowego, a nawet najmniejszy pomys\u0142 mo\u017ce by\u0107 pocz\u0105tkiem wielkiej przygody. \u00a0W tym dniu: poznali\u015bmy histori\u0119 Vashti, rozmawiali\u015bmy o naszych talentach i marzeniach, tworzyli\u015bmy kolorowe [&hellip;]\" \/>\n<meta property=\"og:url\" content=\"https:\/\/ple161.poznan.pl\/?p=10672\" \/>\n<meta property=\"og:site_name\" content=\"Przedszkole im. Ksi\u0119cia Przemys\u0142awa\" \/>\n<meta property=\"article:published_time\" content=\"2025-09-18T16:32:32+00:00\" \/>\n<meta property=\"og:image\" content=\"https:\/\/ple161.poznan.pl\/wp-content\/uploads\/2019\/10\/kropka-1.jpg\" \/>\n\t<meta property=\"og:image:width\" content=\"300\" \/>\n\t<meta property=\"og:image:height\" content=\"300\" \/>\n\t<meta property=\"og:image:type\" content=\"image\/jpeg\" \/>\n<meta name=\"author\" content=\"Magda Dulemba\" \/>\n<meta name=\"twitter:card\" content=\"summary_large_image\" \/>\n<meta name=\"twitter:label1\" content=\"Napisane przez\" \/>\n\t<meta name=\"twitter:data1\" content=\"Magda Dulemba\" \/>\n\t<meta name=\"twitter:label2\" content=\"Szacowany czas czytania\" \/>\n\t<meta name=\"twitter:data2\" content=\"1 minuta\" \/>\n<script type=\"application\/ld+json\" class=\"yoast-schema-graph\">{\"@context\":\"https:\\\/\\\/schema.org\",\"@graph\":[{\"@type\":\"Article\",\"@id\":\"https:\\\/\\\/ple161.poznan.pl\\\/?p=10672#article\",\"isPartOf\":{\"@id\":\"https:\\\/\\\/ple161.poznan.pl\\\/?p=10672\"},\"author\":{\"name\":\"Magda Dulemba\",\"@id\":\"https:\\\/\\\/www.przedszkole161.pl\\\/#\\\/schema\\\/person\\\/673325371d681555a8b67c870d21faac\"},\"headline\":\"Dzie\u0144 Kropki\",\"datePublished\":\"2025-09-18T16:32:32+00:00\",\"mainEntityOfPage\":{\"@id\":\"https:\\\/\\\/ple161.poznan.pl\\\/?p=10672\"},\"wordCount\":101,\"image\":{\"@id\":\"https:\\\/\\\/ple161.poznan.pl\\\/?p=10672#primaryimage\"},\"thumbnailUrl\":\"https:\\\/\\\/ple161.poznan.pl\\\/wp-content\\\/uploads\\\/2019\\\/10\\\/kropka-1.jpg\",\"articleSection\":[\"Aktualno\u015bci\",\"Wydarzenia\"],\"inLanguage\":\"pl-PL\"},{\"@type\":\"WebPage\",\"@id\":\"https:\\\/\\\/ple161.poznan.pl\\\/?p=10672\",\"url\":\"https:\\\/\\\/ple161.poznan.pl\\\/?p=10672\",\"name\":\"Dzie\u0144 Kropki - Przedszkole im. Ksi\u0119cia Przemys\u0142awa\",\"isPartOf\":{\"@id\":\"https:\\\/\\\/www.przedszkole161.pl\\\/#website\"},\"primaryImageOfPage\":{\"@id\":\"https:\\\/\\\/ple161.poznan.pl\\\/?p=10672#primaryimage\"},\"image\":{\"@id\":\"https:\\\/\\\/ple161.poznan.pl\\\/?p=10672#primaryimage\"},\"thumbnailUrl\":\"https:\\\/\\\/ple161.poznan.pl\\\/wp-content\\\/uploads\\\/2019\\\/10\\\/kropka-1.jpg\",\"datePublished\":\"2025-09-18T16:32:32+00:00\",\"author\":{\"@id\":\"https:\\\/\\\/www.przedszkole161.pl\\\/#\\\/schema\\\/person\\\/673325371d681555a8b67c870d21faac\"},\"breadcrumb\":{\"@id\":\"https:\\\/\\\/ple161.poznan.pl\\\/?p=10672#breadcrumb\"},\"inLanguage\":\"pl-PL\",\"potentialAction\":[{\"@type\":\"ReadAction\",\"target\":[\"https:\\\/\\\/ple161.poznan.pl\\\/?p=10672\"]}]},{\"@type\":\"ImageObject\",\"inLanguage\":\"pl-PL\",\"@id\":\"https:\\\/\\\/ple161.poznan.pl\\\/?p=10672#primaryimage\",\"url\":\"https:\\\/\\\/ple161.poznan.pl\\\/wp-content\\\/uploads\\\/2019\\\/10\\\/kropka-1.jpg\",\"contentUrl\":\"https:\\\/\\\/ple161.poznan.pl\\\/wp-content\\\/uploads\\\/2019\\\/10\\\/kropka-1.jpg\",\"width\":300,\"height\":300},{\"@type\":\"BreadcrumbList\",\"@id\":\"https:\\\/\\\/ple161.poznan.pl\\\/?p=10672#breadcrumb\",\"itemListElement\":[{\"@type\":\"ListItem\",\"position\":1,\"name\":\"Strona g\u0142\u00f3wna\",\"item\":\"https:\\\/\\\/www.przedszkole161.pl\\\/\"},{\"@type\":\"ListItem\",\"position\":2,\"name\":\"Dzie\u0144 Kropki\"}]},{\"@type\":\"WebSite\",\"@id\":\"https:\\\/\\\/www.przedszkole161.pl\\\/#website\",\"url\":\"https:\\\/\\\/www.przedszkole161.pl\\\/\",\"name\":\"Przedszkole im. Ksi\u0119cia Przemys\u0142awa 161\",\"description\":\"\",\"potentialAction\":[{\"@type\":\"SearchAction\",\"target\":{\"@type\":\"EntryPoint\",\"urlTemplate\":\"https:\\\/\\\/www.przedszkole161.pl\\\/?s={search_term_string}\"},\"query-input\":{\"@type\":\"PropertyValueSpecification\",\"valueRequired\":true,\"valueName\":\"search_term_string\"}}],\"inLanguage\":\"pl-PL\"},{\"@type\":\"Person\",\"@id\":\"https:\\\/\\\/www.przedszkole161.pl\\\/#\\\/schema\\\/person\\\/673325371d681555a8b67c870d21faac\",\"name\":\"Magda Dulemba\",\"image\":{\"@type\":\"ImageObject\",\"inLanguage\":\"pl-PL\",\"@id\":\"https:\\\/\\\/secure.gravatar.com\\\/avatar\\\/f6f4cc73208d68c67fc19e1f80620e23d66ef2a923cb26a6d726fbc6a55bbcbc?s=96&d=mm&r=g\",\"url\":\"https:\\\/\\\/secure.gravatar.com\\\/avatar\\\/f6f4cc73208d68c67fc19e1f80620e23d66ef2a923cb26a6d726fbc6a55bbcbc?s=96&d=mm&r=g\",\"contentUrl\":\"https:\\\/\\\/secure.gravatar.com\\\/avatar\\\/f6f4cc73208d68c67fc19e1f80620e23d66ef2a923cb26a6d726fbc6a55bbcbc?s=96&d=mm&r=g\",\"caption\":\"Magda Dulemba\"},\"url\":\"https:\\\/\\\/ple161.poznan.pl\\\/?author=2\"}]}<\/script>\n<!-- \/ Yoast SEO plugin. -->","yoast_head_json":{"title":"Dzie\u0144 Kropki - Przedszkole im. Ksi\u0119cia Przemys\u0142awa","robots":{"index":"noindex","follow":"follow"},"og_locale":"pl_PL","og_type":"article","og_title":"Dzie\u0144 Kropki - Przedszkole im. Ksi\u0119cia Przemys\u0142awa","og_description":"12 wrze\u015bnia\u00a0 obchodzili\u015bmy Mi\u0119dzynarodowy Dzie\u0144 Kropki \u2013 \u015bwi\u0119to kreatywno\u015bci, odwagi i odkrywania talent\u00f3w! Dzie\u0144 Kropki to wyj\u0105tkowy czas, w kt\u00f3rym dzieci ucz\u0105 si\u0119, \u017ce ka\u017cdy z nas ma w sobie co\u015b wyj\u0105tkowego, a nawet najmniejszy pomys\u0142 mo\u017ce by\u0107 pocz\u0105tkiem wielkiej przygody. \u00a0W tym dniu: poznali\u015bmy histori\u0119 Vashti, rozmawiali\u015bmy o naszych talentach i marzeniach, tworzyli\u015bmy kolorowe [&hellip;]","og_url":"https:\/\/ple161.poznan.pl\/?p=10672","og_site_name":"Przedszkole im. Ksi\u0119cia Przemys\u0142awa","article_published_time":"2025-09-18T16:32:32+00:00","og_image":[{"width":300,"height":300,"url":"https:\/\/ple161.poznan.pl\/wp-content\/uploads\/2019\/10\/kropka-1.jpg","type":"image\/jpeg"}],"author":"Magda Dulemba","twitter_card":"summary_large_image","twitter_misc":{"Napisane przez":"Magda Dulemba","Szacowany czas czytania":"1 minuta"},"schema":{"@context":"https:\/\/schema.org","@graph":[{"@type":"Article","@id":"https:\/\/ple161.poznan.pl\/?p=10672#article","isPartOf":{"@id":"https:\/\/ple161.poznan.pl\/?p=10672"},"author":{"name":"Magda Dulemba","@id":"https:\/\/www.przedszkole161.pl\/#\/schema\/person\/673325371d681555a8b67c870d21faac"},"headline":"Dzie\u0144 Kropki","datePublished":"2025-09-18T16:32:32+00:00","mainEntityOfPage":{"@id":"https:\/\/ple161.poznan.pl\/?p=10672"},"wordCount":101,"image":{"@id":"https:\/\/ple161.poznan.pl\/?p=10672#primaryimage"},"thumbnailUrl":"https:\/\/ple161.poznan.pl\/wp-content\/uploads\/2019\/10\/kropka-1.jpg","articleSection":["Aktualno\u015bci","Wydarzenia"],"inLanguage":"pl-PL"},{"@type":"WebPage","@id":"https:\/\/ple161.poznan.pl\/?p=10672","url":"https:\/\/ple161.poznan.pl\/?p=10672","name":"Dzie\u0144 Kropki - Przedszkole im. Ksi\u0119cia Przemys\u0142awa","isPartOf":{"@id":"https:\/\/www.przedszkole161.pl\/#website"},"primaryImageOfPage":{"@id":"https:\/\/ple161.poznan.pl\/?p=10672#primaryimage"},"image":{"@id":"https:\/\/ple161.poznan.pl\/?p=10672#primaryimage"},"thumbnailUrl":"https:\/\/ple161.poznan.pl\/wp-content\/uploads\/2019\/10\/kropka-1.jpg","datePublished":"2025-09-18T16:32:32+00:00","author":{"@id":"https:\/\/www.przedszkole161.pl\/#\/schema\/person\/673325371d681555a8b67c870d21faac"},"breadcrumb":{"@id":"https:\/\/ple161.poznan.pl\/?p=10672#breadcrumb"},"inLanguage":"pl-PL","potentialAction":[{"@type":"ReadAction","target":["https:\/\/ple161.poznan.pl\/?p=10672"]}]},{"@type":"ImageObject","inLanguage":"pl-PL","@id":"https:\/\/ple161.poznan.pl\/?p=10672#primaryimage","url":"https:\/\/ple161.poznan.pl\/wp-content\/uploads\/2019\/10\/kropka-1.jpg","contentUrl":"https:\/\/ple161.poznan.pl\/wp-content\/uploads\/2019\/10\/kropka-1.jpg","width":300,"height":300},{"@type":"BreadcrumbList","@id":"https:\/\/ple161.poznan.pl\/?p=10672#breadcrumb","itemListElement":[{"@type":"ListItem","position":1,"name":"Strona g\u0142\u00f3wna","item":"https:\/\/www.przedszkole161.pl\/"},{"@type":"ListItem","position":2,"name":"Dzie\u0144 Kropki"}]},{"@type":"WebSite","@id":"https:\/\/www.przedszkole161.pl\/#website","url":"https:\/\/www.przedszkole161.pl\/","name":"Przedszkole im. Ksi\u0119cia Przemys\u0142awa 161","description":"","potentialAction":[{"@type":"SearchAction","target":{"@type":"EntryPoint","urlTemplate":"https:\/\/www.przedszkole161.pl\/?s={search_term_string}"},"query-input":{"@type":"PropertyValueSpecification","valueRequired":true,"valueName":"search_term_string"}}],"inLanguage":"pl-PL"},{"@type":"Person","@id":"https:\/\/www.przedszkole161.pl\/#\/schema\/person\/673325371d681555a8b67c870d21faac","name":"Magda Dulemba","image":{"@type":"ImageObject","inLanguage":"pl-PL","@id":"https:\/\/secure.gravatar.com\/avatar\/f6f4cc73208d68c67fc19e1f80620e23d66ef2a923cb26a6d726fbc6a55bbcbc?s=96&d=mm&r=g","url":"https:\/\/secure.gravatar.com\/avatar\/f6f4cc73208d68c67fc19e1f80620e23d66ef2a923cb26a6d726fbc6a55bbcbc?s=96&d=mm&r=g","contentUrl":"https:\/\/secure.gravatar.com\/avatar\/f6f4cc73208d68c67fc19e1f80620e23d66ef2a923cb26a6d726fbc6a55bbcbc?s=96&d=mm&r=g","caption":"Magda Dulemba"},"url":"https:\/\/ple161.poznan.pl\/?author=2"}]}},"_links":{"self":[{"href":"https:\/\/ple161.poznan.pl\/index.php?rest_route=\/wp\/v2\/posts\/10672","targetHints":{"allow":["GET"]}}],"collection":[{"href":"https:\/\/ple161.poznan.pl\/index.php?rest_route=\/wp\/v2\/posts"}],"about":[{"href":"https:\/\/ple161.poznan.pl\/index.php?rest_route=\/wp\/v2\/types\/post"}],"author":[{"embeddable":true,"href":"https:\/\/ple161.poznan.pl\/index.php?rest_route=\/wp\/v2\/users\/2"}],"replies":[{"embeddable":true,"href":"https:\/\/ple161.poznan.pl\/index.php?rest_route=%2Fwp%2Fv2%2Fcomments&post=10672"}],"version-history":[{"count":1,"href":"https:\/\/ple161.poznan.pl\/index.php?rest_route=\/wp\/v2\/posts\/10672\/revisions"}],"predecessor-version":[{"id":10673,"href":"https:\/\/ple161.poznan.pl\/index.php?rest_route=\/wp\/v2\/posts\/10672\/revisions\/10673"}],"wp:featuredmedia":[{"embeddable":true,"href":"https:\/\/ple161.poznan.pl\/index.php?rest_route=\/wp\/v2\/media\/3885"}],"wp:attachment":[{"href":"https:\/\/ple161.poznan.pl\/index.php?rest_route=%2Fwp%2Fv2%2Fmedia&parent=10672"}],"wp:term":[{"taxonomy":"category","embeddable":true,"href":"https:\/\/ple161.poznan.pl\/index.php?rest_route=%2Fwp%2Fv2%2Fcategories&post=10672"},{"taxonomy":"post_tag","embeddable":true,"href":"https:\/\/ple161.poznan.pl\/index.php?rest_route=%2Fwp%2Fv2%2Ftags&post=10672"}],"curies":[{"name":"wp","href":"https:\/\/api.w.org\/{rel}","templated":true}]}}