{"id":10661,"date":"2025-09-01T14:46:46","date_gmt":"2025-09-01T13:46:46","guid":{"rendered":"https:\/\/ple161.poznan.pl\/?p=10661"},"modified":"2025-09-10T14:49:36","modified_gmt":"2025-09-10T13:49:36","slug":"wydarzenia-we-wrzesniu-3","status":"publish","type":"post","link":"https:\/\/ple161.poznan.pl\/?p=10661","title":{"rendered":"Wydarzenia we wrze\u015bniu"},"content":{"rendered":"<p>Zaj\u0119cia sensoryczne 9.09 i 30.09.2025<\/p>\n<p>Dzie\u0144 kropki i spotkanie z policjantem 12.09.2025<\/p>\n<p>Miejskie obchody Dnia Przedszkolaka na Stadionie Lekkoatletycznym Gol\u0119cin &#8211; gr. IV i V 19.09.2025<\/p>\n<p>Powitanie jesieni 23.09.2025<\/p>\n<p>Turniej pi\u0142ki no\u017cnej na Stadionie \u201cOlimp\u201d &#8211; gr. IV i V 25.09.2025<\/p>\n<p>Jesienna sesja zdj\u0119ciowa 26.09.2025<\/p>\n<p>Spotkanie z pracownikami GOAP-u, pogadanka na temat segregacji odpad\u00f3w 29.09.2025<\/p>\n<p>Dzie\u0144 ch\u0142opaka 30.09.2025<\/p>\n","protected":false},"excerpt":{"rendered":"<p>Zaj\u0119cia sensoryczne 9.09 i 30.09.2025 Dzie\u0144 kropki i spotkanie z policjantem 12.09.2025 Miejskie obchody Dnia Przedszkolaka na Stadionie Lekkoatletycznym Gol\u0119cin &#8211; gr. IV i V 19.09.2025 Powitanie jesieni 23.09.2025 Turniej pi\u0142ki no\u017cnej na Stadionie \u201cOlimp\u201d &#8211; gr. IV i V 25.09.2025 Jesienna sesja zdj\u0119ciowa 26.09.2025 Spotkanie z pracownikami GOAP-u, pogadanka na temat segregacji odpad\u00f3w 29.09.2025 [&hellip;]<\/p>\n","protected":false},"author":2,"featured_media":6548,"comment_status":"closed","ping_status":"closed","sticky":false,"template":"","format":"standard","meta":{"ngg_post_thumbnail":0,"footnotes":""},"categories":[4,1],"tags":[],"class_list":["post-10661","post","type-post","status-publish","format-standard","has-post-thumbnail","hentry","category-aktualnosci","category-wydarzenia"],"yoast_head":"<!-- This site is optimized with the Yoast SEO plugin v27.4 - https:\/\/yoast.com\/product\/yoast-seo-wordpress\/ -->\n<title>Wydarzenia we wrze\u015bniu - Przedszkole im. Ksi\u0119cia Przemys\u0142awa<\/title>\n<meta name=\"robots\" content=\"noindex, follow\" \/>\n<meta property=\"og:locale\" content=\"pl_PL\" \/>\n<meta property=\"og:type\" content=\"article\" \/>\n<meta property=\"og:title\" content=\"Wydarzenia we wrze\u015bniu - Przedszkole im. Ksi\u0119cia Przemys\u0142awa\" \/>\n<meta property=\"og:description\" content=\"Zaj\u0119cia sensoryczne 9.09 i 30.09.2025 Dzie\u0144 kropki i spotkanie z policjantem 12.09.2025 Miejskie obchody Dnia Przedszkolaka na Stadionie Lekkoatletycznym Gol\u0119cin &#8211; gr. IV i V 19.09.2025 Powitanie jesieni 23.09.2025 Turniej pi\u0142ki no\u017cnej na Stadionie \u201cOlimp\u201d &#8211; gr. IV i V 25.09.2025 Jesienna sesja zdj\u0119ciowa 26.09.2025 Spotkanie z pracownikami GOAP-u, pogadanka na temat segregacji odpad\u00f3w 29.09.2025 [&hellip;]\" \/>\n<meta property=\"og:url\" content=\"https:\/\/ple161.poznan.pl\/?p=10661\" \/>\n<meta property=\"og:site_name\" content=\"Przedszkole im. Ksi\u0119cia Przemys\u0142awa\" \/>\n<meta property=\"article:published_time\" content=\"2025-09-01T13:46:46+00:00\" \/>\n<meta property=\"article:modified_time\" content=\"2025-09-10T13:49:36+00:00\" \/>\n<meta property=\"og:image\" content=\"https:\/\/ple161.poznan.pl\/wp-content\/uploads\/2021\/11\/download-1.jpg\" \/>\n\t<meta property=\"og:image:width\" content=\"233\" \/>\n\t<meta property=\"og:image:height\" content=\"216\" \/>\n\t<meta property=\"og:image:type\" content=\"image\/jpeg\" \/>\n<meta name=\"author\" content=\"Magda Dulemba\" \/>\n<meta name=\"twitter:card\" content=\"summary_large_image\" \/>\n<meta name=\"twitter:label1\" content=\"Napisane przez\" \/>\n\t<meta name=\"twitter:data1\" content=\"Magda Dulemba\" \/>\n\t<meta name=\"twitter:label2\" content=\"Szacowany czas czytania\" \/>\n\t<meta name=\"twitter:data2\" content=\"1 minuta\" \/>\n<script type=\"application\/ld+json\" class=\"yoast-schema-graph\">{\"@context\":\"https:\\\/\\\/schema.org\",\"@graph\":[{\"@type\":\"Article\",\"@id\":\"https:\\\/\\\/ple161.poznan.pl\\\/?p=10661#article\",\"isPartOf\":{\"@id\":\"https:\\\/\\\/ple161.poznan.pl\\\/?p=10661\"},\"author\":{\"name\":\"Magda Dulemba\",\"@id\":\"https:\\\/\\\/www.przedszkole161.pl\\\/#\\\/schema\\\/person\\\/673325371d681555a8b67c870d21faac\"},\"headline\":\"Wydarzenia we wrze\u015bniu\",\"datePublished\":\"2025-09-01T13:46:46+00:00\",\"dateModified\":\"2025-09-10T13:49:36+00:00\",\"mainEntityOfPage\":{\"@id\":\"https:\\\/\\\/ple161.poznan.pl\\\/?p=10661\"},\"wordCount\":60,\"image\":{\"@id\":\"https:\\\/\\\/ple161.poznan.pl\\\/?p=10661#primaryimage\"},\"thumbnailUrl\":\"https:\\\/\\\/ple161.poznan.pl\\\/wp-content\\\/uploads\\\/2021\\\/11\\\/download-1.jpg\",\"articleSection\":[\"Aktualno\u015bci\",\"Wydarzenia\"],\"inLanguage\":\"pl-PL\"},{\"@type\":\"WebPage\",\"@id\":\"https:\\\/\\\/ple161.poznan.pl\\\/?p=10661\",\"url\":\"https:\\\/\\\/ple161.poznan.pl\\\/?p=10661\",\"name\":\"Wydarzenia we wrze\u015bniu - Przedszkole im. Ksi\u0119cia Przemys\u0142awa\",\"isPartOf\":{\"@id\":\"https:\\\/\\\/www.przedszkole161.pl\\\/#website\"},\"primaryImageOfPage\":{\"@id\":\"https:\\\/\\\/ple161.poznan.pl\\\/?p=10661#primaryimage\"},\"image\":{\"@id\":\"https:\\\/\\\/ple161.poznan.pl\\\/?p=10661#primaryimage\"},\"thumbnailUrl\":\"https:\\\/\\\/ple161.poznan.pl\\\/wp-content\\\/uploads\\\/2021\\\/11\\\/download-1.jpg\",\"datePublished\":\"2025-09-01T13:46:46+00:00\",\"dateModified\":\"2025-09-10T13:49:36+00:00\",\"author\":{\"@id\":\"https:\\\/\\\/www.przedszkole161.pl\\\/#\\\/schema\\\/person\\\/673325371d681555a8b67c870d21faac\"},\"breadcrumb\":{\"@id\":\"https:\\\/\\\/ple161.poznan.pl\\\/?p=10661#breadcrumb\"},\"inLanguage\":\"pl-PL\",\"potentialAction\":[{\"@type\":\"ReadAction\",\"target\":[\"https:\\\/\\\/ple161.poznan.pl\\\/?p=10661\"]}]},{\"@type\":\"ImageObject\",\"inLanguage\":\"pl-PL\",\"@id\":\"https:\\\/\\\/ple161.poznan.pl\\\/?p=10661#primaryimage\",\"url\":\"https:\\\/\\\/ple161.poznan.pl\\\/wp-content\\\/uploads\\\/2021\\\/11\\\/download-1.jpg\",\"contentUrl\":\"https:\\\/\\\/ple161.poznan.pl\\\/wp-content\\\/uploads\\\/2021\\\/11\\\/download-1.jpg\",\"width\":233,\"height\":216},{\"@type\":\"BreadcrumbList\",\"@id\":\"https:\\\/\\\/ple161.poznan.pl\\\/?p=10661#breadcrumb\",\"itemListElement\":[{\"@type\":\"ListItem\",\"position\":1,\"name\":\"Strona g\u0142\u00f3wna\",\"item\":\"https:\\\/\\\/www.przedszkole161.pl\\\/\"},{\"@type\":\"ListItem\",\"position\":2,\"name\":\"Wydarzenia we wrze\u015bniu\"}]},{\"@type\":\"WebSite\",\"@id\":\"https:\\\/\\\/www.przedszkole161.pl\\\/#website\",\"url\":\"https:\\\/\\\/www.przedszkole161.pl\\\/\",\"name\":\"Przedszkole im. Ksi\u0119cia Przemys\u0142awa 161\",\"description\":\"\",\"potentialAction\":[{\"@type\":\"SearchAction\",\"target\":{\"@type\":\"EntryPoint\",\"urlTemplate\":\"https:\\\/\\\/www.przedszkole161.pl\\\/?s={search_term_string}\"},\"query-input\":{\"@type\":\"PropertyValueSpecification\",\"valueRequired\":true,\"valueName\":\"search_term_string\"}}],\"inLanguage\":\"pl-PL\"},{\"@type\":\"Person\",\"@id\":\"https:\\\/\\\/www.przedszkole161.pl\\\/#\\\/schema\\\/person\\\/673325371d681555a8b67c870d21faac\",\"name\":\"Magda Dulemba\",\"image\":{\"@type\":\"ImageObject\",\"inLanguage\":\"pl-PL\",\"@id\":\"https:\\\/\\\/secure.gravatar.com\\\/avatar\\\/f6f4cc73208d68c67fc19e1f80620e23d66ef2a923cb26a6d726fbc6a55bbcbc?s=96&d=mm&r=g\",\"url\":\"https:\\\/\\\/secure.gravatar.com\\\/avatar\\\/f6f4cc73208d68c67fc19e1f80620e23d66ef2a923cb26a6d726fbc6a55bbcbc?s=96&d=mm&r=g\",\"contentUrl\":\"https:\\\/\\\/secure.gravatar.com\\\/avatar\\\/f6f4cc73208d68c67fc19e1f80620e23d66ef2a923cb26a6d726fbc6a55bbcbc?s=96&d=mm&r=g\",\"caption\":\"Magda Dulemba\"},\"url\":\"https:\\\/\\\/ple161.poznan.pl\\\/?author=2\"}]}<\/script>\n<!-- \/ Yoast SEO plugin. -->","yoast_head_json":{"title":"Wydarzenia we wrze\u015bniu - Przedszkole im. Ksi\u0119cia Przemys\u0142awa","robots":{"index":"noindex","follow":"follow"},"og_locale":"pl_PL","og_type":"article","og_title":"Wydarzenia we wrze\u015bniu - Przedszkole im. Ksi\u0119cia Przemys\u0142awa","og_description":"Zaj\u0119cia sensoryczne 9.09 i 30.09.2025 Dzie\u0144 kropki i spotkanie z policjantem 12.09.2025 Miejskie obchody Dnia Przedszkolaka na Stadionie Lekkoatletycznym Gol\u0119cin &#8211; gr. IV i V 19.09.2025 Powitanie jesieni 23.09.2025 Turniej pi\u0142ki no\u017cnej na Stadionie \u201cOlimp\u201d &#8211; gr. IV i V 25.09.2025 Jesienna sesja zdj\u0119ciowa 26.09.2025 Spotkanie z pracownikami GOAP-u, pogadanka na temat segregacji odpad\u00f3w 29.09.2025 [&hellip;]","og_url":"https:\/\/ple161.poznan.pl\/?p=10661","og_site_name":"Przedszkole im. Ksi\u0119cia Przemys\u0142awa","article_published_time":"2025-09-01T13:46:46+00:00","article_modified_time":"2025-09-10T13:49:36+00:00","og_image":[{"width":233,"height":216,"url":"https:\/\/ple161.poznan.pl\/wp-content\/uploads\/2021\/11\/download-1.jpg","type":"image\/jpeg"}],"author":"Magda Dulemba","twitter_card":"summary_large_image","twitter_misc":{"Napisane przez":"Magda Dulemba","Szacowany czas czytania":"1 minuta"},"schema":{"@context":"https:\/\/schema.org","@graph":[{"@type":"Article","@id":"https:\/\/ple161.poznan.pl\/?p=10661#article","isPartOf":{"@id":"https:\/\/ple161.poznan.pl\/?p=10661"},"author":{"name":"Magda Dulemba","@id":"https:\/\/www.przedszkole161.pl\/#\/schema\/person\/673325371d681555a8b67c870d21faac"},"headline":"Wydarzenia we wrze\u015bniu","datePublished":"2025-09-01T13:46:46+00:00","dateModified":"2025-09-10T13:49:36+00:00","mainEntityOfPage":{"@id":"https:\/\/ple161.poznan.pl\/?p=10661"},"wordCount":60,"image":{"@id":"https:\/\/ple161.poznan.pl\/?p=10661#primaryimage"},"thumbnailUrl":"https:\/\/ple161.poznan.pl\/wp-content\/uploads\/2021\/11\/download-1.jpg","articleSection":["Aktualno\u015bci","Wydarzenia"],"inLanguage":"pl-PL"},{"@type":"WebPage","@id":"https:\/\/ple161.poznan.pl\/?p=10661","url":"https:\/\/ple161.poznan.pl\/?p=10661","name":"Wydarzenia we wrze\u015bniu - Przedszkole im. Ksi\u0119cia Przemys\u0142awa","isPartOf":{"@id":"https:\/\/www.przedszkole161.pl\/#website"},"primaryImageOfPage":{"@id":"https:\/\/ple161.poznan.pl\/?p=10661#primaryimage"},"image":{"@id":"https:\/\/ple161.poznan.pl\/?p=10661#primaryimage"},"thumbnailUrl":"https:\/\/ple161.poznan.pl\/wp-content\/uploads\/2021\/11\/download-1.jpg","datePublished":"2025-09-01T13:46:46+00:00","dateModified":"2025-09-10T13:49:36+00:00","author":{"@id":"https:\/\/www.przedszkole161.pl\/#\/schema\/person\/673325371d681555a8b67c870d21faac"},"breadcrumb":{"@id":"https:\/\/ple161.poznan.pl\/?p=10661#breadcrumb"},"inLanguage":"pl-PL","potentialAction":[{"@type":"ReadAction","target":["https:\/\/ple161.poznan.pl\/?p=10661"]}]},{"@type":"ImageObject","inLanguage":"pl-PL","@id":"https:\/\/ple161.poznan.pl\/?p=10661#primaryimage","url":"https:\/\/ple161.poznan.pl\/wp-content\/uploads\/2021\/11\/download-1.jpg","contentUrl":"https:\/\/ple161.poznan.pl\/wp-content\/uploads\/2021\/11\/download-1.jpg","width":233,"height":216},{"@type":"BreadcrumbList","@id":"https:\/\/ple161.poznan.pl\/?p=10661#breadcrumb","itemListElement":[{"@type":"ListItem","position":1,"name":"Strona g\u0142\u00f3wna","item":"https:\/\/www.przedszkole161.pl\/"},{"@type":"ListItem","position":2,"name":"Wydarzenia we wrze\u015bniu"}]},{"@type":"WebSite","@id":"https:\/\/www.przedszkole161.pl\/#website","url":"https:\/\/www.przedszkole161.pl\/","name":"Przedszkole im. Ksi\u0119cia Przemys\u0142awa 161","description":"","potentialAction":[{"@type":"SearchAction","target":{"@type":"EntryPoint","urlTemplate":"https:\/\/www.przedszkole161.pl\/?s={search_term_string}"},"query-input":{"@type":"PropertyValueSpecification","valueRequired":true,"valueName":"search_term_string"}}],"inLanguage":"pl-PL"},{"@type":"Person","@id":"https:\/\/www.przedszkole161.pl\/#\/schema\/person\/673325371d681555a8b67c870d21faac","name":"Magda Dulemba","image":{"@type":"ImageObject","inLanguage":"pl-PL","@id":"https:\/\/secure.gravatar.com\/avatar\/f6f4cc73208d68c67fc19e1f80620e23d66ef2a923cb26a6d726fbc6a55bbcbc?s=96&d=mm&r=g","url":"https:\/\/secure.gravatar.com\/avatar\/f6f4cc73208d68c67fc19e1f80620e23d66ef2a923cb26a6d726fbc6a55bbcbc?s=96&d=mm&r=g","contentUrl":"https:\/\/secure.gravatar.com\/avatar\/f6f4cc73208d68c67fc19e1f80620e23d66ef2a923cb26a6d726fbc6a55bbcbc?s=96&d=mm&r=g","caption":"Magda Dulemba"},"url":"https:\/\/ple161.poznan.pl\/?author=2"}]}},"_links":{"self":[{"href":"https:\/\/ple161.poznan.pl\/index.php?rest_route=\/wp\/v2\/posts\/10661","targetHints":{"allow":["GET"]}}],"collection":[{"href":"https:\/\/ple161.poznan.pl\/index.php?rest_route=\/wp\/v2\/posts"}],"about":[{"href":"https:\/\/ple161.poznan.pl\/index.php?rest_route=\/wp\/v2\/types\/post"}],"author":[{"embeddable":true,"href":"https:\/\/ple161.poznan.pl\/index.php?rest_route=\/wp\/v2\/users\/2"}],"replies":[{"embeddable":true,"href":"https:\/\/ple161.poznan.pl\/index.php?rest_route=%2Fwp%2Fv2%2Fcomments&post=10661"}],"version-history":[{"count":1,"href":"https:\/\/ple161.poznan.pl\/index.php?rest_route=\/wp\/v2\/posts\/10661\/revisions"}],"predecessor-version":[{"id":10667,"href":"https:\/\/ple161.poznan.pl\/index.php?rest_route=\/wp\/v2\/posts\/10661\/revisions\/10667"}],"wp:featuredmedia":[{"embeddable":true,"href":"https:\/\/ple161.poznan.pl\/index.php?rest_route=\/wp\/v2\/media\/6548"}],"wp:attachment":[{"href":"https:\/\/ple161.poznan.pl\/index.php?rest_route=%2Fwp%2Fv2%2Fmedia&parent=10661"}],"wp:term":[{"taxonomy":"category","embeddable":true,"href":"https:\/\/ple161.poznan.pl\/index.php?rest_route=%2Fwp%2Fv2%2Fcategories&post=10661"},{"taxonomy":"post_tag","embeddable":true,"href":"https:\/\/ple161.poznan.pl\/index.php?rest_route=%2Fwp%2Fv2%2Ftags&post=10661"}],"curies":[{"name":"wp","href":"https:\/\/api.w.org\/{rel}","templated":true}]}}