{"id":10619,"date":"2025-06-10T22:35:24","date_gmt":"2025-06-10T21:35:24","guid":{"rendered":"https:\/\/ple161.poznan.pl\/?p=10619"},"modified":"2025-06-10T22:36:18","modified_gmt":"2025-06-10T21:36:18","slug":"wycieczka-do-kluczewa","status":"publish","type":"post","link":"https:\/\/ple161.poznan.pl\/?p=10619","title":{"rendered":"Wycieczka do Kluczewa"},"content":{"rendered":"<p data-start=\"244\" data-end=\"508\">5 czerwca nasze przedszkolaki wybra\u0142y si\u0119 na pe\u0142n\u0105 przyg\u00f3d wycieczk\u0119 autokarow\u0105 do gospodarstwa agroturystycznego w Kluczewie. Celem naszej wyprawy by\u0142o poznanie \u017cycia na wsi, kontakt ze zwierz\u0119tami, poznanie zawodu kowala oraz wsp\u00f3lna zabawa na \u015bwie\u017cym powietrzu.<\/p>\n<p data-start=\"510\" data-end=\"837\">Ju\u017c po przyje\u017adzie przywita\u0142 nas serdeczna gospodarz, kt\u00f3ry\u00a0 oprowadzi\u0142 nas po ca\u0142ym gospodarstwie. Przedszkolaki mia\u0142y okazj\u0119 zobaczy\u0107, a nawet pog\u0142aska\u0107 zwierz\u0119ta gospodarskie, takie jak kozy, owce, kr\u00f3liki a tak\u017ce krowy. Dzieci z zachwytem obserwowa\u0142y, jak wygl\u0105da codzienne karmienie i piel\u0119gnacja zwierz\u0105t.<\/p>\n<p data-start=\"839\" data-end=\"1098\">Kolejnym punktem programu by\u0142y warsztaty edukacyjne, podczas kt\u00f3rych dzieci dowiedzia\u0142y si\u0119, jak powstaje mas\u0142o.<\/p>\n<p data-start=\"1100\" data-end=\"1328\">Po warsztatach przyszed\u0142 czas na przeja\u017cd\u017ck\u0119 traktorem z przyczep\u0105. Nast\u0119pnie z apetytem zjedli\u015bmy kie\u0142baski\u00a0 przygotowane przez gospodyni\u0119 i z now\u0105 energi\u0105 oddali\u015bmy\u00a0 si\u0119 zabawie \u2014 nie brakowa\u0142o biegania po \u0142\u0105ce oraz atrakcji na placu zabaw.<\/p>\n<p data-start=\"1494\" data-end=\"1708\">Wycieczka do Kluczewa by\u0142a niezapomnianym prze\u017cyciem. Dzieci wr\u00f3ci\u0142y pe\u0142ne wra\u017ce\u0144, nowych do\u015bwiadcze\u0144 i z u\u015bmiechami na twarzy. To by\u0142a wspania\u0142a lekcja przyrody i tradycji, kt\u00f3ra na d\u0142ugo pozostanie w ich pami\u0119ci.<\/p>\n","protected":false},"excerpt":{"rendered":"<p>5 czerwca nasze przedszkolaki wybra\u0142y si\u0119 na pe\u0142n\u0105 przyg\u00f3d wycieczk\u0119 autokarow\u0105 do gospodarstwa agroturystycznego w Kluczewie. Celem naszej wyprawy by\u0142o poznanie \u017cycia na wsi, kontakt ze zwierz\u0119tami, poznanie zawodu kowala oraz wsp\u00f3lna zabawa na \u015bwie\u017cym powietrzu. Ju\u017c po przyje\u017adzie przywita\u0142 nas serdeczna gospodarz, kt\u00f3ry\u00a0 oprowadzi\u0142 nas po ca\u0142ym gospodarstwie. Przedszkolaki mia\u0142y okazj\u0119 zobaczy\u0107, a nawet [&hellip;]<\/p>\n","protected":false},"author":2,"featured_media":10620,"comment_status":"closed","ping_status":"closed","sticky":false,"template":"","format":"standard","meta":{"ngg_post_thumbnail":0,"footnotes":""},"categories":[4,1],"tags":[],"class_list":["post-10619","post","type-post","status-publish","format-standard","has-post-thumbnail","hentry","category-aktualnosci","category-wydarzenia"],"yoast_head":"<!-- This site is optimized with the Yoast SEO plugin v27.4 - https:\/\/yoast.com\/product\/yoast-seo-wordpress\/ -->\n<title>Wycieczka do Kluczewa - Przedszkole im. Ksi\u0119cia Przemys\u0142awa<\/title>\n<meta name=\"robots\" content=\"noindex, follow\" \/>\n<meta property=\"og:locale\" content=\"pl_PL\" \/>\n<meta property=\"og:type\" content=\"article\" \/>\n<meta property=\"og:title\" content=\"Wycieczka do Kluczewa - Przedszkole im. Ksi\u0119cia Przemys\u0142awa\" \/>\n<meta property=\"og:description\" content=\"5 czerwca nasze przedszkolaki wybra\u0142y si\u0119 na pe\u0142n\u0105 przyg\u00f3d wycieczk\u0119 autokarow\u0105 do gospodarstwa agroturystycznego w Kluczewie. Celem naszej wyprawy by\u0142o poznanie \u017cycia na wsi, kontakt ze zwierz\u0119tami, poznanie zawodu kowala oraz wsp\u00f3lna zabawa na \u015bwie\u017cym powietrzu. Ju\u017c po przyje\u017adzie przywita\u0142 nas serdeczna gospodarz, kt\u00f3ry\u00a0 oprowadzi\u0142 nas po ca\u0142ym gospodarstwie. Przedszkolaki mia\u0142y okazj\u0119 zobaczy\u0107, a nawet [&hellip;]\" \/>\n<meta property=\"og:url\" content=\"https:\/\/ple161.poznan.pl\/?p=10619\" \/>\n<meta property=\"og:site_name\" content=\"Przedszkole im. Ksi\u0119cia Przemys\u0142awa\" \/>\n<meta property=\"article:published_time\" content=\"2025-06-10T21:35:24+00:00\" \/>\n<meta property=\"article:modified_time\" content=\"2025-06-10T21:36:18+00:00\" \/>\n<meta property=\"og:image\" content=\"https:\/\/ple161.poznan.pl\/wp-content\/uploads\/2025\/06\/image.png\" \/>\n\t<meta property=\"og:image:width\" content=\"148\" \/>\n\t<meta property=\"og:image:height\" content=\"320\" \/>\n\t<meta property=\"og:image:type\" content=\"image\/png\" \/>\n<meta name=\"author\" content=\"Magda Dulemba\" \/>\n<meta name=\"twitter:card\" content=\"summary_large_image\" \/>\n<meta name=\"twitter:label1\" content=\"Napisane przez\" \/>\n\t<meta name=\"twitter:data1\" content=\"Magda Dulemba\" \/>\n\t<meta name=\"twitter:label2\" content=\"Szacowany czas czytania\" \/>\n\t<meta name=\"twitter:data2\" content=\"2 minuty\" \/>\n<script type=\"application\/ld+json\" class=\"yoast-schema-graph\">{\"@context\":\"https:\\\/\\\/schema.org\",\"@graph\":[{\"@type\":\"Article\",\"@id\":\"https:\\\/\\\/ple161.poznan.pl\\\/?p=10619#article\",\"isPartOf\":{\"@id\":\"https:\\\/\\\/ple161.poznan.pl\\\/?p=10619\"},\"author\":{\"name\":\"Magda Dulemba\",\"@id\":\"https:\\\/\\\/www.przedszkole161.pl\\\/#\\\/schema\\\/person\\\/673325371d681555a8b67c870d21faac\"},\"headline\":\"Wycieczka do Kluczewa\",\"datePublished\":\"2025-06-10T21:35:24+00:00\",\"dateModified\":\"2025-06-10T21:36:18+00:00\",\"mainEntityOfPage\":{\"@id\":\"https:\\\/\\\/ple161.poznan.pl\\\/?p=10619\"},\"wordCount\":201,\"image\":{\"@id\":\"https:\\\/\\\/ple161.poznan.pl\\\/?p=10619#primaryimage\"},\"thumbnailUrl\":\"https:\\\/\\\/ple161.poznan.pl\\\/wp-content\\\/uploads\\\/2025\\\/06\\\/image.png\",\"articleSection\":[\"Aktualno\u015bci\",\"Wydarzenia\"],\"inLanguage\":\"pl-PL\"},{\"@type\":\"WebPage\",\"@id\":\"https:\\\/\\\/ple161.poznan.pl\\\/?p=10619\",\"url\":\"https:\\\/\\\/ple161.poznan.pl\\\/?p=10619\",\"name\":\"Wycieczka do Kluczewa - Przedszkole im. Ksi\u0119cia Przemys\u0142awa\",\"isPartOf\":{\"@id\":\"https:\\\/\\\/www.przedszkole161.pl\\\/#website\"},\"primaryImageOfPage\":{\"@id\":\"https:\\\/\\\/ple161.poznan.pl\\\/?p=10619#primaryimage\"},\"image\":{\"@id\":\"https:\\\/\\\/ple161.poznan.pl\\\/?p=10619#primaryimage\"},\"thumbnailUrl\":\"https:\\\/\\\/ple161.poznan.pl\\\/wp-content\\\/uploads\\\/2025\\\/06\\\/image.png\",\"datePublished\":\"2025-06-10T21:35:24+00:00\",\"dateModified\":\"2025-06-10T21:36:18+00:00\",\"author\":{\"@id\":\"https:\\\/\\\/www.przedszkole161.pl\\\/#\\\/schema\\\/person\\\/673325371d681555a8b67c870d21faac\"},\"breadcrumb\":{\"@id\":\"https:\\\/\\\/ple161.poznan.pl\\\/?p=10619#breadcrumb\"},\"inLanguage\":\"pl-PL\",\"potentialAction\":[{\"@type\":\"ReadAction\",\"target\":[\"https:\\\/\\\/ple161.poznan.pl\\\/?p=10619\"]}]},{\"@type\":\"ImageObject\",\"inLanguage\":\"pl-PL\",\"@id\":\"https:\\\/\\\/ple161.poznan.pl\\\/?p=10619#primaryimage\",\"url\":\"https:\\\/\\\/ple161.poznan.pl\\\/wp-content\\\/uploads\\\/2025\\\/06\\\/image.png\",\"contentUrl\":\"https:\\\/\\\/ple161.poznan.pl\\\/wp-content\\\/uploads\\\/2025\\\/06\\\/image.png\",\"width\":148,\"height\":320},{\"@type\":\"BreadcrumbList\",\"@id\":\"https:\\\/\\\/ple161.poznan.pl\\\/?p=10619#breadcrumb\",\"itemListElement\":[{\"@type\":\"ListItem\",\"position\":1,\"name\":\"Strona g\u0142\u00f3wna\",\"item\":\"https:\\\/\\\/www.przedszkole161.pl\\\/\"},{\"@type\":\"ListItem\",\"position\":2,\"name\":\"Wycieczka do Kluczewa\"}]},{\"@type\":\"WebSite\",\"@id\":\"https:\\\/\\\/www.przedszkole161.pl\\\/#website\",\"url\":\"https:\\\/\\\/www.przedszkole161.pl\\\/\",\"name\":\"Przedszkole im. Ksi\u0119cia Przemys\u0142awa 161\",\"description\":\"\",\"potentialAction\":[{\"@type\":\"SearchAction\",\"target\":{\"@type\":\"EntryPoint\",\"urlTemplate\":\"https:\\\/\\\/www.przedszkole161.pl\\\/?s={search_term_string}\"},\"query-input\":{\"@type\":\"PropertyValueSpecification\",\"valueRequired\":true,\"valueName\":\"search_term_string\"}}],\"inLanguage\":\"pl-PL\"},{\"@type\":\"Person\",\"@id\":\"https:\\\/\\\/www.przedszkole161.pl\\\/#\\\/schema\\\/person\\\/673325371d681555a8b67c870d21faac\",\"name\":\"Magda Dulemba\",\"image\":{\"@type\":\"ImageObject\",\"inLanguage\":\"pl-PL\",\"@id\":\"https:\\\/\\\/secure.gravatar.com\\\/avatar\\\/f6f4cc73208d68c67fc19e1f80620e23d66ef2a923cb26a6d726fbc6a55bbcbc?s=96&d=mm&r=g\",\"url\":\"https:\\\/\\\/secure.gravatar.com\\\/avatar\\\/f6f4cc73208d68c67fc19e1f80620e23d66ef2a923cb26a6d726fbc6a55bbcbc?s=96&d=mm&r=g\",\"contentUrl\":\"https:\\\/\\\/secure.gravatar.com\\\/avatar\\\/f6f4cc73208d68c67fc19e1f80620e23d66ef2a923cb26a6d726fbc6a55bbcbc?s=96&d=mm&r=g\",\"caption\":\"Magda Dulemba\"},\"url\":\"https:\\\/\\\/ple161.poznan.pl\\\/?author=2\"}]}<\/script>\n<!-- \/ Yoast SEO plugin. -->","yoast_head_json":{"title":"Wycieczka do Kluczewa - Przedszkole im. Ksi\u0119cia Przemys\u0142awa","robots":{"index":"noindex","follow":"follow"},"og_locale":"pl_PL","og_type":"article","og_title":"Wycieczka do Kluczewa - Przedszkole im. Ksi\u0119cia Przemys\u0142awa","og_description":"5 czerwca nasze przedszkolaki wybra\u0142y si\u0119 na pe\u0142n\u0105 przyg\u00f3d wycieczk\u0119 autokarow\u0105 do gospodarstwa agroturystycznego w Kluczewie. Celem naszej wyprawy by\u0142o poznanie \u017cycia na wsi, kontakt ze zwierz\u0119tami, poznanie zawodu kowala oraz wsp\u00f3lna zabawa na \u015bwie\u017cym powietrzu. Ju\u017c po przyje\u017adzie przywita\u0142 nas serdeczna gospodarz, kt\u00f3ry\u00a0 oprowadzi\u0142 nas po ca\u0142ym gospodarstwie. Przedszkolaki mia\u0142y okazj\u0119 zobaczy\u0107, a nawet [&hellip;]","og_url":"https:\/\/ple161.poznan.pl\/?p=10619","og_site_name":"Przedszkole im. Ksi\u0119cia Przemys\u0142awa","article_published_time":"2025-06-10T21:35:24+00:00","article_modified_time":"2025-06-10T21:36:18+00:00","og_image":[{"width":148,"height":320,"url":"https:\/\/ple161.poznan.pl\/wp-content\/uploads\/2025\/06\/image.png","type":"image\/png"}],"author":"Magda Dulemba","twitter_card":"summary_large_image","twitter_misc":{"Napisane przez":"Magda Dulemba","Szacowany czas czytania":"2 minuty"},"schema":{"@context":"https:\/\/schema.org","@graph":[{"@type":"Article","@id":"https:\/\/ple161.poznan.pl\/?p=10619#article","isPartOf":{"@id":"https:\/\/ple161.poznan.pl\/?p=10619"},"author":{"name":"Magda Dulemba","@id":"https:\/\/www.przedszkole161.pl\/#\/schema\/person\/673325371d681555a8b67c870d21faac"},"headline":"Wycieczka do Kluczewa","datePublished":"2025-06-10T21:35:24+00:00","dateModified":"2025-06-10T21:36:18+00:00","mainEntityOfPage":{"@id":"https:\/\/ple161.poznan.pl\/?p=10619"},"wordCount":201,"image":{"@id":"https:\/\/ple161.poznan.pl\/?p=10619#primaryimage"},"thumbnailUrl":"https:\/\/ple161.poznan.pl\/wp-content\/uploads\/2025\/06\/image.png","articleSection":["Aktualno\u015bci","Wydarzenia"],"inLanguage":"pl-PL"},{"@type":"WebPage","@id":"https:\/\/ple161.poznan.pl\/?p=10619","url":"https:\/\/ple161.poznan.pl\/?p=10619","name":"Wycieczka do Kluczewa - Przedszkole im. Ksi\u0119cia Przemys\u0142awa","isPartOf":{"@id":"https:\/\/www.przedszkole161.pl\/#website"},"primaryImageOfPage":{"@id":"https:\/\/ple161.poznan.pl\/?p=10619#primaryimage"},"image":{"@id":"https:\/\/ple161.poznan.pl\/?p=10619#primaryimage"},"thumbnailUrl":"https:\/\/ple161.poznan.pl\/wp-content\/uploads\/2025\/06\/image.png","datePublished":"2025-06-10T21:35:24+00:00","dateModified":"2025-06-10T21:36:18+00:00","author":{"@id":"https:\/\/www.przedszkole161.pl\/#\/schema\/person\/673325371d681555a8b67c870d21faac"},"breadcrumb":{"@id":"https:\/\/ple161.poznan.pl\/?p=10619#breadcrumb"},"inLanguage":"pl-PL","potentialAction":[{"@type":"ReadAction","target":["https:\/\/ple161.poznan.pl\/?p=10619"]}]},{"@type":"ImageObject","inLanguage":"pl-PL","@id":"https:\/\/ple161.poznan.pl\/?p=10619#primaryimage","url":"https:\/\/ple161.poznan.pl\/wp-content\/uploads\/2025\/06\/image.png","contentUrl":"https:\/\/ple161.poznan.pl\/wp-content\/uploads\/2025\/06\/image.png","width":148,"height":320},{"@type":"BreadcrumbList","@id":"https:\/\/ple161.poznan.pl\/?p=10619#breadcrumb","itemListElement":[{"@type":"ListItem","position":1,"name":"Strona g\u0142\u00f3wna","item":"https:\/\/www.przedszkole161.pl\/"},{"@type":"ListItem","position":2,"name":"Wycieczka do Kluczewa"}]},{"@type":"WebSite","@id":"https:\/\/www.przedszkole161.pl\/#website","url":"https:\/\/www.przedszkole161.pl\/","name":"Przedszkole im. Ksi\u0119cia Przemys\u0142awa 161","description":"","potentialAction":[{"@type":"SearchAction","target":{"@type":"EntryPoint","urlTemplate":"https:\/\/www.przedszkole161.pl\/?s={search_term_string}"},"query-input":{"@type":"PropertyValueSpecification","valueRequired":true,"valueName":"search_term_string"}}],"inLanguage":"pl-PL"},{"@type":"Person","@id":"https:\/\/www.przedszkole161.pl\/#\/schema\/person\/673325371d681555a8b67c870d21faac","name":"Magda Dulemba","image":{"@type":"ImageObject","inLanguage":"pl-PL","@id":"https:\/\/secure.gravatar.com\/avatar\/f6f4cc73208d68c67fc19e1f80620e23d66ef2a923cb26a6d726fbc6a55bbcbc?s=96&d=mm&r=g","url":"https:\/\/secure.gravatar.com\/avatar\/f6f4cc73208d68c67fc19e1f80620e23d66ef2a923cb26a6d726fbc6a55bbcbc?s=96&d=mm&r=g","contentUrl":"https:\/\/secure.gravatar.com\/avatar\/f6f4cc73208d68c67fc19e1f80620e23d66ef2a923cb26a6d726fbc6a55bbcbc?s=96&d=mm&r=g","caption":"Magda Dulemba"},"url":"https:\/\/ple161.poznan.pl\/?author=2"}]}},"_links":{"self":[{"href":"https:\/\/ple161.poznan.pl\/index.php?rest_route=\/wp\/v2\/posts\/10619","targetHints":{"allow":["GET"]}}],"collection":[{"href":"https:\/\/ple161.poznan.pl\/index.php?rest_route=\/wp\/v2\/posts"}],"about":[{"href":"https:\/\/ple161.poznan.pl\/index.php?rest_route=\/wp\/v2\/types\/post"}],"author":[{"embeddable":true,"href":"https:\/\/ple161.poznan.pl\/index.php?rest_route=\/wp\/v2\/users\/2"}],"replies":[{"embeddable":true,"href":"https:\/\/ple161.poznan.pl\/index.php?rest_route=%2Fwp%2Fv2%2Fcomments&post=10619"}],"version-history":[{"count":2,"href":"https:\/\/ple161.poznan.pl\/index.php?rest_route=\/wp\/v2\/posts\/10619\/revisions"}],"predecessor-version":[{"id":10622,"href":"https:\/\/ple161.poznan.pl\/index.php?rest_route=\/wp\/v2\/posts\/10619\/revisions\/10622"}],"wp:featuredmedia":[{"embeddable":true,"href":"https:\/\/ple161.poznan.pl\/index.php?rest_route=\/wp\/v2\/media\/10620"}],"wp:attachment":[{"href":"https:\/\/ple161.poznan.pl\/index.php?rest_route=%2Fwp%2Fv2%2Fmedia&parent=10619"}],"wp:term":[{"taxonomy":"category","embeddable":true,"href":"https:\/\/ple161.poznan.pl\/index.php?rest_route=%2Fwp%2Fv2%2Fcategories&post=10619"},{"taxonomy":"post_tag","embeddable":true,"href":"https:\/\/ple161.poznan.pl\/index.php?rest_route=%2Fwp%2Fv2%2Ftags&post=10619"}],"curies":[{"name":"wp","href":"https:\/\/api.w.org\/{rel}","templated":true}]}}