{"id":10516,"date":"2025-06-02T08:03:18","date_gmt":"2025-06-02T07:03:18","guid":{"rendered":"https:\/\/ple161.poznan.pl\/?p=10516"},"modified":"2025-06-02T08:03:18","modified_gmt":"2025-06-02T07:03:18","slug":"wydarzenia-w-czerwcu-3","status":"publish","type":"post","link":"https:\/\/ple161.poznan.pl\/?p=10516","title":{"rendered":"Wydarzenia w czerwcu"},"content":{"rendered":"<table width=\"0\">\n<tbody>\n<tr>\n<td width=\"514\">Warsztaty mydlarskie &#8211; gr. II<\/td>\n<td width=\"203\">3.06.2025<\/td>\n<\/tr>\n<tr>\n<td width=\"514\">Dzie\u0144 Dziecka &#8211; zabawy sportowe w ogr\u00f3dku przedszkolnym<\/td>\n<td width=\"203\">4.06.2025<\/td>\n<\/tr>\n<tr>\n<td width=\"514\">Wycieczka autokarowa do Chaty u Kowala w Kluczewie<\/td>\n<td width=\"203\">&nbsp;<\/p>\n<p>5.06.2025<\/p>\n<p>&nbsp;<\/td>\n<\/tr>\n<tr>\n<td width=\"514\">Eko-lekcje w ogrodzie przedszkolnym grupa V<\/td>\n<td width=\"203\">06.06.25<\/p>\n<p>godz. 9.00<\/td>\n<\/tr>\n<tr>\n<td width=\"514\">Uroczyste zako\u0144czenie roku szkolnego 2024\/2025 w Orlim Gnie\u017adzie<\/td>\n<td width=\"203\">12.06.2025<\/p>\n<p>godz. 10:00<\/p>\n<p>&nbsp;<\/td>\n<\/tr>\n<tr>\n<td width=\"514\">\u017bywe lekcje przyrody &#8211; Owady<\/td>\n<td width=\"203\">13.06.2025<\/td>\n<\/tr>\n<tr>\n<td width=\"514\">Zaj\u0119cia sensoryczne<\/td>\n<td width=\"203\">24.06.2025<\/td>\n<\/tr>\n<tr>\n<td width=\"514\">Powitanie lata<\/td>\n<td width=\"203\">29.06.2025<\/td>\n<\/tr>\n<\/tbody>\n<\/table>\n","protected":false},"excerpt":{"rendered":"<p>Warsztaty mydlarskie &#8211; gr. II 3.06.2025 Dzie\u0144 Dziecka &#8211; zabawy sportowe w ogr\u00f3dku przedszkolnym 4.06.2025 Wycieczka autokarowa do Chaty u Kowala w Kluczewie &nbsp; 5.06.2025 &nbsp; Eko-lekcje w ogrodzie przedszkolnym grupa V 06.06.25 godz. 9.00 Uroczyste zako\u0144czenie roku szkolnego 2024\/2025 w Orlim Gnie\u017adzie 12.06.2025 godz. 10:00 &nbsp; \u017bywe lekcje przyrody &#8211; Owady 13.06.2025 Zaj\u0119cia sensoryczne [&hellip;]<\/p>\n","protected":false},"author":2,"featured_media":290,"comment_status":"closed","ping_status":"closed","sticky":false,"template":"","format":"standard","meta":{"ngg_post_thumbnail":0,"footnotes":""},"categories":[4,1],"tags":[],"class_list":["post-10516","post","type-post","status-publish","format-standard","has-post-thumbnail","hentry","category-aktualnosci","category-wydarzenia"],"yoast_head":"<!-- This site is optimized with the Yoast SEO plugin v27.4 - https:\/\/yoast.com\/product\/yoast-seo-wordpress\/ -->\n<title>Wydarzenia w czerwcu - Przedszkole im. Ksi\u0119cia Przemys\u0142awa<\/title>\n<meta name=\"robots\" content=\"noindex, follow\" \/>\n<meta property=\"og:locale\" content=\"pl_PL\" \/>\n<meta property=\"og:type\" content=\"article\" \/>\n<meta property=\"og:title\" content=\"Wydarzenia w czerwcu - Przedszkole im. Ksi\u0119cia Przemys\u0142awa\" \/>\n<meta property=\"og:description\" content=\"Warsztaty mydlarskie &#8211; gr. II 3.06.2025 Dzie\u0144 Dziecka &#8211; zabawy sportowe w ogr\u00f3dku przedszkolnym 4.06.2025 Wycieczka autokarowa do Chaty u Kowala w Kluczewie &nbsp; 5.06.2025 &nbsp; Eko-lekcje w ogrodzie przedszkolnym grupa V 06.06.25 godz. 9.00 Uroczyste zako\u0144czenie roku szkolnego 2024\/2025 w Orlim Gnie\u017adzie 12.06.2025 godz. 10:00 &nbsp; \u017bywe lekcje przyrody &#8211; Owady 13.06.2025 Zaj\u0119cia sensoryczne [&hellip;]\" \/>\n<meta property=\"og:url\" content=\"https:\/\/ple161.poznan.pl\/?p=10516\" \/>\n<meta property=\"og:site_name\" content=\"Przedszkole im. Ksi\u0119cia Przemys\u0142awa\" \/>\n<meta property=\"article:published_time\" content=\"2025-06-02T07:03:18+00:00\" \/>\n<meta property=\"og:image\" content=\"https:\/\/ple161.poznan.pl\/wp-content\/uploads\/2013\/03\/slonce.jpg\" \/>\n\t<meta property=\"og:image:width\" content=\"454\" \/>\n\t<meta property=\"og:image:height\" content=\"454\" \/>\n\t<meta property=\"og:image:type\" content=\"image\/jpeg\" \/>\n<meta name=\"author\" content=\"Magda Dulemba\" \/>\n<meta name=\"twitter:card\" content=\"summary_large_image\" \/>\n<meta name=\"twitter:label1\" content=\"Napisane przez\" \/>\n\t<meta name=\"twitter:data1\" content=\"Magda Dulemba\" \/>\n\t<meta name=\"twitter:label2\" content=\"Szacowany czas czytania\" \/>\n\t<meta name=\"twitter:data2\" content=\"1 minuta\" \/>\n<script type=\"application\/ld+json\" class=\"yoast-schema-graph\">{\"@context\":\"https:\\\/\\\/schema.org\",\"@graph\":[{\"@type\":\"Article\",\"@id\":\"https:\\\/\\\/ple161.poznan.pl\\\/?p=10516#article\",\"isPartOf\":{\"@id\":\"https:\\\/\\\/ple161.poznan.pl\\\/?p=10516\"},\"author\":{\"name\":\"Magda Dulemba\",\"@id\":\"https:\\\/\\\/www.przedszkole161.pl\\\/#\\\/schema\\\/person\\\/673325371d681555a8b67c870d21faac\"},\"headline\":\"Wydarzenia w czerwcu\",\"datePublished\":\"2025-06-02T07:03:18+00:00\",\"mainEntityOfPage\":{\"@id\":\"https:\\\/\\\/ple161.poznan.pl\\\/?p=10516\"},\"wordCount\":55,\"image\":{\"@id\":\"https:\\\/\\\/ple161.poznan.pl\\\/?p=10516#primaryimage\"},\"thumbnailUrl\":\"https:\\\/\\\/ple161.poznan.pl\\\/wp-content\\\/uploads\\\/2013\\\/03\\\/slonce.jpg\",\"articleSection\":[\"Aktualno\u015bci\",\"Wydarzenia\"],\"inLanguage\":\"pl-PL\"},{\"@type\":\"WebPage\",\"@id\":\"https:\\\/\\\/ple161.poznan.pl\\\/?p=10516\",\"url\":\"https:\\\/\\\/ple161.poznan.pl\\\/?p=10516\",\"name\":\"Wydarzenia w czerwcu - Przedszkole im. Ksi\u0119cia Przemys\u0142awa\",\"isPartOf\":{\"@id\":\"https:\\\/\\\/www.przedszkole161.pl\\\/#website\"},\"primaryImageOfPage\":{\"@id\":\"https:\\\/\\\/ple161.poznan.pl\\\/?p=10516#primaryimage\"},\"image\":{\"@id\":\"https:\\\/\\\/ple161.poznan.pl\\\/?p=10516#primaryimage\"},\"thumbnailUrl\":\"https:\\\/\\\/ple161.poznan.pl\\\/wp-content\\\/uploads\\\/2013\\\/03\\\/slonce.jpg\",\"datePublished\":\"2025-06-02T07:03:18+00:00\",\"author\":{\"@id\":\"https:\\\/\\\/www.przedszkole161.pl\\\/#\\\/schema\\\/person\\\/673325371d681555a8b67c870d21faac\"},\"breadcrumb\":{\"@id\":\"https:\\\/\\\/ple161.poznan.pl\\\/?p=10516#breadcrumb\"},\"inLanguage\":\"pl-PL\",\"potentialAction\":[{\"@type\":\"ReadAction\",\"target\":[\"https:\\\/\\\/ple161.poznan.pl\\\/?p=10516\"]}]},{\"@type\":\"ImageObject\",\"inLanguage\":\"pl-PL\",\"@id\":\"https:\\\/\\\/ple161.poznan.pl\\\/?p=10516#primaryimage\",\"url\":\"https:\\\/\\\/ple161.poznan.pl\\\/wp-content\\\/uploads\\\/2013\\\/03\\\/slonce.jpg\",\"contentUrl\":\"https:\\\/\\\/ple161.poznan.pl\\\/wp-content\\\/uploads\\\/2013\\\/03\\\/slonce.jpg\",\"width\":454,\"height\":454},{\"@type\":\"BreadcrumbList\",\"@id\":\"https:\\\/\\\/ple161.poznan.pl\\\/?p=10516#breadcrumb\",\"itemListElement\":[{\"@type\":\"ListItem\",\"position\":1,\"name\":\"Strona g\u0142\u00f3wna\",\"item\":\"https:\\\/\\\/www.przedszkole161.pl\\\/\"},{\"@type\":\"ListItem\",\"position\":2,\"name\":\"Wydarzenia w czerwcu\"}]},{\"@type\":\"WebSite\",\"@id\":\"https:\\\/\\\/www.przedszkole161.pl\\\/#website\",\"url\":\"https:\\\/\\\/www.przedszkole161.pl\\\/\",\"name\":\"Przedszkole im. Ksi\u0119cia Przemys\u0142awa 161\",\"description\":\"\",\"potentialAction\":[{\"@type\":\"SearchAction\",\"target\":{\"@type\":\"EntryPoint\",\"urlTemplate\":\"https:\\\/\\\/www.przedszkole161.pl\\\/?s={search_term_string}\"},\"query-input\":{\"@type\":\"PropertyValueSpecification\",\"valueRequired\":true,\"valueName\":\"search_term_string\"}}],\"inLanguage\":\"pl-PL\"},{\"@type\":\"Person\",\"@id\":\"https:\\\/\\\/www.przedszkole161.pl\\\/#\\\/schema\\\/person\\\/673325371d681555a8b67c870d21faac\",\"name\":\"Magda Dulemba\",\"image\":{\"@type\":\"ImageObject\",\"inLanguage\":\"pl-PL\",\"@id\":\"https:\\\/\\\/secure.gravatar.com\\\/avatar\\\/f6f4cc73208d68c67fc19e1f80620e23d66ef2a923cb26a6d726fbc6a55bbcbc?s=96&d=mm&r=g\",\"url\":\"https:\\\/\\\/secure.gravatar.com\\\/avatar\\\/f6f4cc73208d68c67fc19e1f80620e23d66ef2a923cb26a6d726fbc6a55bbcbc?s=96&d=mm&r=g\",\"contentUrl\":\"https:\\\/\\\/secure.gravatar.com\\\/avatar\\\/f6f4cc73208d68c67fc19e1f80620e23d66ef2a923cb26a6d726fbc6a55bbcbc?s=96&d=mm&r=g\",\"caption\":\"Magda Dulemba\"},\"url\":\"https:\\\/\\\/ple161.poznan.pl\\\/?author=2\"}]}<\/script>\n<!-- \/ Yoast SEO plugin. -->","yoast_head_json":{"title":"Wydarzenia w czerwcu - Przedszkole im. Ksi\u0119cia Przemys\u0142awa","robots":{"index":"noindex","follow":"follow"},"og_locale":"pl_PL","og_type":"article","og_title":"Wydarzenia w czerwcu - Przedszkole im. Ksi\u0119cia Przemys\u0142awa","og_description":"Warsztaty mydlarskie &#8211; gr. II 3.06.2025 Dzie\u0144 Dziecka &#8211; zabawy sportowe w ogr\u00f3dku przedszkolnym 4.06.2025 Wycieczka autokarowa do Chaty u Kowala w Kluczewie &nbsp; 5.06.2025 &nbsp; Eko-lekcje w ogrodzie przedszkolnym grupa V 06.06.25 godz. 9.00 Uroczyste zako\u0144czenie roku szkolnego 2024\/2025 w Orlim Gnie\u017adzie 12.06.2025 godz. 10:00 &nbsp; \u017bywe lekcje przyrody &#8211; Owady 13.06.2025 Zaj\u0119cia sensoryczne [&hellip;]","og_url":"https:\/\/ple161.poznan.pl\/?p=10516","og_site_name":"Przedszkole im. Ksi\u0119cia Przemys\u0142awa","article_published_time":"2025-06-02T07:03:18+00:00","og_image":[{"width":454,"height":454,"url":"https:\/\/ple161.poznan.pl\/wp-content\/uploads\/2013\/03\/slonce.jpg","type":"image\/jpeg"}],"author":"Magda Dulemba","twitter_card":"summary_large_image","twitter_misc":{"Napisane przez":"Magda Dulemba","Szacowany czas czytania":"1 minuta"},"schema":{"@context":"https:\/\/schema.org","@graph":[{"@type":"Article","@id":"https:\/\/ple161.poznan.pl\/?p=10516#article","isPartOf":{"@id":"https:\/\/ple161.poznan.pl\/?p=10516"},"author":{"name":"Magda Dulemba","@id":"https:\/\/www.przedszkole161.pl\/#\/schema\/person\/673325371d681555a8b67c870d21faac"},"headline":"Wydarzenia w czerwcu","datePublished":"2025-06-02T07:03:18+00:00","mainEntityOfPage":{"@id":"https:\/\/ple161.poznan.pl\/?p=10516"},"wordCount":55,"image":{"@id":"https:\/\/ple161.poznan.pl\/?p=10516#primaryimage"},"thumbnailUrl":"https:\/\/ple161.poznan.pl\/wp-content\/uploads\/2013\/03\/slonce.jpg","articleSection":["Aktualno\u015bci","Wydarzenia"],"inLanguage":"pl-PL"},{"@type":"WebPage","@id":"https:\/\/ple161.poznan.pl\/?p=10516","url":"https:\/\/ple161.poznan.pl\/?p=10516","name":"Wydarzenia w czerwcu - Przedszkole im. Ksi\u0119cia Przemys\u0142awa","isPartOf":{"@id":"https:\/\/www.przedszkole161.pl\/#website"},"primaryImageOfPage":{"@id":"https:\/\/ple161.poznan.pl\/?p=10516#primaryimage"},"image":{"@id":"https:\/\/ple161.poznan.pl\/?p=10516#primaryimage"},"thumbnailUrl":"https:\/\/ple161.poznan.pl\/wp-content\/uploads\/2013\/03\/slonce.jpg","datePublished":"2025-06-02T07:03:18+00:00","author":{"@id":"https:\/\/www.przedszkole161.pl\/#\/schema\/person\/673325371d681555a8b67c870d21faac"},"breadcrumb":{"@id":"https:\/\/ple161.poznan.pl\/?p=10516#breadcrumb"},"inLanguage":"pl-PL","potentialAction":[{"@type":"ReadAction","target":["https:\/\/ple161.poznan.pl\/?p=10516"]}]},{"@type":"ImageObject","inLanguage":"pl-PL","@id":"https:\/\/ple161.poznan.pl\/?p=10516#primaryimage","url":"https:\/\/ple161.poznan.pl\/wp-content\/uploads\/2013\/03\/slonce.jpg","contentUrl":"https:\/\/ple161.poznan.pl\/wp-content\/uploads\/2013\/03\/slonce.jpg","width":454,"height":454},{"@type":"BreadcrumbList","@id":"https:\/\/ple161.poznan.pl\/?p=10516#breadcrumb","itemListElement":[{"@type":"ListItem","position":1,"name":"Strona g\u0142\u00f3wna","item":"https:\/\/www.przedszkole161.pl\/"},{"@type":"ListItem","position":2,"name":"Wydarzenia w czerwcu"}]},{"@type":"WebSite","@id":"https:\/\/www.przedszkole161.pl\/#website","url":"https:\/\/www.przedszkole161.pl\/","name":"Przedszkole im. Ksi\u0119cia Przemys\u0142awa 161","description":"","potentialAction":[{"@type":"SearchAction","target":{"@type":"EntryPoint","urlTemplate":"https:\/\/www.przedszkole161.pl\/?s={search_term_string}"},"query-input":{"@type":"PropertyValueSpecification","valueRequired":true,"valueName":"search_term_string"}}],"inLanguage":"pl-PL"},{"@type":"Person","@id":"https:\/\/www.przedszkole161.pl\/#\/schema\/person\/673325371d681555a8b67c870d21faac","name":"Magda Dulemba","image":{"@type":"ImageObject","inLanguage":"pl-PL","@id":"https:\/\/secure.gravatar.com\/avatar\/f6f4cc73208d68c67fc19e1f80620e23d66ef2a923cb26a6d726fbc6a55bbcbc?s=96&d=mm&r=g","url":"https:\/\/secure.gravatar.com\/avatar\/f6f4cc73208d68c67fc19e1f80620e23d66ef2a923cb26a6d726fbc6a55bbcbc?s=96&d=mm&r=g","contentUrl":"https:\/\/secure.gravatar.com\/avatar\/f6f4cc73208d68c67fc19e1f80620e23d66ef2a923cb26a6d726fbc6a55bbcbc?s=96&d=mm&r=g","caption":"Magda Dulemba"},"url":"https:\/\/ple161.poznan.pl\/?author=2"}]}},"_links":{"self":[{"href":"https:\/\/ple161.poznan.pl\/index.php?rest_route=\/wp\/v2\/posts\/10516","targetHints":{"allow":["GET"]}}],"collection":[{"href":"https:\/\/ple161.poznan.pl\/index.php?rest_route=\/wp\/v2\/posts"}],"about":[{"href":"https:\/\/ple161.poznan.pl\/index.php?rest_route=\/wp\/v2\/types\/post"}],"author":[{"embeddable":true,"href":"https:\/\/ple161.poznan.pl\/index.php?rest_route=\/wp\/v2\/users\/2"}],"replies":[{"embeddable":true,"href":"https:\/\/ple161.poznan.pl\/index.php?rest_route=%2Fwp%2Fv2%2Fcomments&post=10516"}],"version-history":[{"count":1,"href":"https:\/\/ple161.poznan.pl\/index.php?rest_route=\/wp\/v2\/posts\/10516\/revisions"}],"predecessor-version":[{"id":10517,"href":"https:\/\/ple161.poznan.pl\/index.php?rest_route=\/wp\/v2\/posts\/10516\/revisions\/10517"}],"wp:featuredmedia":[{"embeddable":true,"href":"https:\/\/ple161.poznan.pl\/index.php?rest_route=\/wp\/v2\/media\/290"}],"wp:attachment":[{"href":"https:\/\/ple161.poznan.pl\/index.php?rest_route=%2Fwp%2Fv2%2Fmedia&parent=10516"}],"wp:term":[{"taxonomy":"category","embeddable":true,"href":"https:\/\/ple161.poznan.pl\/index.php?rest_route=%2Fwp%2Fv2%2Fcategories&post=10516"},{"taxonomy":"post_tag","embeddable":true,"href":"https:\/\/ple161.poznan.pl\/index.php?rest_route=%2Fwp%2Fv2%2Ftags&post=10516"}],"curies":[{"name":"wp","href":"https:\/\/api.w.org\/{rel}","templated":true}]}}