{"id":10325,"date":"2026-01-29T08:35:49","date_gmt":"2026-01-29T07:35:49","guid":{"rendered":"https:\/\/ple161.poznan.pl\/?p=10325"},"modified":"2026-04-13T10:37:37","modified_gmt":"2026-04-13T09:37:37","slug":"rekrutacja-na-rok-szkolny-2025-2026","status":"publish","type":"post","link":"https:\/\/ple161.poznan.pl\/?p=10325","title":{"rendered":"Rekrutacja na rok szkolny 2026\/2027"},"content":{"rendered":"<h3>Szanowni Rodzice!<\/h3>\n<p>Informujemy, \u017ce od dnia <strong>11.03.2026 roku rozpoczynamy rekrutacj\u0119 na nowy rok szkolny 2026\/2027.<\/strong><\/p>\n<p>Wnioski o przyj\u0119cie dziecka do przedszkola\u00a0 mo\u017cna pobra\u0107\u00a0 w przedszkolu lub ze strony internetowej od dnia <strong>11.03.2026r.<\/strong> i nale\u017cy je <strong>z\u0142o\u017cy\u0107 do dnia 27.03.2026r.\u00a0<\/strong><\/p>\n<p>Rodzice dzieci ju\u017c ucz\u0119szczaj\u0105cych do naszego przedszkola sk\u0142adaj\u0105\u00a0<strong>deklaracj\u0119 o kontynuowaniu edukacji przedszkolnej w roku\u00a0<\/strong><strong>szkolnym 2026\/2027 od dnia 02.03.2026r. do dnia 09.03.2026r.<\/strong><\/p>\n<p>Informator dla rodzic\u00f3w w <a href=\"https:\/\/ple161.poznan.pl\/wp-content\/uploads\/2025\/03\/Informator-dla-Rodzicow-2025-2.pdf\"><strong>pliku<\/strong><\/a><\/p>\n<p class=\"Bodytext20\">Na stronie naboru:\u00a0<a href=\"https:\/\/nabor.pcss.pl\/poznan\/przedszkole\/dokumenty\">https:\/\/nabor.pcss.pl\/poznan\/przedszkole\/dokument<\/a>y<b>\u00a0<\/b>znajdziecie Pa\u0144stwo:<\/p>\n<ul>\n<li>zarz\u0105dzenie dotycz\u0105ce termin\u00f3w rekrutacji 2026\/2027,<\/li>\n<li>kryteria rekrutacji 2026\/2027.<\/li>\n<\/ul>\n<p>Na powy\u017cszej stronie od 11.03.2026r. b\u0119dzie mo\u017cna pobra\u0107 dokumenty:<\/p>\n<ul>\n<li>informator dla rodzic\u00f3w,<\/li>\n<li>wniosek naboru<\/li>\n<li>najcz\u0119\u015bciej zadawane pytania,<\/li>\n<li>o\u015bwiadczenia potrzebne do do\u0142\u0105czenia do wniosku.<\/li>\n<li><a href=\"https:\/\/ple161.poznan.pl\/wp-content\/uploads\/2026\/04\/potwierdzeniewolizapisudzieckazakwalifikowanegodoprzedszkola.pdf\">potwierdzenie woli zapisu dziecka zakwalifikowanego do przedszkola<\/a><\/li>\n<\/ul>\n<p>Druk wniosku wraz ze stosownymi o\u015bwiadczeniami b\u0119dzie mo\u017cna otrzyma\u0107 w sekretariacie plac\u00f3wki, pobra\u0107 lub wype\u0142ni\u0107 na stronie: <a href=\"http:\/\/www.nabor.pcss.pl\/poznan\">http:\/\/www.nabor.pcss.pl\/poznan.<\/a><\/p>\n<p>We wniosku nale\u017cy wskaza\u0107 plac\u00f3wki uszeregowane wed\u0142ug preferencji: od najbardziej preferowanej (pierwsze miejsce) do najmniej preferowanej.<\/p>\n<p>Wnioski b\u0119d\u0105 dost\u0119pne do pobrania od dnia rozpocz\u0119cia rekrutacji tj. od 11\u00a0 marca 2026r., Wype\u0142niony wniosek nale\u017cy wydrukowa\u0107, podpisa\u0107 i z\u0142o\u017cy\u0107 w plac\u00f3wce pierwszego wyboru (wskazanej na pierwszym miejscu).<\/p>\n<p><strong><u>Wa\u017cne terminy post\u0119powania rekrutacyjnego<\/u><\/strong><\/p>\n<ul>\n<li><strong>Od dnia 11 marca do dnia 27 marca 2026 r.<\/strong>\u00a0sk\u0142adanie wype\u0142nionych i podpisanych wniosk\u00f3w wraz z za\u0142\u0105cznikami tylko w plac\u00f3wce wskazanej jako pierwsza preferencja.<\/li>\n<li><strong>Dnia 9 kwietnia 2026 r. o godz. 12.00<\/strong>\u00a0\u2013 og\u0142oszenie listy kandydat\u00f3w zakwalifikowanych i listy kandydat\u00f3w niezakwalifikowanych (lista zakwalifikowanych dzieci do post\u0119powania rekrutacyjnego nie jest jednoznaczna z przyj\u0119ciem dziecka do plac\u00f3wki).<\/li>\n<li><strong>Od dnia 9 kwietnia do dnia 16 kwietnia 2026 r.<\/strong>\u00a0pisemne potwierdzanie woli zapisu dziecka zakwalifikowanego do przedszkola lub oddzia\u0142u przedszkolnego w szkole podstawowej przez rodzic\u00f3w\/opiekun\u00f3w prawnych. Brak pisemnego potwierdzenia jest jednoznaczny z rezygnacj\u0105 z dalszego procesu rekrutacji.<\/li>\n<li><strong>Dnia 20 kwietnia 2026 r. <\/strong>\u00a0\u2013 og\u0142oszenie wynik\u00f3w rekrutacji \u2013 wywieszenie w plac\u00f3wkach list dzieci przyj\u0119tych i list dzieci nieprzyj\u0119tych do przedszkoli\/oddzia\u0142\u00f3w przedszkolnych w szko\u0142ach podstawowych. Lista zawiera imi\u0119 i nazwisko kandydata uszeregowane w kolejno\u015bci alfabetycznej oraz najni\u017csz\u0105 liczb\u0119 punkt\u00f3w, kt\u00f3ra uprawnia do przyj\u0119cia do ww. plac\u00f3wki.\u00a0 \u00a0 \u00a0 \u00a0 \u00a0 \u00a0 \u00a0 \u00a0 \u00a0 \u00a0 \u00a0 \u00a0 <strong><em>Brak pisemnego potwierdzenia jest jednoznaczny z rezygnacj\u0105 z dalszego procesu rekrutacji.\u00a0 \u00a0 \u00a0 \u00a0 \u00a0 \u00a0 \u00a0 \u00a0 \u00a0 \u00a0 \u00a0 \u00a0 \u00a0 \u00a0 \u00a0 \u00a0 \u00a0 \u00a0 \u00a0 \u00a0 \u00a0 \u00a0 \u00a0 \u00a0Terminarz rekrutacji uzupe\u0142niaj\u0105cej:<\/em><\/strong><\/li>\n<li><strong>Od dnia 25 maja do dnia 29 maja<\/strong>\u00a0sk\u0142adanie wype\u0142nionych i podpisanych wniosk\u00f3w wraz z za\u0142\u0105cznikami tylko w plac\u00f3wce wskazanej jako pierwsza preferencja.<\/li>\n<li><strong>3 czerwca godz.12<\/strong> og\u0142oszenie wynik\u00f3w rekrutacji \u2013 wywieszenie w plac\u00f3wkach list dzieci zakwalifikowanych i list dzieci niezakwalifikowanych do przedszkoli\/oddzia\u0142\u00f3w przedszkolnych w szko\u0142ach podstawowych.<\/li>\n<li><strong>od 3 czerwca do 10 czerwca\u00a0<\/strong> pisemne potwierdzanie woli zapisu dziecka zakwalifikowanego do przedszkola lub oddzia\u0142u przedszkolnego w szkole podstawowej przez rodzic\u00f3w\/opiekun\u00f3w prawnych.\u00a0 <strong><em>Brak pisemnego potwierdzenia jest jednoznaczny z rezygnacj\u0105 z dalszego procesu rekrutacji.\u00a0 \u00a0 \u00a0 \u00a0<\/em><\/strong><\/li>\n<li><strong>15 czerwca godz.12.00<\/strong>\u00a0og\u0142oszenie wynik\u00f3w rekrutacji \u2013 wywieszenie w plac\u00f3wkach list dzieci przyj\u0119tych i list dzieci nieprzyj\u0119tych do przedszkoli\/oddzia\u0142\u00f3w przedszkolnych w szko\u0142ach podstawowych.<\/li>\n<\/ul>\n<p style=\"text-align: left;\">Zarz\u0105dzenie Nr 36\/2026\/P Prezydenta Miasta Poznania z dnia 15 stycznia 2026r. w sprawie ustalenia termin\u00f3w przeprowadzenia post\u0119powania rekrutacyjnego i post\u0119powania uzupe\u0142niaj\u0105cego, w tym termin\u00f3w sk\u0142adania dokument\u00f3w na rok szkolny 2025\/2026, do publicznych przedszkoli, oddzia\u0142\u00f3w przedszkolnych w publicznych szko\u0142ach podstawowych do pobrania w <a href=\"https:\/\/ple161.poznan.pl\/wp-content\/uploads\/2026\/01\/UMP_XXX_537_IX_2026_T1-1.docx\">pliku<\/a><\/p>\n<p>Uchwa\u0142a Rady Miasta w sprawie okre\u015blenia kryteri\u00f3w rekrutacji do przedszkoli i oddzia\u0142\u00f3w przedszkolnych do pobrania w <a href=\"https:\/\/ple161.poznan.pl\/wp-content\/uploads\/2025\/02\/UchwalaRadyMiastaPoznaniawsprawieokresleniakryteriowrekrutacji.pdf\">pliku<\/a><\/p>\n<p>Terminy przeprowadzenia post\u0119powania rekrutacyjnego i post\u0119powania uzupe\u0142niaj\u0105cego do publicznych przedszkoli oraz oddzia\u0142\u00f3w przedszkolnych w publicznych szko\u0142ach podstawowych na rok szkolny 2026\/2027(Za\u0142\u0105cznik do Zarz\u0105dzenie Nr 36\/2026\/P z dnia 15.01.2026r.) do pobrania w <a href=\"https:\/\/ple161.poznan.pl\/wp-content\/uploads\/2026\/01\/Terminy-rekrutacji-do-przedszkoli-i-oddzialow-przedszkolnych-na-rok-szkolny-2026-20271.doc\">pliku<\/a><\/p>\n","protected":false},"excerpt":{"rendered":"<p>Szanowni Rodzice! Informujemy, \u017ce od dnia 11.03.2026 roku rozpoczynamy rekrutacj\u0119 na nowy rok szkolny 2026\/2027. Wnioski o przyj\u0119cie dziecka do przedszkola\u00a0 mo\u017cna pobra\u0107\u00a0 w przedszkolu lub ze strony internetowej od dnia 11.03.2026r. i nale\u017cy je z\u0142o\u017cy\u0107 do dnia 27.03.2026r.\u00a0 Rodzice dzieci ju\u017c ucz\u0119szczaj\u0105cych do naszego przedszkola sk\u0142adaj\u0105\u00a0deklaracj\u0119 o kontynuowaniu edukacji przedszkolnej w roku\u00a0szkolnym 2026\/2027 od [&hellip;]<\/p>\n","protected":false},"author":2,"featured_media":4100,"comment_status":"closed","ping_status":"closed","sticky":true,"template":"","format":"standard","meta":{"ngg_post_thumbnail":0,"footnotes":""},"categories":[4,1],"tags":[],"class_list":["post-10325","post","type-post","status-publish","format-standard","has-post-thumbnail","hentry","category-aktualnosci","category-wydarzenia"],"yoast_head":"<!-- This site is optimized with the Yoast SEO plugin v27.4 - https:\/\/yoast.com\/product\/yoast-seo-wordpress\/ -->\n<title>Rekrutacja na rok szkolny 2026\/2027 - Przedszkole im. Ksi\u0119cia Przemys\u0142awa<\/title>\n<meta name=\"robots\" content=\"noindex, follow\" \/>\n<meta property=\"og:locale\" content=\"pl_PL\" \/>\n<meta property=\"og:type\" content=\"article\" \/>\n<meta property=\"og:title\" content=\"Rekrutacja na rok szkolny 2026\/2027 - Przedszkole im. Ksi\u0119cia Przemys\u0142awa\" \/>\n<meta property=\"og:description\" content=\"Szanowni Rodzice! Informujemy, \u017ce od dnia 11.03.2026 roku rozpoczynamy rekrutacj\u0119 na nowy rok szkolny 2026\/2027. Wnioski o przyj\u0119cie dziecka do przedszkola\u00a0 mo\u017cna pobra\u0107\u00a0 w przedszkolu lub ze strony internetowej od dnia 11.03.2026r. i nale\u017cy je z\u0142o\u017cy\u0107 do dnia 27.03.2026r.\u00a0 Rodzice dzieci ju\u017c ucz\u0119szczaj\u0105cych do naszego przedszkola sk\u0142adaj\u0105\u00a0deklaracj\u0119 o kontynuowaniu edukacji przedszkolnej w roku\u00a0szkolnym 2026\/2027 od [&hellip;]\" \/>\n<meta property=\"og:url\" content=\"https:\/\/ple161.poznan.pl\/?p=10325\" \/>\n<meta property=\"og:site_name\" content=\"Przedszkole im. Ksi\u0119cia Przemys\u0142awa\" \/>\n<meta property=\"article:published_time\" content=\"2026-01-29T07:35:49+00:00\" \/>\n<meta property=\"article:modified_time\" content=\"2026-04-13T09:37:37+00:00\" \/>\n<meta property=\"og:image\" content=\"https:\/\/ple161.poznan.pl\/wp-content\/uploads\/2020\/02\/rekrutacja.jpg\" \/>\n\t<meta property=\"og:image:width\" content=\"215\" \/>\n\t<meta property=\"og:image:height\" content=\"205\" \/>\n\t<meta property=\"og:image:type\" content=\"image\/jpeg\" \/>\n<meta name=\"author\" content=\"Magda Dulemba\" \/>\n<meta name=\"twitter:card\" content=\"summary_large_image\" \/>\n<meta name=\"twitter:label1\" content=\"Napisane przez\" \/>\n\t<meta name=\"twitter:data1\" content=\"Magda Dulemba\" \/>\n\t<meta name=\"twitter:label2\" content=\"Szacowany czas czytania\" \/>\n\t<meta name=\"twitter:data2\" content=\"4 minuty\" \/>\n<script type=\"application\/ld+json\" class=\"yoast-schema-graph\">{\"@context\":\"https:\\\/\\\/schema.org\",\"@graph\":[{\"@type\":\"Article\",\"@id\":\"https:\\\/\\\/ple161.poznan.pl\\\/?p=10325#article\",\"isPartOf\":{\"@id\":\"https:\\\/\\\/ple161.poznan.pl\\\/?p=10325\"},\"author\":{\"name\":\"Magda Dulemba\",\"@id\":\"https:\\\/\\\/www.przedszkole161.pl\\\/#\\\/schema\\\/person\\\/673325371d681555a8b67c870d21faac\"},\"headline\":\"Rekrutacja na rok szkolny 2026\\\/2027\",\"datePublished\":\"2026-01-29T07:35:49+00:00\",\"dateModified\":\"2026-04-13T09:37:37+00:00\",\"mainEntityOfPage\":{\"@id\":\"https:\\\/\\\/ple161.poznan.pl\\\/?p=10325\"},\"wordCount\":628,\"image\":{\"@id\":\"https:\\\/\\\/ple161.poznan.pl\\\/?p=10325#primaryimage\"},\"thumbnailUrl\":\"https:\\\/\\\/ple161.poznan.pl\\\/wp-content\\\/uploads\\\/2020\\\/02\\\/rekrutacja.jpg\",\"articleSection\":[\"Aktualno\u015bci\",\"Wydarzenia\"],\"inLanguage\":\"pl-PL\"},{\"@type\":\"WebPage\",\"@id\":\"https:\\\/\\\/ple161.poznan.pl\\\/?p=10325\",\"url\":\"https:\\\/\\\/ple161.poznan.pl\\\/?p=10325\",\"name\":\"Rekrutacja na rok szkolny 2026\\\/2027 - Przedszkole im. Ksi\u0119cia Przemys\u0142awa\",\"isPartOf\":{\"@id\":\"https:\\\/\\\/www.przedszkole161.pl\\\/#website\"},\"primaryImageOfPage\":{\"@id\":\"https:\\\/\\\/ple161.poznan.pl\\\/?p=10325#primaryimage\"},\"image\":{\"@id\":\"https:\\\/\\\/ple161.poznan.pl\\\/?p=10325#primaryimage\"},\"thumbnailUrl\":\"https:\\\/\\\/ple161.poznan.pl\\\/wp-content\\\/uploads\\\/2020\\\/02\\\/rekrutacja.jpg\",\"datePublished\":\"2026-01-29T07:35:49+00:00\",\"dateModified\":\"2026-04-13T09:37:37+00:00\",\"author\":{\"@id\":\"https:\\\/\\\/www.przedszkole161.pl\\\/#\\\/schema\\\/person\\\/673325371d681555a8b67c870d21faac\"},\"breadcrumb\":{\"@id\":\"https:\\\/\\\/ple161.poznan.pl\\\/?p=10325#breadcrumb\"},\"inLanguage\":\"pl-PL\",\"potentialAction\":[{\"@type\":\"ReadAction\",\"target\":[\"https:\\\/\\\/ple161.poznan.pl\\\/?p=10325\"]}]},{\"@type\":\"ImageObject\",\"inLanguage\":\"pl-PL\",\"@id\":\"https:\\\/\\\/ple161.poznan.pl\\\/?p=10325#primaryimage\",\"url\":\"https:\\\/\\\/ple161.poznan.pl\\\/wp-content\\\/uploads\\\/2020\\\/02\\\/rekrutacja.jpg\",\"contentUrl\":\"https:\\\/\\\/ple161.poznan.pl\\\/wp-content\\\/uploads\\\/2020\\\/02\\\/rekrutacja.jpg\",\"width\":215,\"height\":205},{\"@type\":\"BreadcrumbList\",\"@id\":\"https:\\\/\\\/ple161.poznan.pl\\\/?p=10325#breadcrumb\",\"itemListElement\":[{\"@type\":\"ListItem\",\"position\":1,\"name\":\"Strona g\u0142\u00f3wna\",\"item\":\"https:\\\/\\\/www.przedszkole161.pl\\\/\"},{\"@type\":\"ListItem\",\"position\":2,\"name\":\"Rekrutacja na rok szkolny 2026\\\/2027\"}]},{\"@type\":\"WebSite\",\"@id\":\"https:\\\/\\\/www.przedszkole161.pl\\\/#website\",\"url\":\"https:\\\/\\\/www.przedszkole161.pl\\\/\",\"name\":\"Przedszkole im. Ksi\u0119cia Przemys\u0142awa 161\",\"description\":\"\",\"potentialAction\":[{\"@type\":\"SearchAction\",\"target\":{\"@type\":\"EntryPoint\",\"urlTemplate\":\"https:\\\/\\\/www.przedszkole161.pl\\\/?s={search_term_string}\"},\"query-input\":{\"@type\":\"PropertyValueSpecification\",\"valueRequired\":true,\"valueName\":\"search_term_string\"}}],\"inLanguage\":\"pl-PL\"},{\"@type\":\"Person\",\"@id\":\"https:\\\/\\\/www.przedszkole161.pl\\\/#\\\/schema\\\/person\\\/673325371d681555a8b67c870d21faac\",\"name\":\"Magda Dulemba\",\"image\":{\"@type\":\"ImageObject\",\"inLanguage\":\"pl-PL\",\"@id\":\"https:\\\/\\\/secure.gravatar.com\\\/avatar\\\/f6f4cc73208d68c67fc19e1f80620e23d66ef2a923cb26a6d726fbc6a55bbcbc?s=96&d=mm&r=g\",\"url\":\"https:\\\/\\\/secure.gravatar.com\\\/avatar\\\/f6f4cc73208d68c67fc19e1f80620e23d66ef2a923cb26a6d726fbc6a55bbcbc?s=96&d=mm&r=g\",\"contentUrl\":\"https:\\\/\\\/secure.gravatar.com\\\/avatar\\\/f6f4cc73208d68c67fc19e1f80620e23d66ef2a923cb26a6d726fbc6a55bbcbc?s=96&d=mm&r=g\",\"caption\":\"Magda Dulemba\"},\"url\":\"https:\\\/\\\/ple161.poznan.pl\\\/?author=2\"}]}<\/script>\n<!-- \/ Yoast SEO plugin. -->","yoast_head_json":{"title":"Rekrutacja na rok szkolny 2026\/2027 - Przedszkole im. Ksi\u0119cia Przemys\u0142awa","robots":{"index":"noindex","follow":"follow"},"og_locale":"pl_PL","og_type":"article","og_title":"Rekrutacja na rok szkolny 2026\/2027 - Przedszkole im. Ksi\u0119cia Przemys\u0142awa","og_description":"Szanowni Rodzice! Informujemy, \u017ce od dnia 11.03.2026 roku rozpoczynamy rekrutacj\u0119 na nowy rok szkolny 2026\/2027. Wnioski o przyj\u0119cie dziecka do przedszkola\u00a0 mo\u017cna pobra\u0107\u00a0 w przedszkolu lub ze strony internetowej od dnia 11.03.2026r. i nale\u017cy je z\u0142o\u017cy\u0107 do dnia 27.03.2026r.\u00a0 Rodzice dzieci ju\u017c ucz\u0119szczaj\u0105cych do naszego przedszkola sk\u0142adaj\u0105\u00a0deklaracj\u0119 o kontynuowaniu edukacji przedszkolnej w roku\u00a0szkolnym 2026\/2027 od [&hellip;]","og_url":"https:\/\/ple161.poznan.pl\/?p=10325","og_site_name":"Przedszkole im. Ksi\u0119cia Przemys\u0142awa","article_published_time":"2026-01-29T07:35:49+00:00","article_modified_time":"2026-04-13T09:37:37+00:00","og_image":[{"width":215,"height":205,"url":"https:\/\/ple161.poznan.pl\/wp-content\/uploads\/2020\/02\/rekrutacja.jpg","type":"image\/jpeg"}],"author":"Magda Dulemba","twitter_card":"summary_large_image","twitter_misc":{"Napisane przez":"Magda Dulemba","Szacowany czas czytania":"4 minuty"},"schema":{"@context":"https:\/\/schema.org","@graph":[{"@type":"Article","@id":"https:\/\/ple161.poznan.pl\/?p=10325#article","isPartOf":{"@id":"https:\/\/ple161.poznan.pl\/?p=10325"},"author":{"name":"Magda Dulemba","@id":"https:\/\/www.przedszkole161.pl\/#\/schema\/person\/673325371d681555a8b67c870d21faac"},"headline":"Rekrutacja na rok szkolny 2026\/2027","datePublished":"2026-01-29T07:35:49+00:00","dateModified":"2026-04-13T09:37:37+00:00","mainEntityOfPage":{"@id":"https:\/\/ple161.poznan.pl\/?p=10325"},"wordCount":628,"image":{"@id":"https:\/\/ple161.poznan.pl\/?p=10325#primaryimage"},"thumbnailUrl":"https:\/\/ple161.poznan.pl\/wp-content\/uploads\/2020\/02\/rekrutacja.jpg","articleSection":["Aktualno\u015bci","Wydarzenia"],"inLanguage":"pl-PL"},{"@type":"WebPage","@id":"https:\/\/ple161.poznan.pl\/?p=10325","url":"https:\/\/ple161.poznan.pl\/?p=10325","name":"Rekrutacja na rok szkolny 2026\/2027 - Przedszkole im. Ksi\u0119cia Przemys\u0142awa","isPartOf":{"@id":"https:\/\/www.przedszkole161.pl\/#website"},"primaryImageOfPage":{"@id":"https:\/\/ple161.poznan.pl\/?p=10325#primaryimage"},"image":{"@id":"https:\/\/ple161.poznan.pl\/?p=10325#primaryimage"},"thumbnailUrl":"https:\/\/ple161.poznan.pl\/wp-content\/uploads\/2020\/02\/rekrutacja.jpg","datePublished":"2026-01-29T07:35:49+00:00","dateModified":"2026-04-13T09:37:37+00:00","author":{"@id":"https:\/\/www.przedszkole161.pl\/#\/schema\/person\/673325371d681555a8b67c870d21faac"},"breadcrumb":{"@id":"https:\/\/ple161.poznan.pl\/?p=10325#breadcrumb"},"inLanguage":"pl-PL","potentialAction":[{"@type":"ReadAction","target":["https:\/\/ple161.poznan.pl\/?p=10325"]}]},{"@type":"ImageObject","inLanguage":"pl-PL","@id":"https:\/\/ple161.poznan.pl\/?p=10325#primaryimage","url":"https:\/\/ple161.poznan.pl\/wp-content\/uploads\/2020\/02\/rekrutacja.jpg","contentUrl":"https:\/\/ple161.poznan.pl\/wp-content\/uploads\/2020\/02\/rekrutacja.jpg","width":215,"height":205},{"@type":"BreadcrumbList","@id":"https:\/\/ple161.poznan.pl\/?p=10325#breadcrumb","itemListElement":[{"@type":"ListItem","position":1,"name":"Strona g\u0142\u00f3wna","item":"https:\/\/www.przedszkole161.pl\/"},{"@type":"ListItem","position":2,"name":"Rekrutacja na rok szkolny 2026\/2027"}]},{"@type":"WebSite","@id":"https:\/\/www.przedszkole161.pl\/#website","url":"https:\/\/www.przedszkole161.pl\/","name":"Przedszkole im. Ksi\u0119cia Przemys\u0142awa 161","description":"","potentialAction":[{"@type":"SearchAction","target":{"@type":"EntryPoint","urlTemplate":"https:\/\/www.przedszkole161.pl\/?s={search_term_string}"},"query-input":{"@type":"PropertyValueSpecification","valueRequired":true,"valueName":"search_term_string"}}],"inLanguage":"pl-PL"},{"@type":"Person","@id":"https:\/\/www.przedszkole161.pl\/#\/schema\/person\/673325371d681555a8b67c870d21faac","name":"Magda Dulemba","image":{"@type":"ImageObject","inLanguage":"pl-PL","@id":"https:\/\/secure.gravatar.com\/avatar\/f6f4cc73208d68c67fc19e1f80620e23d66ef2a923cb26a6d726fbc6a55bbcbc?s=96&d=mm&r=g","url":"https:\/\/secure.gravatar.com\/avatar\/f6f4cc73208d68c67fc19e1f80620e23d66ef2a923cb26a6d726fbc6a55bbcbc?s=96&d=mm&r=g","contentUrl":"https:\/\/secure.gravatar.com\/avatar\/f6f4cc73208d68c67fc19e1f80620e23d66ef2a923cb26a6d726fbc6a55bbcbc?s=96&d=mm&r=g","caption":"Magda Dulemba"},"url":"https:\/\/ple161.poznan.pl\/?author=2"}]}},"_links":{"self":[{"href":"https:\/\/ple161.poznan.pl\/index.php?rest_route=\/wp\/v2\/posts\/10325","targetHints":{"allow":["GET"]}}],"collection":[{"href":"https:\/\/ple161.poznan.pl\/index.php?rest_route=\/wp\/v2\/posts"}],"about":[{"href":"https:\/\/ple161.poznan.pl\/index.php?rest_route=\/wp\/v2\/types\/post"}],"author":[{"embeddable":true,"href":"https:\/\/ple161.poznan.pl\/index.php?rest_route=\/wp\/v2\/users\/2"}],"replies":[{"embeddable":true,"href":"https:\/\/ple161.poznan.pl\/index.php?rest_route=%2Fwp%2Fv2%2Fcomments&post=10325"}],"version-history":[{"count":11,"href":"https:\/\/ple161.poznan.pl\/index.php?rest_route=\/wp\/v2\/posts\/10325\/revisions"}],"predecessor-version":[{"id":11153,"href":"https:\/\/ple161.poznan.pl\/index.php?rest_route=\/wp\/v2\/posts\/10325\/revisions\/11153"}],"wp:featuredmedia":[{"embeddable":true,"href":"https:\/\/ple161.poznan.pl\/index.php?rest_route=\/wp\/v2\/media\/4100"}],"wp:attachment":[{"href":"https:\/\/ple161.poznan.pl\/index.php?rest_route=%2Fwp%2Fv2%2Fmedia&parent=10325"}],"wp:term":[{"taxonomy":"category","embeddable":true,"href":"https:\/\/ple161.poznan.pl\/index.php?rest_route=%2Fwp%2Fv2%2Fcategories&post=10325"},{"taxonomy":"post_tag","embeddable":true,"href":"https:\/\/ple161.poznan.pl\/index.php?rest_route=%2Fwp%2Fv2%2Ftags&post=10325"}],"curies":[{"name":"wp","href":"https:\/\/api.w.org\/{rel}","templated":true}]}}