{"id":10310,"date":"2025-02-17T22:06:37","date_gmt":"2025-02-17T21:06:37","guid":{"rendered":"https:\/\/ple161.poznan.pl\/?p=10310"},"modified":"2025-02-17T22:06:37","modified_gmt":"2025-02-17T21:06:37","slug":"dzien-kota-5","status":"publish","type":"post","link":"https:\/\/ple161.poznan.pl\/?p=10310","title":{"rendered":"Dzie\u0144 kota"},"content":{"rendered":"<p data-start=\"0\" data-end=\"328\">Dzie\u0144 Kota w przedszkolu to radosne wydarzenie, kt\u00f3re mia\u0142o na celu \u015bwi\u0119towanie tych wspania\u0142ych zwierz\u0105t i zach\u0119canie dzieci do nauki o kotach oraz ich opiece. Niekt\u00f3re przedszkolaki tego dnia przysz\u0142y do przedszkola w przebraniach kotk\u00f3w , uczestniczy\u0142y w r\u00f3\u017cnych zabawach i zaj\u0119ciach edukacyjnych. \u00a0Nauczycielki czyta\u0142y dzieciom ksi\u0105\u017cki o kotkach, opowiada\u0142y historie o ich zwyczajach, zachowaniach i potrzebach. Nasze przedszkolaki ju\u017c teraz wiedz\u0105 jak dba\u0107 o koty, jakie maj\u0105 potrzeby ( \u017cywienie, zabawa, opieka weterynaryjna) i dlaczego warto je szanowa\u0107. \u015awi\u0119to kot\u00f3w uczcili\u015bmy kreatywnymi zaj\u0119ciami plastycznymi.<\/p>\n<p data-start=\"1162\" data-end=\"1325\">Wa\u017cnym elementem tego dnia by\u0142a radosna atmosfera, kt\u00f3ra pozwoli\u0142a dzieciom na bliskie spotkanie z tematem kot\u00f3w, a tak\u017ce rozwin\u0119\u0142a empati\u0119 i odpowiedzialno\u015b\u0107 za zwierz\u0119ta.<\/p>\n<p data-start=\"1535\" data-end=\"1622\" data-is-last-node=\"\">Dzie\u0144 Kota w przedszkolu to by\u0142a wspania\u0142a okazja do integracji, edukacji i wsp\u00f3lnej zabawy.<\/p>\n","protected":false},"excerpt":{"rendered":"<p>Dzie\u0144 Kota w przedszkolu to radosne wydarzenie, kt\u00f3re mia\u0142o na celu \u015bwi\u0119towanie tych wspania\u0142ych zwierz\u0105t i zach\u0119canie dzieci do nauki o kotach oraz ich opiece. Niekt\u00f3re przedszkolaki tego dnia przysz\u0142y do przedszkola w przebraniach kotk\u00f3w , uczestniczy\u0142y w r\u00f3\u017cnych zabawach i zaj\u0119ciach edukacyjnych. \u00a0Nauczycielki czyta\u0142y dzieciom ksi\u0105\u017cki o kotkach, opowiada\u0142y historie o ich zwyczajach, zachowaniach [&hellip;]<\/p>\n","protected":false},"author":2,"featured_media":6943,"comment_status":"closed","ping_status":"closed","sticky":false,"template":"","format":"standard","meta":{"ngg_post_thumbnail":0,"footnotes":""},"categories":[4,1],"tags":[],"class_list":["post-10310","post","type-post","status-publish","format-standard","has-post-thumbnail","hentry","category-aktualnosci","category-wydarzenia"],"yoast_head":"<!-- This site is optimized with the Yoast SEO plugin v27.4 - https:\/\/yoast.com\/product\/yoast-seo-wordpress\/ -->\n<title>Dzie\u0144 kota - Przedszkole im. Ksi\u0119cia Przemys\u0142awa<\/title>\n<meta name=\"robots\" content=\"noindex, follow\" \/>\n<meta property=\"og:locale\" content=\"pl_PL\" \/>\n<meta property=\"og:type\" content=\"article\" \/>\n<meta property=\"og:title\" content=\"Dzie\u0144 kota - Przedszkole im. Ksi\u0119cia Przemys\u0142awa\" \/>\n<meta property=\"og:description\" content=\"Dzie\u0144 Kota w przedszkolu to radosne wydarzenie, kt\u00f3re mia\u0142o na celu \u015bwi\u0119towanie tych wspania\u0142ych zwierz\u0105t i zach\u0119canie dzieci do nauki o kotach oraz ich opiece. Niekt\u00f3re przedszkolaki tego dnia przysz\u0142y do przedszkola w przebraniach kotk\u00f3w , uczestniczy\u0142y w r\u00f3\u017cnych zabawach i zaj\u0119ciach edukacyjnych. \u00a0Nauczycielki czyta\u0142y dzieciom ksi\u0105\u017cki o kotkach, opowiada\u0142y historie o ich zwyczajach, zachowaniach [&hellip;]\" \/>\n<meta property=\"og:url\" content=\"https:\/\/ple161.poznan.pl\/?p=10310\" \/>\n<meta property=\"og:site_name\" content=\"Przedszkole im. Ksi\u0119cia Przemys\u0142awa\" \/>\n<meta property=\"article:published_time\" content=\"2025-02-17T21:06:37+00:00\" \/>\n<meta property=\"og:image\" content=\"https:\/\/ple161.poznan.pl\/wp-content\/uploads\/2022\/02\/IMG_9540.jpg\" \/>\n\t<meta property=\"og:image:width\" content=\"214\" \/>\n\t<meta property=\"og:image:height\" content=\"320\" \/>\n\t<meta property=\"og:image:type\" content=\"image\/jpeg\" \/>\n<meta name=\"author\" content=\"Magda Dulemba\" \/>\n<meta name=\"twitter:card\" content=\"summary_large_image\" \/>\n<meta name=\"twitter:label1\" content=\"Napisane przez\" \/>\n\t<meta name=\"twitter:data1\" content=\"Magda Dulemba\" \/>\n\t<meta name=\"twitter:label2\" content=\"Szacowany czas czytania\" \/>\n\t<meta name=\"twitter:data2\" content=\"1 minuta\" \/>\n<script type=\"application\/ld+json\" class=\"yoast-schema-graph\">{\"@context\":\"https:\\\/\\\/schema.org\",\"@graph\":[{\"@type\":\"Article\",\"@id\":\"https:\\\/\\\/ple161.poznan.pl\\\/?p=10310#article\",\"isPartOf\":{\"@id\":\"https:\\\/\\\/ple161.poznan.pl\\\/?p=10310\"},\"author\":{\"name\":\"Magda Dulemba\",\"@id\":\"https:\\\/\\\/www.przedszkole161.pl\\\/#\\\/schema\\\/person\\\/673325371d681555a8b67c870d21faac\"},\"headline\":\"Dzie\u0144 kota\",\"datePublished\":\"2025-02-17T21:06:37+00:00\",\"mainEntityOfPage\":{\"@id\":\"https:\\\/\\\/ple161.poznan.pl\\\/?p=10310\"},\"wordCount\":153,\"image\":{\"@id\":\"https:\\\/\\\/ple161.poznan.pl\\\/?p=10310#primaryimage\"},\"thumbnailUrl\":\"https:\\\/\\\/ple161.poznan.pl\\\/wp-content\\\/uploads\\\/2022\\\/02\\\/IMG_9540.jpg\",\"articleSection\":[\"Aktualno\u015bci\",\"Wydarzenia\"],\"inLanguage\":\"pl-PL\"},{\"@type\":\"WebPage\",\"@id\":\"https:\\\/\\\/ple161.poznan.pl\\\/?p=10310\",\"url\":\"https:\\\/\\\/ple161.poznan.pl\\\/?p=10310\",\"name\":\"Dzie\u0144 kota - Przedszkole im. Ksi\u0119cia Przemys\u0142awa\",\"isPartOf\":{\"@id\":\"https:\\\/\\\/www.przedszkole161.pl\\\/#website\"},\"primaryImageOfPage\":{\"@id\":\"https:\\\/\\\/ple161.poznan.pl\\\/?p=10310#primaryimage\"},\"image\":{\"@id\":\"https:\\\/\\\/ple161.poznan.pl\\\/?p=10310#primaryimage\"},\"thumbnailUrl\":\"https:\\\/\\\/ple161.poznan.pl\\\/wp-content\\\/uploads\\\/2022\\\/02\\\/IMG_9540.jpg\",\"datePublished\":\"2025-02-17T21:06:37+00:00\",\"author\":{\"@id\":\"https:\\\/\\\/www.przedszkole161.pl\\\/#\\\/schema\\\/person\\\/673325371d681555a8b67c870d21faac\"},\"breadcrumb\":{\"@id\":\"https:\\\/\\\/ple161.poznan.pl\\\/?p=10310#breadcrumb\"},\"inLanguage\":\"pl-PL\",\"potentialAction\":[{\"@type\":\"ReadAction\",\"target\":[\"https:\\\/\\\/ple161.poznan.pl\\\/?p=10310\"]}]},{\"@type\":\"ImageObject\",\"inLanguage\":\"pl-PL\",\"@id\":\"https:\\\/\\\/ple161.poznan.pl\\\/?p=10310#primaryimage\",\"url\":\"https:\\\/\\\/ple161.poznan.pl\\\/wp-content\\\/uploads\\\/2022\\\/02\\\/IMG_9540.jpg\",\"contentUrl\":\"https:\\\/\\\/ple161.poznan.pl\\\/wp-content\\\/uploads\\\/2022\\\/02\\\/IMG_9540.jpg\",\"width\":214,\"height\":320},{\"@type\":\"BreadcrumbList\",\"@id\":\"https:\\\/\\\/ple161.poznan.pl\\\/?p=10310#breadcrumb\",\"itemListElement\":[{\"@type\":\"ListItem\",\"position\":1,\"name\":\"Strona g\u0142\u00f3wna\",\"item\":\"https:\\\/\\\/www.przedszkole161.pl\\\/\"},{\"@type\":\"ListItem\",\"position\":2,\"name\":\"Dzie\u0144 kota\"}]},{\"@type\":\"WebSite\",\"@id\":\"https:\\\/\\\/www.przedszkole161.pl\\\/#website\",\"url\":\"https:\\\/\\\/www.przedszkole161.pl\\\/\",\"name\":\"Przedszkole im. Ksi\u0119cia Przemys\u0142awa 161\",\"description\":\"\",\"potentialAction\":[{\"@type\":\"SearchAction\",\"target\":{\"@type\":\"EntryPoint\",\"urlTemplate\":\"https:\\\/\\\/www.przedszkole161.pl\\\/?s={search_term_string}\"},\"query-input\":{\"@type\":\"PropertyValueSpecification\",\"valueRequired\":true,\"valueName\":\"search_term_string\"}}],\"inLanguage\":\"pl-PL\"},{\"@type\":\"Person\",\"@id\":\"https:\\\/\\\/www.przedszkole161.pl\\\/#\\\/schema\\\/person\\\/673325371d681555a8b67c870d21faac\",\"name\":\"Magda Dulemba\",\"image\":{\"@type\":\"ImageObject\",\"inLanguage\":\"pl-PL\",\"@id\":\"https:\\\/\\\/secure.gravatar.com\\\/avatar\\\/f6f4cc73208d68c67fc19e1f80620e23d66ef2a923cb26a6d726fbc6a55bbcbc?s=96&d=mm&r=g\",\"url\":\"https:\\\/\\\/secure.gravatar.com\\\/avatar\\\/f6f4cc73208d68c67fc19e1f80620e23d66ef2a923cb26a6d726fbc6a55bbcbc?s=96&d=mm&r=g\",\"contentUrl\":\"https:\\\/\\\/secure.gravatar.com\\\/avatar\\\/f6f4cc73208d68c67fc19e1f80620e23d66ef2a923cb26a6d726fbc6a55bbcbc?s=96&d=mm&r=g\",\"caption\":\"Magda Dulemba\"},\"url\":\"https:\\\/\\\/ple161.poznan.pl\\\/?author=2\"}]}<\/script>\n<!-- \/ Yoast SEO plugin. -->","yoast_head_json":{"title":"Dzie\u0144 kota - Przedszkole im. Ksi\u0119cia Przemys\u0142awa","robots":{"index":"noindex","follow":"follow"},"og_locale":"pl_PL","og_type":"article","og_title":"Dzie\u0144 kota - Przedszkole im. Ksi\u0119cia Przemys\u0142awa","og_description":"Dzie\u0144 Kota w przedszkolu to radosne wydarzenie, kt\u00f3re mia\u0142o na celu \u015bwi\u0119towanie tych wspania\u0142ych zwierz\u0105t i zach\u0119canie dzieci do nauki o kotach oraz ich opiece. Niekt\u00f3re przedszkolaki tego dnia przysz\u0142y do przedszkola w przebraniach kotk\u00f3w , uczestniczy\u0142y w r\u00f3\u017cnych zabawach i zaj\u0119ciach edukacyjnych. \u00a0Nauczycielki czyta\u0142y dzieciom ksi\u0105\u017cki o kotkach, opowiada\u0142y historie o ich zwyczajach, zachowaniach [&hellip;]","og_url":"https:\/\/ple161.poznan.pl\/?p=10310","og_site_name":"Przedszkole im. Ksi\u0119cia Przemys\u0142awa","article_published_time":"2025-02-17T21:06:37+00:00","og_image":[{"width":214,"height":320,"url":"https:\/\/ple161.poznan.pl\/wp-content\/uploads\/2022\/02\/IMG_9540.jpg","type":"image\/jpeg"}],"author":"Magda Dulemba","twitter_card":"summary_large_image","twitter_misc":{"Napisane przez":"Magda Dulemba","Szacowany czas czytania":"1 minuta"},"schema":{"@context":"https:\/\/schema.org","@graph":[{"@type":"Article","@id":"https:\/\/ple161.poznan.pl\/?p=10310#article","isPartOf":{"@id":"https:\/\/ple161.poznan.pl\/?p=10310"},"author":{"name":"Magda Dulemba","@id":"https:\/\/www.przedszkole161.pl\/#\/schema\/person\/673325371d681555a8b67c870d21faac"},"headline":"Dzie\u0144 kota","datePublished":"2025-02-17T21:06:37+00:00","mainEntityOfPage":{"@id":"https:\/\/ple161.poznan.pl\/?p=10310"},"wordCount":153,"image":{"@id":"https:\/\/ple161.poznan.pl\/?p=10310#primaryimage"},"thumbnailUrl":"https:\/\/ple161.poznan.pl\/wp-content\/uploads\/2022\/02\/IMG_9540.jpg","articleSection":["Aktualno\u015bci","Wydarzenia"],"inLanguage":"pl-PL"},{"@type":"WebPage","@id":"https:\/\/ple161.poznan.pl\/?p=10310","url":"https:\/\/ple161.poznan.pl\/?p=10310","name":"Dzie\u0144 kota - Przedszkole im. Ksi\u0119cia Przemys\u0142awa","isPartOf":{"@id":"https:\/\/www.przedszkole161.pl\/#website"},"primaryImageOfPage":{"@id":"https:\/\/ple161.poznan.pl\/?p=10310#primaryimage"},"image":{"@id":"https:\/\/ple161.poznan.pl\/?p=10310#primaryimage"},"thumbnailUrl":"https:\/\/ple161.poznan.pl\/wp-content\/uploads\/2022\/02\/IMG_9540.jpg","datePublished":"2025-02-17T21:06:37+00:00","author":{"@id":"https:\/\/www.przedszkole161.pl\/#\/schema\/person\/673325371d681555a8b67c870d21faac"},"breadcrumb":{"@id":"https:\/\/ple161.poznan.pl\/?p=10310#breadcrumb"},"inLanguage":"pl-PL","potentialAction":[{"@type":"ReadAction","target":["https:\/\/ple161.poznan.pl\/?p=10310"]}]},{"@type":"ImageObject","inLanguage":"pl-PL","@id":"https:\/\/ple161.poznan.pl\/?p=10310#primaryimage","url":"https:\/\/ple161.poznan.pl\/wp-content\/uploads\/2022\/02\/IMG_9540.jpg","contentUrl":"https:\/\/ple161.poznan.pl\/wp-content\/uploads\/2022\/02\/IMG_9540.jpg","width":214,"height":320},{"@type":"BreadcrumbList","@id":"https:\/\/ple161.poznan.pl\/?p=10310#breadcrumb","itemListElement":[{"@type":"ListItem","position":1,"name":"Strona g\u0142\u00f3wna","item":"https:\/\/www.przedszkole161.pl\/"},{"@type":"ListItem","position":2,"name":"Dzie\u0144 kota"}]},{"@type":"WebSite","@id":"https:\/\/www.przedszkole161.pl\/#website","url":"https:\/\/www.przedszkole161.pl\/","name":"Przedszkole im. Ksi\u0119cia Przemys\u0142awa 161","description":"","potentialAction":[{"@type":"SearchAction","target":{"@type":"EntryPoint","urlTemplate":"https:\/\/www.przedszkole161.pl\/?s={search_term_string}"},"query-input":{"@type":"PropertyValueSpecification","valueRequired":true,"valueName":"search_term_string"}}],"inLanguage":"pl-PL"},{"@type":"Person","@id":"https:\/\/www.przedszkole161.pl\/#\/schema\/person\/673325371d681555a8b67c870d21faac","name":"Magda Dulemba","image":{"@type":"ImageObject","inLanguage":"pl-PL","@id":"https:\/\/secure.gravatar.com\/avatar\/f6f4cc73208d68c67fc19e1f80620e23d66ef2a923cb26a6d726fbc6a55bbcbc?s=96&d=mm&r=g","url":"https:\/\/secure.gravatar.com\/avatar\/f6f4cc73208d68c67fc19e1f80620e23d66ef2a923cb26a6d726fbc6a55bbcbc?s=96&d=mm&r=g","contentUrl":"https:\/\/secure.gravatar.com\/avatar\/f6f4cc73208d68c67fc19e1f80620e23d66ef2a923cb26a6d726fbc6a55bbcbc?s=96&d=mm&r=g","caption":"Magda Dulemba"},"url":"https:\/\/ple161.poznan.pl\/?author=2"}]}},"_links":{"self":[{"href":"https:\/\/ple161.poznan.pl\/index.php?rest_route=\/wp\/v2\/posts\/10310","targetHints":{"allow":["GET"]}}],"collection":[{"href":"https:\/\/ple161.poznan.pl\/index.php?rest_route=\/wp\/v2\/posts"}],"about":[{"href":"https:\/\/ple161.poznan.pl\/index.php?rest_route=\/wp\/v2\/types\/post"}],"author":[{"embeddable":true,"href":"https:\/\/ple161.poznan.pl\/index.php?rest_route=\/wp\/v2\/users\/2"}],"replies":[{"embeddable":true,"href":"https:\/\/ple161.poznan.pl\/index.php?rest_route=%2Fwp%2Fv2%2Fcomments&post=10310"}],"version-history":[{"count":1,"href":"https:\/\/ple161.poznan.pl\/index.php?rest_route=\/wp\/v2\/posts\/10310\/revisions"}],"predecessor-version":[{"id":10311,"href":"https:\/\/ple161.poznan.pl\/index.php?rest_route=\/wp\/v2\/posts\/10310\/revisions\/10311"}],"wp:featuredmedia":[{"embeddable":true,"href":"https:\/\/ple161.poznan.pl\/index.php?rest_route=\/wp\/v2\/media\/6943"}],"wp:attachment":[{"href":"https:\/\/ple161.poznan.pl\/index.php?rest_route=%2Fwp%2Fv2%2Fmedia&parent=10310"}],"wp:term":[{"taxonomy":"category","embeddable":true,"href":"https:\/\/ple161.poznan.pl\/index.php?rest_route=%2Fwp%2Fv2%2Fcategories&post=10310"},{"taxonomy":"post_tag","embeddable":true,"href":"https:\/\/ple161.poznan.pl\/index.php?rest_route=%2Fwp%2Fv2%2Ftags&post=10310"}],"curies":[{"name":"wp","href":"https:\/\/api.w.org\/{rel}","templated":true}]}}