{"id":10277,"date":"2025-02-16T19:01:01","date_gmt":"2025-02-16T18:01:01","guid":{"rendered":"https:\/\/ple161.poznan.pl\/?p=10277"},"modified":"2025-02-16T19:01:01","modified_gmt":"2025-02-16T18:01:01","slug":"projekt-zwolnij-i-zainspiruj","status":"publish","type":"post","link":"https:\/\/ple161.poznan.pl\/?p=10277","title":{"rendered":"Projekt &#8222;Zwolnij i zainspiruj&#8221;"},"content":{"rendered":"<p><strong>Serdecznie zapraszamy do wzi\u0119cia udzia\u0142u w naszym projekcie ZZ\u00a0 czyli \u201cZwolnij i zainspiruj<\/strong><strong>\u201d<\/strong><\/p>\n<p>Ka\u017cdemu czasem zdarza si\u0119 by\u0107 tak zm\u0119czonym po pracy oraz po wykonaniu r\u00f3\u017cnych obowi\u0105zk\u00f3w, \u017ce \u00a0m\u00f3wimy dziecku\u00a0<em>\u201eDzisiaj nie mog\u0119, bo mam du\u017co obowi\u0105zk\u00f3w\u201d<\/em>\u00a0lub\u00a0<em>\u201eNie teraz, mamusia ma za du\u017co pracy, jutro p\u00f3jdziemy do parku i na plac zabaw\u201d<\/em>?\u00a0 Ma\u0142e dziecko to mn\u00f3stwo obowi\u0105zk\u00f3w i m\u0119cz\u0105ce dni, ale pami\u0119taj, \u017ce ten czas szybko minie. W mgnieniu oka Tw\u00f3j przedszkolak zamieni si\u0119 w 15-letniego nastolatka i wtedy b\u0119dziecie chcieli sp\u0119dzi\u0107 z nim czas. Ale wtedy weekend z dzieckiem nie b\u0119dzie ju\u017c na wyci\u0105gni\u0119cie r\u0119ki. Twoje prawie doros\u0142e dziecko b\u0119dzie zbyt zaj\u0119te planowaniem weekend\u00f3w z przyjaci\u00f3\u0142mi<\/p>\n<p>Dlatego wykorzystaj jak najwi\u0119cej czasu ze swoim dzieckiem, poniewa\u017c jest on bardzo cenny i ju\u017c nie wr\u00f3ci.<\/p>\n<p>Celem naszego projektu jest stworzenie tablicy inspiracji i \u00a0pomys\u0142\u00f3w, w jaki spos\u00f3b Pa\u0144stwo sp\u0119dzaj\u0105 czas ze swoimi dzie\u0107mi oraz rodzinami.<\/p>\n<p><strong><u>Karteczki z pomys\u0142ami prosimy wrzuca\u0107 do specjalnej \u201ewalizeczki pomys\u0142\u00f3w\u201d do dnia 25.04.2024<\/u><\/strong>.<\/p>\n<p>Z wszystkich zebranych inspiracji stworzymy tablic\u0119, kt\u00f3ra mamy nadziej\u0119 b\u0119dzie wspania\u0142ym \u017ar\u00f3d\u0142em inspiracji.<\/p>\n<ul>\n<li>Magdalena Walczak-Rutkowska<\/li>\n<li>Agata Kabaci\u0144ska<\/li>\n<li>Natalia Ka\u017amierczak-Jerzyk<\/li>\n<\/ul>\n","protected":false},"excerpt":{"rendered":"<p>Serdecznie zapraszamy do wzi\u0119cia udzia\u0142u w naszym projekcie ZZ\u00a0 czyli \u201cZwolnij i zainspiruj\u201d Ka\u017cdemu czasem zdarza si\u0119 by\u0107 tak zm\u0119czonym po pracy oraz po wykonaniu r\u00f3\u017cnych obowi\u0105zk\u00f3w, \u017ce \u00a0m\u00f3wimy dziecku\u00a0\u201eDzisiaj nie mog\u0119, bo mam du\u017co obowi\u0105zk\u00f3w\u201d\u00a0lub\u00a0\u201eNie teraz, mamusia ma za du\u017co pracy, jutro p\u00f3jdziemy do parku i na plac zabaw\u201d?\u00a0 Ma\u0142e dziecko to mn\u00f3stwo obowi\u0105zk\u00f3w [&hellip;]<\/p>\n","protected":false},"author":2,"featured_media":6443,"comment_status":"closed","ping_status":"closed","sticky":false,"template":"","format":"standard","meta":{"ngg_post_thumbnail":0,"footnotes":""},"categories":[4,1],"tags":[],"class_list":["post-10277","post","type-post","status-publish","format-standard","has-post-thumbnail","hentry","category-aktualnosci","category-wydarzenia"],"yoast_head":"<!-- This site is optimized with the Yoast SEO plugin v27.4 - https:\/\/yoast.com\/product\/yoast-seo-wordpress\/ -->\n<title>Projekt &quot;Zwolnij i zainspiruj&quot; - Przedszkole im. Ksi\u0119cia Przemys\u0142awa<\/title>\n<meta name=\"robots\" content=\"noindex, follow\" \/>\n<meta property=\"og:locale\" content=\"pl_PL\" \/>\n<meta property=\"og:type\" content=\"article\" \/>\n<meta property=\"og:title\" content=\"Projekt &quot;Zwolnij i zainspiruj&quot; - Przedszkole im. Ksi\u0119cia Przemys\u0142awa\" \/>\n<meta property=\"og:description\" content=\"Serdecznie zapraszamy do wzi\u0119cia udzia\u0142u w naszym projekcie ZZ\u00a0 czyli \u201cZwolnij i zainspiruj\u201d Ka\u017cdemu czasem zdarza si\u0119 by\u0107 tak zm\u0119czonym po pracy oraz po wykonaniu r\u00f3\u017cnych obowi\u0105zk\u00f3w, \u017ce \u00a0m\u00f3wimy dziecku\u00a0\u201eDzisiaj nie mog\u0119, bo mam du\u017co obowi\u0105zk\u00f3w\u201d\u00a0lub\u00a0\u201eNie teraz, mamusia ma za du\u017co pracy, jutro p\u00f3jdziemy do parku i na plac zabaw\u201d?\u00a0 Ma\u0142e dziecko to mn\u00f3stwo obowi\u0105zk\u00f3w [&hellip;]\" \/>\n<meta property=\"og:url\" content=\"https:\/\/ple161.poznan.pl\/?p=10277\" \/>\n<meta property=\"og:site_name\" content=\"Przedszkole im. Ksi\u0119cia Przemys\u0142awa\" \/>\n<meta property=\"article:published_time\" content=\"2025-02-16T18:01:01+00:00\" \/>\n<meta property=\"og:image\" content=\"https:\/\/ple161.poznan.pl\/wp-content\/uploads\/2021\/10\/przyroda.jpg\" \/>\n\t<meta property=\"og:image:width\" content=\"481\" \/>\n\t<meta property=\"og:image:height\" content=\"301\" \/>\n\t<meta property=\"og:image:type\" content=\"image\/jpeg\" \/>\n<meta name=\"author\" content=\"Magda Dulemba\" \/>\n<meta name=\"twitter:card\" content=\"summary_large_image\" \/>\n<meta name=\"twitter:label1\" content=\"Napisane przez\" \/>\n\t<meta name=\"twitter:data1\" content=\"Magda Dulemba\" \/>\n\t<meta name=\"twitter:label2\" content=\"Szacowany czas czytania\" \/>\n\t<meta name=\"twitter:data2\" content=\"2 minuty\" \/>\n<script type=\"application\/ld+json\" class=\"yoast-schema-graph\">{\"@context\":\"https:\\\/\\\/schema.org\",\"@graph\":[{\"@type\":\"Article\",\"@id\":\"https:\\\/\\\/ple161.poznan.pl\\\/?p=10277#article\",\"isPartOf\":{\"@id\":\"https:\\\/\\\/ple161.poznan.pl\\\/?p=10277\"},\"author\":{\"name\":\"Magda Dulemba\",\"@id\":\"https:\\\/\\\/www.przedszkole161.pl\\\/#\\\/schema\\\/person\\\/673325371d681555a8b67c870d21faac\"},\"headline\":\"Projekt &#8222;Zwolnij i zainspiruj&#8221;\",\"datePublished\":\"2025-02-16T18:01:01+00:00\",\"mainEntityOfPage\":{\"@id\":\"https:\\\/\\\/ple161.poznan.pl\\\/?p=10277\"},\"wordCount\":227,\"image\":{\"@id\":\"https:\\\/\\\/ple161.poznan.pl\\\/?p=10277#primaryimage\"},\"thumbnailUrl\":\"https:\\\/\\\/ple161.poznan.pl\\\/wp-content\\\/uploads\\\/2021\\\/10\\\/przyroda.jpg\",\"articleSection\":[\"Aktualno\u015bci\",\"Wydarzenia\"],\"inLanguage\":\"pl-PL\"},{\"@type\":\"WebPage\",\"@id\":\"https:\\\/\\\/ple161.poznan.pl\\\/?p=10277\",\"url\":\"https:\\\/\\\/ple161.poznan.pl\\\/?p=10277\",\"name\":\"Projekt \\\"Zwolnij i zainspiruj\\\" - Przedszkole im. Ksi\u0119cia Przemys\u0142awa\",\"isPartOf\":{\"@id\":\"https:\\\/\\\/www.przedszkole161.pl\\\/#website\"},\"primaryImageOfPage\":{\"@id\":\"https:\\\/\\\/ple161.poznan.pl\\\/?p=10277#primaryimage\"},\"image\":{\"@id\":\"https:\\\/\\\/ple161.poznan.pl\\\/?p=10277#primaryimage\"},\"thumbnailUrl\":\"https:\\\/\\\/ple161.poznan.pl\\\/wp-content\\\/uploads\\\/2021\\\/10\\\/przyroda.jpg\",\"datePublished\":\"2025-02-16T18:01:01+00:00\",\"author\":{\"@id\":\"https:\\\/\\\/www.przedszkole161.pl\\\/#\\\/schema\\\/person\\\/673325371d681555a8b67c870d21faac\"},\"breadcrumb\":{\"@id\":\"https:\\\/\\\/ple161.poznan.pl\\\/?p=10277#breadcrumb\"},\"inLanguage\":\"pl-PL\",\"potentialAction\":[{\"@type\":\"ReadAction\",\"target\":[\"https:\\\/\\\/ple161.poznan.pl\\\/?p=10277\"]}]},{\"@type\":\"ImageObject\",\"inLanguage\":\"pl-PL\",\"@id\":\"https:\\\/\\\/ple161.poznan.pl\\\/?p=10277#primaryimage\",\"url\":\"https:\\\/\\\/ple161.poznan.pl\\\/wp-content\\\/uploads\\\/2021\\\/10\\\/przyroda.jpg\",\"contentUrl\":\"https:\\\/\\\/ple161.poznan.pl\\\/wp-content\\\/uploads\\\/2021\\\/10\\\/przyroda.jpg\",\"width\":481,\"height\":301},{\"@type\":\"BreadcrumbList\",\"@id\":\"https:\\\/\\\/ple161.poznan.pl\\\/?p=10277#breadcrumb\",\"itemListElement\":[{\"@type\":\"ListItem\",\"position\":1,\"name\":\"Strona g\u0142\u00f3wna\",\"item\":\"https:\\\/\\\/www.przedszkole161.pl\\\/\"},{\"@type\":\"ListItem\",\"position\":2,\"name\":\"Projekt &#8222;Zwolnij i zainspiruj&#8221;\"}]},{\"@type\":\"WebSite\",\"@id\":\"https:\\\/\\\/www.przedszkole161.pl\\\/#website\",\"url\":\"https:\\\/\\\/www.przedszkole161.pl\\\/\",\"name\":\"Przedszkole im. Ksi\u0119cia Przemys\u0142awa 161\",\"description\":\"\",\"potentialAction\":[{\"@type\":\"SearchAction\",\"target\":{\"@type\":\"EntryPoint\",\"urlTemplate\":\"https:\\\/\\\/www.przedszkole161.pl\\\/?s={search_term_string}\"},\"query-input\":{\"@type\":\"PropertyValueSpecification\",\"valueRequired\":true,\"valueName\":\"search_term_string\"}}],\"inLanguage\":\"pl-PL\"},{\"@type\":\"Person\",\"@id\":\"https:\\\/\\\/www.przedszkole161.pl\\\/#\\\/schema\\\/person\\\/673325371d681555a8b67c870d21faac\",\"name\":\"Magda Dulemba\",\"image\":{\"@type\":\"ImageObject\",\"inLanguage\":\"pl-PL\",\"@id\":\"https:\\\/\\\/secure.gravatar.com\\\/avatar\\\/f6f4cc73208d68c67fc19e1f80620e23d66ef2a923cb26a6d726fbc6a55bbcbc?s=96&d=mm&r=g\",\"url\":\"https:\\\/\\\/secure.gravatar.com\\\/avatar\\\/f6f4cc73208d68c67fc19e1f80620e23d66ef2a923cb26a6d726fbc6a55bbcbc?s=96&d=mm&r=g\",\"contentUrl\":\"https:\\\/\\\/secure.gravatar.com\\\/avatar\\\/f6f4cc73208d68c67fc19e1f80620e23d66ef2a923cb26a6d726fbc6a55bbcbc?s=96&d=mm&r=g\",\"caption\":\"Magda Dulemba\"},\"url\":\"https:\\\/\\\/ple161.poznan.pl\\\/?author=2\"}]}<\/script>\n<!-- \/ Yoast SEO plugin. -->","yoast_head_json":{"title":"Projekt \"Zwolnij i zainspiruj\" - Przedszkole im. Ksi\u0119cia Przemys\u0142awa","robots":{"index":"noindex","follow":"follow"},"og_locale":"pl_PL","og_type":"article","og_title":"Projekt \"Zwolnij i zainspiruj\" - Przedszkole im. Ksi\u0119cia Przemys\u0142awa","og_description":"Serdecznie zapraszamy do wzi\u0119cia udzia\u0142u w naszym projekcie ZZ\u00a0 czyli \u201cZwolnij i zainspiruj\u201d Ka\u017cdemu czasem zdarza si\u0119 by\u0107 tak zm\u0119czonym po pracy oraz po wykonaniu r\u00f3\u017cnych obowi\u0105zk\u00f3w, \u017ce \u00a0m\u00f3wimy dziecku\u00a0\u201eDzisiaj nie mog\u0119, bo mam du\u017co obowi\u0105zk\u00f3w\u201d\u00a0lub\u00a0\u201eNie teraz, mamusia ma za du\u017co pracy, jutro p\u00f3jdziemy do parku i na plac zabaw\u201d?\u00a0 Ma\u0142e dziecko to mn\u00f3stwo obowi\u0105zk\u00f3w [&hellip;]","og_url":"https:\/\/ple161.poznan.pl\/?p=10277","og_site_name":"Przedszkole im. Ksi\u0119cia Przemys\u0142awa","article_published_time":"2025-02-16T18:01:01+00:00","og_image":[{"width":481,"height":301,"url":"https:\/\/ple161.poznan.pl\/wp-content\/uploads\/2021\/10\/przyroda.jpg","type":"image\/jpeg"}],"author":"Magda Dulemba","twitter_card":"summary_large_image","twitter_misc":{"Napisane przez":"Magda Dulemba","Szacowany czas czytania":"2 minuty"},"schema":{"@context":"https:\/\/schema.org","@graph":[{"@type":"Article","@id":"https:\/\/ple161.poznan.pl\/?p=10277#article","isPartOf":{"@id":"https:\/\/ple161.poznan.pl\/?p=10277"},"author":{"name":"Magda Dulemba","@id":"https:\/\/www.przedszkole161.pl\/#\/schema\/person\/673325371d681555a8b67c870d21faac"},"headline":"Projekt &#8222;Zwolnij i zainspiruj&#8221;","datePublished":"2025-02-16T18:01:01+00:00","mainEntityOfPage":{"@id":"https:\/\/ple161.poznan.pl\/?p=10277"},"wordCount":227,"image":{"@id":"https:\/\/ple161.poznan.pl\/?p=10277#primaryimage"},"thumbnailUrl":"https:\/\/ple161.poznan.pl\/wp-content\/uploads\/2021\/10\/przyroda.jpg","articleSection":["Aktualno\u015bci","Wydarzenia"],"inLanguage":"pl-PL"},{"@type":"WebPage","@id":"https:\/\/ple161.poznan.pl\/?p=10277","url":"https:\/\/ple161.poznan.pl\/?p=10277","name":"Projekt \"Zwolnij i zainspiruj\" - Przedszkole im. Ksi\u0119cia Przemys\u0142awa","isPartOf":{"@id":"https:\/\/www.przedszkole161.pl\/#website"},"primaryImageOfPage":{"@id":"https:\/\/ple161.poznan.pl\/?p=10277#primaryimage"},"image":{"@id":"https:\/\/ple161.poznan.pl\/?p=10277#primaryimage"},"thumbnailUrl":"https:\/\/ple161.poznan.pl\/wp-content\/uploads\/2021\/10\/przyroda.jpg","datePublished":"2025-02-16T18:01:01+00:00","author":{"@id":"https:\/\/www.przedszkole161.pl\/#\/schema\/person\/673325371d681555a8b67c870d21faac"},"breadcrumb":{"@id":"https:\/\/ple161.poznan.pl\/?p=10277#breadcrumb"},"inLanguage":"pl-PL","potentialAction":[{"@type":"ReadAction","target":["https:\/\/ple161.poznan.pl\/?p=10277"]}]},{"@type":"ImageObject","inLanguage":"pl-PL","@id":"https:\/\/ple161.poznan.pl\/?p=10277#primaryimage","url":"https:\/\/ple161.poznan.pl\/wp-content\/uploads\/2021\/10\/przyroda.jpg","contentUrl":"https:\/\/ple161.poznan.pl\/wp-content\/uploads\/2021\/10\/przyroda.jpg","width":481,"height":301},{"@type":"BreadcrumbList","@id":"https:\/\/ple161.poznan.pl\/?p=10277#breadcrumb","itemListElement":[{"@type":"ListItem","position":1,"name":"Strona g\u0142\u00f3wna","item":"https:\/\/www.przedszkole161.pl\/"},{"@type":"ListItem","position":2,"name":"Projekt &#8222;Zwolnij i zainspiruj&#8221;"}]},{"@type":"WebSite","@id":"https:\/\/www.przedszkole161.pl\/#website","url":"https:\/\/www.przedszkole161.pl\/","name":"Przedszkole im. Ksi\u0119cia Przemys\u0142awa 161","description":"","potentialAction":[{"@type":"SearchAction","target":{"@type":"EntryPoint","urlTemplate":"https:\/\/www.przedszkole161.pl\/?s={search_term_string}"},"query-input":{"@type":"PropertyValueSpecification","valueRequired":true,"valueName":"search_term_string"}}],"inLanguage":"pl-PL"},{"@type":"Person","@id":"https:\/\/www.przedszkole161.pl\/#\/schema\/person\/673325371d681555a8b67c870d21faac","name":"Magda Dulemba","image":{"@type":"ImageObject","inLanguage":"pl-PL","@id":"https:\/\/secure.gravatar.com\/avatar\/f6f4cc73208d68c67fc19e1f80620e23d66ef2a923cb26a6d726fbc6a55bbcbc?s=96&d=mm&r=g","url":"https:\/\/secure.gravatar.com\/avatar\/f6f4cc73208d68c67fc19e1f80620e23d66ef2a923cb26a6d726fbc6a55bbcbc?s=96&d=mm&r=g","contentUrl":"https:\/\/secure.gravatar.com\/avatar\/f6f4cc73208d68c67fc19e1f80620e23d66ef2a923cb26a6d726fbc6a55bbcbc?s=96&d=mm&r=g","caption":"Magda Dulemba"},"url":"https:\/\/ple161.poznan.pl\/?author=2"}]}},"_links":{"self":[{"href":"https:\/\/ple161.poznan.pl\/index.php?rest_route=\/wp\/v2\/posts\/10277","targetHints":{"allow":["GET"]}}],"collection":[{"href":"https:\/\/ple161.poznan.pl\/index.php?rest_route=\/wp\/v2\/posts"}],"about":[{"href":"https:\/\/ple161.poznan.pl\/index.php?rest_route=\/wp\/v2\/types\/post"}],"author":[{"embeddable":true,"href":"https:\/\/ple161.poznan.pl\/index.php?rest_route=\/wp\/v2\/users\/2"}],"replies":[{"embeddable":true,"href":"https:\/\/ple161.poznan.pl\/index.php?rest_route=%2Fwp%2Fv2%2Fcomments&post=10277"}],"version-history":[{"count":1,"href":"https:\/\/ple161.poznan.pl\/index.php?rest_route=\/wp\/v2\/posts\/10277\/revisions"}],"predecessor-version":[{"id":10278,"href":"https:\/\/ple161.poznan.pl\/index.php?rest_route=\/wp\/v2\/posts\/10277\/revisions\/10278"}],"wp:featuredmedia":[{"embeddable":true,"href":"https:\/\/ple161.poznan.pl\/index.php?rest_route=\/wp\/v2\/media\/6443"}],"wp:attachment":[{"href":"https:\/\/ple161.poznan.pl\/index.php?rest_route=%2Fwp%2Fv2%2Fmedia&parent=10277"}],"wp:term":[{"taxonomy":"category","embeddable":true,"href":"https:\/\/ple161.poznan.pl\/index.php?rest_route=%2Fwp%2Fv2%2Fcategories&post=10277"},{"taxonomy":"post_tag","embeddable":true,"href":"https:\/\/ple161.poznan.pl\/index.php?rest_route=%2Fwp%2Fv2%2Ftags&post=10277"}],"curies":[{"name":"wp","href":"https:\/\/api.w.org\/{rel}","templated":true}]}}