{"id":10251,"date":"2024-11-23T20:59:39","date_gmt":"2024-11-23T19:59:39","guid":{"rendered":"https:\/\/ple161.poznan.pl\/?p=10251"},"modified":"2025-01-27T21:04:28","modified_gmt":"2025-01-27T20:04:28","slug":"warsztaty-z-pierwszej-pomocy","status":"publish","type":"post","link":"https:\/\/ple161.poznan.pl\/?p=10251","title":{"rendered":"Warsztaty z pierwszej pomocy"},"content":{"rendered":"<p>W dniu 22.11.2024 r dzieci z grupy Rusa\u0142ek uda\u0142y si\u0119 na fascynuj\u0105c\u0105 wycieczk\u0119, podczas kt\u00f3rej mia\u0142y okazj\u0119 uczestniczy\u0107 w warsztatach z zakresu pierwszej pomocy. Zaj\u0119cia mia\u0142y na celu nie tylko edukacj\u0119 przedszkolak\u00f3w w zakresie podstawowych zasad udzielania pomocy, ale r\u00f3wnie\u017c umo\u017cliwi\u0142y im poznanie pracy dyspozytora medycznego oraz zapoznanie si\u0119 z wyposa\u017ceniem dzieci\u0119cej karetki pogotowia.<\/p>\n<p>W trakcie warsztat\u00f3w dzieci dowiedzia\u0142y si\u0119, jak wa\u017cne jest szybkie reagowanie w sytuacjach kryzysowych, oraz jak wezwa\u0107 pomoc dzwoni\u0105c na numer alarmowy. Szczeg\u00f3ln\u0105 atrakcj\u0105 dla maluch\u00f3w by\u0142a mo\u017cliwo\u015b\u0107 spotkania z dyspozytorem medycznym, kt\u00f3ry opowiedzia\u0142 o swojej pracy i pokaza\u0142, jak wygl\u0105da proces przyjmowania zg\u0142oszenia i wysy\u0142ania karetki na miejsce zdarzenia.<\/p>\n<p>Wielk\u0105 rado\u015b\u0107 wywo\u0142a\u0142o tak\u017ce zwiedzanie dzieci\u0119cej karetki. Przedszkolaki mog\u0142y na w\u0142asne oczy zobaczy\u0107, jak wygl\u0105da wn\u0119trze pojazdu ratunkowego, jakie urz\u0105dzenia znajduj\u0105 si\u0119 w \u015brodku oraz jak wygl\u0105da codzienna praca ratownik\u00f3w medycznych. Dzieci z zainteresowaniem ogl\u0105da\u0142y specjalistyczny sprz\u0119t, a tak\u017ce mia\u0142y okazj\u0119 usi\u0105\u015b\u0107 w fotelu kierowcy i pozna\u0107 tajniki funkcjonowania karetki.<\/p>\n<p>Warsztaty by\u0142y doskona\u0142\u0105 okazj\u0105, by w przyst\u0119pny spos\u00f3b przekaza\u0107 dzieciom wa\u017cne informacje o bezpiecze\u0144stwie i odpowiedzialno\u015bci w nag\u0142ych sytuacjach. Maluchy wr\u00f3ci\u0142y pe\u0142ne wra\u017ce\u0144 i wiedzy, kt\u00f3r\u0105 na pewno b\u0119d\u0105 mog\u0142y wykorzysta\u0107 w przysz\u0142o\u015bci.<\/p>\n","protected":false},"excerpt":{"rendered":"<p>W dniu 22.11.2024 r dzieci z grupy Rusa\u0142ek uda\u0142y si\u0119 na fascynuj\u0105c\u0105 wycieczk\u0119, podczas kt\u00f3rej mia\u0142y okazj\u0119 uczestniczy\u0107 w warsztatach z zakresu pierwszej pomocy. Zaj\u0119cia mia\u0142y na celu nie tylko edukacj\u0119 przedszkolak\u00f3w w zakresie podstawowych zasad udzielania pomocy, ale r\u00f3wnie\u017c umo\u017cliwi\u0142y im poznanie pracy dyspozytora medycznego oraz zapoznanie si\u0119 z wyposa\u017ceniem dzieci\u0119cej karetki pogotowia. W [&hellip;]<\/p>\n","protected":false},"author":2,"featured_media":1315,"comment_status":"closed","ping_status":"closed","sticky":false,"template":"","format":"standard","meta":{"ngg_post_thumbnail":0,"footnotes":""},"categories":[4,1],"tags":[],"class_list":["post-10251","post","type-post","status-publish","format-standard","has-post-thumbnail","hentry","category-aktualnosci","category-wydarzenia"],"yoast_head":"<!-- This site is optimized with the Yoast SEO plugin v27.4 - https:\/\/yoast.com\/product\/yoast-seo-wordpress\/ -->\n<title>Warsztaty z pierwszej pomocy - Przedszkole im. Ksi\u0119cia Przemys\u0142awa<\/title>\n<meta name=\"robots\" content=\"noindex, follow\" \/>\n<meta property=\"og:locale\" content=\"pl_PL\" \/>\n<meta property=\"og:type\" content=\"article\" \/>\n<meta property=\"og:title\" content=\"Warsztaty z pierwszej pomocy - Przedszkole im. Ksi\u0119cia Przemys\u0142awa\" \/>\n<meta property=\"og:description\" content=\"W dniu 22.11.2024 r dzieci z grupy Rusa\u0142ek uda\u0142y si\u0119 na fascynuj\u0105c\u0105 wycieczk\u0119, podczas kt\u00f3rej mia\u0142y okazj\u0119 uczestniczy\u0107 w warsztatach z zakresu pierwszej pomocy. Zaj\u0119cia mia\u0142y na celu nie tylko edukacj\u0119 przedszkolak\u00f3w w zakresie podstawowych zasad udzielania pomocy, ale r\u00f3wnie\u017c umo\u017cliwi\u0142y im poznanie pracy dyspozytora medycznego oraz zapoznanie si\u0119 z wyposa\u017ceniem dzieci\u0119cej karetki pogotowia. W [&hellip;]\" \/>\n<meta property=\"og:url\" content=\"https:\/\/ple161.poznan.pl\/?p=10251\" \/>\n<meta property=\"og:site_name\" content=\"Przedszkole im. Ksi\u0119cia Przemys\u0142awa\" \/>\n<meta property=\"article:published_time\" content=\"2024-11-23T19:59:39+00:00\" \/>\n<meta property=\"article:modified_time\" content=\"2025-01-27T20:04:28+00:00\" \/>\n<meta property=\"og:image\" content=\"https:\/\/ple161.poznan.pl\/wp-content\/uploads\/2015\/04\/zdj\u0119cie1-1024x765.jpg\" \/>\n\t<meta property=\"og:image:width\" content=\"1024\" \/>\n\t<meta property=\"og:image:height\" content=\"765\" \/>\n\t<meta property=\"og:image:type\" content=\"image\/jpeg\" \/>\n<meta name=\"author\" content=\"Magda Dulemba\" \/>\n<meta name=\"twitter:card\" content=\"summary_large_image\" \/>\n<meta name=\"twitter:label1\" content=\"Napisane przez\" \/>\n\t<meta name=\"twitter:data1\" content=\"Magda Dulemba\" \/>\n\t<meta name=\"twitter:label2\" content=\"Szacowany czas czytania\" \/>\n\t<meta name=\"twitter:data2\" content=\"2 minuty\" \/>\n<script type=\"application\/ld+json\" class=\"yoast-schema-graph\">{\"@context\":\"https:\\\/\\\/schema.org\",\"@graph\":[{\"@type\":\"Article\",\"@id\":\"https:\\\/\\\/ple161.poznan.pl\\\/?p=10251#article\",\"isPartOf\":{\"@id\":\"https:\\\/\\\/ple161.poznan.pl\\\/?p=10251\"},\"author\":{\"name\":\"Magda Dulemba\",\"@id\":\"https:\\\/\\\/www.przedszkole161.pl\\\/#\\\/schema\\\/person\\\/673325371d681555a8b67c870d21faac\"},\"headline\":\"Warsztaty z pierwszej pomocy\",\"datePublished\":\"2024-11-23T19:59:39+00:00\",\"dateModified\":\"2025-01-27T20:04:28+00:00\",\"mainEntityOfPage\":{\"@id\":\"https:\\\/\\\/ple161.poznan.pl\\\/?p=10251\"},\"wordCount\":247,\"image\":{\"@id\":\"https:\\\/\\\/ple161.poznan.pl\\\/?p=10251#primaryimage\"},\"thumbnailUrl\":\"https:\\\/\\\/ple161.poznan.pl\\\/wp-content\\\/uploads\\\/2015\\\/04\\\/zdj\u0119cie1.jpg\",\"articleSection\":[\"Aktualno\u015bci\",\"Wydarzenia\"],\"inLanguage\":\"pl-PL\"},{\"@type\":\"WebPage\",\"@id\":\"https:\\\/\\\/ple161.poznan.pl\\\/?p=10251\",\"url\":\"https:\\\/\\\/ple161.poznan.pl\\\/?p=10251\",\"name\":\"Warsztaty z pierwszej pomocy - Przedszkole im. Ksi\u0119cia Przemys\u0142awa\",\"isPartOf\":{\"@id\":\"https:\\\/\\\/www.przedszkole161.pl\\\/#website\"},\"primaryImageOfPage\":{\"@id\":\"https:\\\/\\\/ple161.poznan.pl\\\/?p=10251#primaryimage\"},\"image\":{\"@id\":\"https:\\\/\\\/ple161.poznan.pl\\\/?p=10251#primaryimage\"},\"thumbnailUrl\":\"https:\\\/\\\/ple161.poznan.pl\\\/wp-content\\\/uploads\\\/2015\\\/04\\\/zdj\u0119cie1.jpg\",\"datePublished\":\"2024-11-23T19:59:39+00:00\",\"dateModified\":\"2025-01-27T20:04:28+00:00\",\"author\":{\"@id\":\"https:\\\/\\\/www.przedszkole161.pl\\\/#\\\/schema\\\/person\\\/673325371d681555a8b67c870d21faac\"},\"breadcrumb\":{\"@id\":\"https:\\\/\\\/ple161.poznan.pl\\\/?p=10251#breadcrumb\"},\"inLanguage\":\"pl-PL\",\"potentialAction\":[{\"@type\":\"ReadAction\",\"target\":[\"https:\\\/\\\/ple161.poznan.pl\\\/?p=10251\"]}]},{\"@type\":\"ImageObject\",\"inLanguage\":\"pl-PL\",\"@id\":\"https:\\\/\\\/ple161.poznan.pl\\\/?p=10251#primaryimage\",\"url\":\"https:\\\/\\\/ple161.poznan.pl\\\/wp-content\\\/uploads\\\/2015\\\/04\\\/zdj\u0119cie1.jpg\",\"contentUrl\":\"https:\\\/\\\/ple161.poznan.pl\\\/wp-content\\\/uploads\\\/2015\\\/04\\\/zdj\u0119cie1.jpg\",\"width\":2592,\"height\":1936},{\"@type\":\"BreadcrumbList\",\"@id\":\"https:\\\/\\\/ple161.poznan.pl\\\/?p=10251#breadcrumb\",\"itemListElement\":[{\"@type\":\"ListItem\",\"position\":1,\"name\":\"Strona g\u0142\u00f3wna\",\"item\":\"https:\\\/\\\/www.przedszkole161.pl\\\/\"},{\"@type\":\"ListItem\",\"position\":2,\"name\":\"Warsztaty z pierwszej pomocy\"}]},{\"@type\":\"WebSite\",\"@id\":\"https:\\\/\\\/www.przedszkole161.pl\\\/#website\",\"url\":\"https:\\\/\\\/www.przedszkole161.pl\\\/\",\"name\":\"Przedszkole im. Ksi\u0119cia Przemys\u0142awa 161\",\"description\":\"\",\"potentialAction\":[{\"@type\":\"SearchAction\",\"target\":{\"@type\":\"EntryPoint\",\"urlTemplate\":\"https:\\\/\\\/www.przedszkole161.pl\\\/?s={search_term_string}\"},\"query-input\":{\"@type\":\"PropertyValueSpecification\",\"valueRequired\":true,\"valueName\":\"search_term_string\"}}],\"inLanguage\":\"pl-PL\"},{\"@type\":\"Person\",\"@id\":\"https:\\\/\\\/www.przedszkole161.pl\\\/#\\\/schema\\\/person\\\/673325371d681555a8b67c870d21faac\",\"name\":\"Magda Dulemba\",\"image\":{\"@type\":\"ImageObject\",\"inLanguage\":\"pl-PL\",\"@id\":\"https:\\\/\\\/secure.gravatar.com\\\/avatar\\\/f6f4cc73208d68c67fc19e1f80620e23d66ef2a923cb26a6d726fbc6a55bbcbc?s=96&d=mm&r=g\",\"url\":\"https:\\\/\\\/secure.gravatar.com\\\/avatar\\\/f6f4cc73208d68c67fc19e1f80620e23d66ef2a923cb26a6d726fbc6a55bbcbc?s=96&d=mm&r=g\",\"contentUrl\":\"https:\\\/\\\/secure.gravatar.com\\\/avatar\\\/f6f4cc73208d68c67fc19e1f80620e23d66ef2a923cb26a6d726fbc6a55bbcbc?s=96&d=mm&r=g\",\"caption\":\"Magda Dulemba\"},\"url\":\"https:\\\/\\\/ple161.poznan.pl\\\/?author=2\"}]}<\/script>\n<!-- \/ Yoast SEO plugin. -->","yoast_head_json":{"title":"Warsztaty z pierwszej pomocy - Przedszkole im. Ksi\u0119cia Przemys\u0142awa","robots":{"index":"noindex","follow":"follow"},"og_locale":"pl_PL","og_type":"article","og_title":"Warsztaty z pierwszej pomocy - Przedszkole im. Ksi\u0119cia Przemys\u0142awa","og_description":"W dniu 22.11.2024 r dzieci z grupy Rusa\u0142ek uda\u0142y si\u0119 na fascynuj\u0105c\u0105 wycieczk\u0119, podczas kt\u00f3rej mia\u0142y okazj\u0119 uczestniczy\u0107 w warsztatach z zakresu pierwszej pomocy. Zaj\u0119cia mia\u0142y na celu nie tylko edukacj\u0119 przedszkolak\u00f3w w zakresie podstawowych zasad udzielania pomocy, ale r\u00f3wnie\u017c umo\u017cliwi\u0142y im poznanie pracy dyspozytora medycznego oraz zapoznanie si\u0119 z wyposa\u017ceniem dzieci\u0119cej karetki pogotowia. W [&hellip;]","og_url":"https:\/\/ple161.poznan.pl\/?p=10251","og_site_name":"Przedszkole im. Ksi\u0119cia Przemys\u0142awa","article_published_time":"2024-11-23T19:59:39+00:00","article_modified_time":"2025-01-27T20:04:28+00:00","og_image":[{"width":1024,"height":765,"url":"https:\/\/ple161.poznan.pl\/wp-content\/uploads\/2015\/04\/zdj\u0119cie1-1024x765.jpg","type":"image\/jpeg"}],"author":"Magda Dulemba","twitter_card":"summary_large_image","twitter_misc":{"Napisane przez":"Magda Dulemba","Szacowany czas czytania":"2 minuty"},"schema":{"@context":"https:\/\/schema.org","@graph":[{"@type":"Article","@id":"https:\/\/ple161.poznan.pl\/?p=10251#article","isPartOf":{"@id":"https:\/\/ple161.poznan.pl\/?p=10251"},"author":{"name":"Magda Dulemba","@id":"https:\/\/www.przedszkole161.pl\/#\/schema\/person\/673325371d681555a8b67c870d21faac"},"headline":"Warsztaty z pierwszej pomocy","datePublished":"2024-11-23T19:59:39+00:00","dateModified":"2025-01-27T20:04:28+00:00","mainEntityOfPage":{"@id":"https:\/\/ple161.poznan.pl\/?p=10251"},"wordCount":247,"image":{"@id":"https:\/\/ple161.poznan.pl\/?p=10251#primaryimage"},"thumbnailUrl":"https:\/\/ple161.poznan.pl\/wp-content\/uploads\/2015\/04\/zdj\u0119cie1.jpg","articleSection":["Aktualno\u015bci","Wydarzenia"],"inLanguage":"pl-PL"},{"@type":"WebPage","@id":"https:\/\/ple161.poznan.pl\/?p=10251","url":"https:\/\/ple161.poznan.pl\/?p=10251","name":"Warsztaty z pierwszej pomocy - Przedszkole im. Ksi\u0119cia Przemys\u0142awa","isPartOf":{"@id":"https:\/\/www.przedszkole161.pl\/#website"},"primaryImageOfPage":{"@id":"https:\/\/ple161.poznan.pl\/?p=10251#primaryimage"},"image":{"@id":"https:\/\/ple161.poznan.pl\/?p=10251#primaryimage"},"thumbnailUrl":"https:\/\/ple161.poznan.pl\/wp-content\/uploads\/2015\/04\/zdj\u0119cie1.jpg","datePublished":"2024-11-23T19:59:39+00:00","dateModified":"2025-01-27T20:04:28+00:00","author":{"@id":"https:\/\/www.przedszkole161.pl\/#\/schema\/person\/673325371d681555a8b67c870d21faac"},"breadcrumb":{"@id":"https:\/\/ple161.poznan.pl\/?p=10251#breadcrumb"},"inLanguage":"pl-PL","potentialAction":[{"@type":"ReadAction","target":["https:\/\/ple161.poznan.pl\/?p=10251"]}]},{"@type":"ImageObject","inLanguage":"pl-PL","@id":"https:\/\/ple161.poznan.pl\/?p=10251#primaryimage","url":"https:\/\/ple161.poznan.pl\/wp-content\/uploads\/2015\/04\/zdj\u0119cie1.jpg","contentUrl":"https:\/\/ple161.poznan.pl\/wp-content\/uploads\/2015\/04\/zdj\u0119cie1.jpg","width":2592,"height":1936},{"@type":"BreadcrumbList","@id":"https:\/\/ple161.poznan.pl\/?p=10251#breadcrumb","itemListElement":[{"@type":"ListItem","position":1,"name":"Strona g\u0142\u00f3wna","item":"https:\/\/www.przedszkole161.pl\/"},{"@type":"ListItem","position":2,"name":"Warsztaty z pierwszej pomocy"}]},{"@type":"WebSite","@id":"https:\/\/www.przedszkole161.pl\/#website","url":"https:\/\/www.przedszkole161.pl\/","name":"Przedszkole im. Ksi\u0119cia Przemys\u0142awa 161","description":"","potentialAction":[{"@type":"SearchAction","target":{"@type":"EntryPoint","urlTemplate":"https:\/\/www.przedszkole161.pl\/?s={search_term_string}"},"query-input":{"@type":"PropertyValueSpecification","valueRequired":true,"valueName":"search_term_string"}}],"inLanguage":"pl-PL"},{"@type":"Person","@id":"https:\/\/www.przedszkole161.pl\/#\/schema\/person\/673325371d681555a8b67c870d21faac","name":"Magda Dulemba","image":{"@type":"ImageObject","inLanguage":"pl-PL","@id":"https:\/\/secure.gravatar.com\/avatar\/f6f4cc73208d68c67fc19e1f80620e23d66ef2a923cb26a6d726fbc6a55bbcbc?s=96&d=mm&r=g","url":"https:\/\/secure.gravatar.com\/avatar\/f6f4cc73208d68c67fc19e1f80620e23d66ef2a923cb26a6d726fbc6a55bbcbc?s=96&d=mm&r=g","contentUrl":"https:\/\/secure.gravatar.com\/avatar\/f6f4cc73208d68c67fc19e1f80620e23d66ef2a923cb26a6d726fbc6a55bbcbc?s=96&d=mm&r=g","caption":"Magda Dulemba"},"url":"https:\/\/ple161.poznan.pl\/?author=2"}]}},"_links":{"self":[{"href":"https:\/\/ple161.poznan.pl\/index.php?rest_route=\/wp\/v2\/posts\/10251","targetHints":{"allow":["GET"]}}],"collection":[{"href":"https:\/\/ple161.poznan.pl\/index.php?rest_route=\/wp\/v2\/posts"}],"about":[{"href":"https:\/\/ple161.poznan.pl\/index.php?rest_route=\/wp\/v2\/types\/post"}],"author":[{"embeddable":true,"href":"https:\/\/ple161.poznan.pl\/index.php?rest_route=\/wp\/v2\/users\/2"}],"replies":[{"embeddable":true,"href":"https:\/\/ple161.poznan.pl\/index.php?rest_route=%2Fwp%2Fv2%2Fcomments&post=10251"}],"version-history":[{"count":1,"href":"https:\/\/ple161.poznan.pl\/index.php?rest_route=\/wp\/v2\/posts\/10251\/revisions"}],"predecessor-version":[{"id":10252,"href":"https:\/\/ple161.poznan.pl\/index.php?rest_route=\/wp\/v2\/posts\/10251\/revisions\/10252"}],"wp:featuredmedia":[{"embeddable":true,"href":"https:\/\/ple161.poznan.pl\/index.php?rest_route=\/wp\/v2\/media\/1315"}],"wp:attachment":[{"href":"https:\/\/ple161.poznan.pl\/index.php?rest_route=%2Fwp%2Fv2%2Fmedia&parent=10251"}],"wp:term":[{"taxonomy":"category","embeddable":true,"href":"https:\/\/ple161.poznan.pl\/index.php?rest_route=%2Fwp%2Fv2%2Fcategories&post=10251"},{"taxonomy":"post_tag","embeddable":true,"href":"https:\/\/ple161.poznan.pl\/index.php?rest_route=%2Fwp%2Fv2%2Ftags&post=10251"}],"curies":[{"name":"wp","href":"https:\/\/api.w.org\/{rel}","templated":true}]}}