{"id":10133,"date":"2025-01-02T08:04:58","date_gmt":"2025-01-02T07:04:58","guid":{"rendered":"https:\/\/ple161.poznan.pl\/?p=10133"},"modified":"2025-01-12T17:23:01","modified_gmt":"2025-01-12T16:23:01","slug":"wydarzenia-w-styczniu-2","status":"publish","type":"post","link":"https:\/\/ple161.poznan.pl\/?p=10133","title":{"rendered":"Wydarzenia w styczniu"},"content":{"rendered":"<table width=\"0\">\n<tbody>\n<tr>\n<td width=\"434\">&nbsp;<\/p>\n<p><strong>Zaj\u0119cia sensoryczne ( za zaj\u0119cia, kt\u00f3re nie odby\u0142y si\u0119 w grudniu)<\/strong><\/td>\n<td width=\"267\"><strong>7.01.2025<\/strong><\/td>\n<\/tr>\n<tr>\n<td width=\"434\"><strong>Koncert w Szkole Muzycznej \u2013 gr. IV i V<\/strong><\/td>\n<td width=\"267\"><strong>8.01.2025<\/strong><\/td>\n<\/tr>\n<tr>\n<td width=\"434\"><strong>Balik Karnawa\u0142owy<\/strong><\/p>\n<p><strong>Dogoterapia<\/strong><\/td>\n<td width=\"267\"><strong>9.01.2025<\/strong><\/p>\n<p><strong>14.01.2025<\/strong><\/td>\n<\/tr>\n<tr>\n<td width=\"434\"><strong>Dzie\u0144 Babci i Dziadka <\/strong><\/p>\n<p><strong>Gr. I \u2013 godz. 10.00<\/strong><\/p>\n<p><strong>Gr. II i III \u2013 godz.10.30<\/strong><\/td>\n<td width=\"267\"><strong>17.01.2025<\/strong><\/td>\n<\/tr>\n<tr>\n<td width=\"434\"><strong>Dzie\u0144 Babci i Dziadka <\/strong><\/p>\n<p><strong>Gr. V \u2013 godz. 11.00<\/strong><\/p>\n<p><strong>Zaj\u0119cia sensoryczne<\/strong><\/td>\n<td width=\"267\"><strong>24.01.2025<\/strong><\/p>\n<p>&nbsp;<\/p>\n<p><strong>28.01.2025<\/strong><\/td>\n<\/tr>\n<\/tbody>\n<\/table>\n","protected":false},"excerpt":{"rendered":"<p>&nbsp; Zaj\u0119cia sensoryczne ( za zaj\u0119cia, kt\u00f3re nie odby\u0142y si\u0119 w grudniu) 7.01.2025 Koncert w Szkole Muzycznej \u2013 gr. IV i V 8.01.2025 Balik Karnawa\u0142owy Dogoterapia 9.01.2025 14.01.2025 Dzie\u0144 Babci i Dziadka Gr. I \u2013 godz. 10.00 Gr. II i III \u2013 godz.10.30 17.01.2025 Dzie\u0144 Babci i Dziadka Gr. V \u2013 godz. 11.00 Zaj\u0119cia sensoryczne [&hellip;]<\/p>\n","protected":false},"author":2,"featured_media":6666,"comment_status":"closed","ping_status":"closed","sticky":false,"template":"","format":"standard","meta":{"ngg_post_thumbnail":0,"footnotes":""},"categories":[4,1],"tags":[],"class_list":["post-10133","post","type-post","status-publish","format-standard","has-post-thumbnail","hentry","category-aktualnosci","category-wydarzenia"],"yoast_head":"<!-- This site is optimized with the Yoast SEO plugin v27.4 - https:\/\/yoast.com\/product\/yoast-seo-wordpress\/ -->\n<title>Wydarzenia w styczniu - Przedszkole im. Ksi\u0119cia Przemys\u0142awa<\/title>\n<meta name=\"robots\" content=\"noindex, follow\" \/>\n<meta property=\"og:locale\" content=\"pl_PL\" \/>\n<meta property=\"og:type\" content=\"article\" \/>\n<meta property=\"og:title\" content=\"Wydarzenia w styczniu - Przedszkole im. Ksi\u0119cia Przemys\u0142awa\" \/>\n<meta property=\"og:description\" content=\"&nbsp; Zaj\u0119cia sensoryczne ( za zaj\u0119cia, kt\u00f3re nie odby\u0142y si\u0119 w grudniu) 7.01.2025 Koncert w Szkole Muzycznej \u2013 gr. IV i V 8.01.2025 Balik Karnawa\u0142owy Dogoterapia 9.01.2025 14.01.2025 Dzie\u0144 Babci i Dziadka Gr. I \u2013 godz. 10.00 Gr. II i III \u2013 godz.10.30 17.01.2025 Dzie\u0144 Babci i Dziadka Gr. V \u2013 godz. 11.00 Zaj\u0119cia sensoryczne [&hellip;]\" \/>\n<meta property=\"og:url\" content=\"https:\/\/ple161.poznan.pl\/?p=10133\" \/>\n<meta property=\"og:site_name\" content=\"Przedszkole im. Ksi\u0119cia Przemys\u0142awa\" \/>\n<meta property=\"article:published_time\" content=\"2025-01-02T07:04:58+00:00\" \/>\n<meta property=\"article:modified_time\" content=\"2025-01-12T16:23:01+00:00\" \/>\n<meta property=\"og:image\" content=\"https:\/\/ple161.poznan.pl\/wp-content\/uploads\/2021\/12\/gif-Grudzien.jpg\" \/>\n\t<meta property=\"og:image:width\" content=\"332\" \/>\n\t<meta property=\"og:image:height\" content=\"152\" \/>\n\t<meta property=\"og:image:type\" content=\"image\/jpeg\" \/>\n<meta name=\"author\" content=\"Magda Dulemba\" \/>\n<meta name=\"twitter:card\" content=\"summary_large_image\" \/>\n<meta name=\"twitter:label1\" content=\"Napisane przez\" \/>\n\t<meta name=\"twitter:data1\" content=\"Magda Dulemba\" \/>\n\t<meta name=\"twitter:label2\" content=\"Szacowany czas czytania\" \/>\n\t<meta name=\"twitter:data2\" content=\"1 minuta\" \/>\n<script type=\"application\/ld+json\" class=\"yoast-schema-graph\">{\"@context\":\"https:\\\/\\\/schema.org\",\"@graph\":[{\"@type\":\"Article\",\"@id\":\"https:\\\/\\\/ple161.poznan.pl\\\/?p=10133#article\",\"isPartOf\":{\"@id\":\"https:\\\/\\\/ple161.poznan.pl\\\/?p=10133\"},\"author\":{\"name\":\"Magda Dulemba\",\"@id\":\"https:\\\/\\\/www.przedszkole161.pl\\\/#\\\/schema\\\/person\\\/673325371d681555a8b67c870d21faac\"},\"headline\":\"Wydarzenia w styczniu\",\"datePublished\":\"2025-01-02T07:04:58+00:00\",\"dateModified\":\"2025-01-12T16:23:01+00:00\",\"mainEntityOfPage\":{\"@id\":\"https:\\\/\\\/ple161.poznan.pl\\\/?p=10133\"},\"wordCount\":53,\"image\":{\"@id\":\"https:\\\/\\\/ple161.poznan.pl\\\/?p=10133#primaryimage\"},\"thumbnailUrl\":\"https:\\\/\\\/ple161.poznan.pl\\\/wp-content\\\/uploads\\\/2021\\\/12\\\/gif-Grudzien.jpg\",\"articleSection\":[\"Aktualno\u015bci\",\"Wydarzenia\"],\"inLanguage\":\"pl-PL\"},{\"@type\":\"WebPage\",\"@id\":\"https:\\\/\\\/ple161.poznan.pl\\\/?p=10133\",\"url\":\"https:\\\/\\\/ple161.poznan.pl\\\/?p=10133\",\"name\":\"Wydarzenia w styczniu - Przedszkole im. Ksi\u0119cia Przemys\u0142awa\",\"isPartOf\":{\"@id\":\"https:\\\/\\\/www.przedszkole161.pl\\\/#website\"},\"primaryImageOfPage\":{\"@id\":\"https:\\\/\\\/ple161.poznan.pl\\\/?p=10133#primaryimage\"},\"image\":{\"@id\":\"https:\\\/\\\/ple161.poznan.pl\\\/?p=10133#primaryimage\"},\"thumbnailUrl\":\"https:\\\/\\\/ple161.poznan.pl\\\/wp-content\\\/uploads\\\/2021\\\/12\\\/gif-Grudzien.jpg\",\"datePublished\":\"2025-01-02T07:04:58+00:00\",\"dateModified\":\"2025-01-12T16:23:01+00:00\",\"author\":{\"@id\":\"https:\\\/\\\/www.przedszkole161.pl\\\/#\\\/schema\\\/person\\\/673325371d681555a8b67c870d21faac\"},\"breadcrumb\":{\"@id\":\"https:\\\/\\\/ple161.poznan.pl\\\/?p=10133#breadcrumb\"},\"inLanguage\":\"pl-PL\",\"potentialAction\":[{\"@type\":\"ReadAction\",\"target\":[\"https:\\\/\\\/ple161.poznan.pl\\\/?p=10133\"]}]},{\"@type\":\"ImageObject\",\"inLanguage\":\"pl-PL\",\"@id\":\"https:\\\/\\\/ple161.poznan.pl\\\/?p=10133#primaryimage\",\"url\":\"https:\\\/\\\/ple161.poznan.pl\\\/wp-content\\\/uploads\\\/2021\\\/12\\\/gif-Grudzien.jpg\",\"contentUrl\":\"https:\\\/\\\/ple161.poznan.pl\\\/wp-content\\\/uploads\\\/2021\\\/12\\\/gif-Grudzien.jpg\",\"width\":332,\"height\":152},{\"@type\":\"BreadcrumbList\",\"@id\":\"https:\\\/\\\/ple161.poznan.pl\\\/?p=10133#breadcrumb\",\"itemListElement\":[{\"@type\":\"ListItem\",\"position\":1,\"name\":\"Strona g\u0142\u00f3wna\",\"item\":\"https:\\\/\\\/www.przedszkole161.pl\\\/\"},{\"@type\":\"ListItem\",\"position\":2,\"name\":\"Wydarzenia w styczniu\"}]},{\"@type\":\"WebSite\",\"@id\":\"https:\\\/\\\/www.przedszkole161.pl\\\/#website\",\"url\":\"https:\\\/\\\/www.przedszkole161.pl\\\/\",\"name\":\"Przedszkole im. Ksi\u0119cia Przemys\u0142awa 161\",\"description\":\"\",\"potentialAction\":[{\"@type\":\"SearchAction\",\"target\":{\"@type\":\"EntryPoint\",\"urlTemplate\":\"https:\\\/\\\/www.przedszkole161.pl\\\/?s={search_term_string}\"},\"query-input\":{\"@type\":\"PropertyValueSpecification\",\"valueRequired\":true,\"valueName\":\"search_term_string\"}}],\"inLanguage\":\"pl-PL\"},{\"@type\":\"Person\",\"@id\":\"https:\\\/\\\/www.przedszkole161.pl\\\/#\\\/schema\\\/person\\\/673325371d681555a8b67c870d21faac\",\"name\":\"Magda Dulemba\",\"image\":{\"@type\":\"ImageObject\",\"inLanguage\":\"pl-PL\",\"@id\":\"https:\\\/\\\/secure.gravatar.com\\\/avatar\\\/f6f4cc73208d68c67fc19e1f80620e23d66ef2a923cb26a6d726fbc6a55bbcbc?s=96&d=mm&r=g\",\"url\":\"https:\\\/\\\/secure.gravatar.com\\\/avatar\\\/f6f4cc73208d68c67fc19e1f80620e23d66ef2a923cb26a6d726fbc6a55bbcbc?s=96&d=mm&r=g\",\"contentUrl\":\"https:\\\/\\\/secure.gravatar.com\\\/avatar\\\/f6f4cc73208d68c67fc19e1f80620e23d66ef2a923cb26a6d726fbc6a55bbcbc?s=96&d=mm&r=g\",\"caption\":\"Magda Dulemba\"},\"url\":\"https:\\\/\\\/ple161.poznan.pl\\\/?author=2\"}]}<\/script>\n<!-- \/ Yoast SEO plugin. -->","yoast_head_json":{"title":"Wydarzenia w styczniu - Przedszkole im. Ksi\u0119cia Przemys\u0142awa","robots":{"index":"noindex","follow":"follow"},"og_locale":"pl_PL","og_type":"article","og_title":"Wydarzenia w styczniu - Przedszkole im. Ksi\u0119cia Przemys\u0142awa","og_description":"&nbsp; Zaj\u0119cia sensoryczne ( za zaj\u0119cia, kt\u00f3re nie odby\u0142y si\u0119 w grudniu) 7.01.2025 Koncert w Szkole Muzycznej \u2013 gr. IV i V 8.01.2025 Balik Karnawa\u0142owy Dogoterapia 9.01.2025 14.01.2025 Dzie\u0144 Babci i Dziadka Gr. I \u2013 godz. 10.00 Gr. II i III \u2013 godz.10.30 17.01.2025 Dzie\u0144 Babci i Dziadka Gr. V \u2013 godz. 11.00 Zaj\u0119cia sensoryczne [&hellip;]","og_url":"https:\/\/ple161.poznan.pl\/?p=10133","og_site_name":"Przedszkole im. Ksi\u0119cia Przemys\u0142awa","article_published_time":"2025-01-02T07:04:58+00:00","article_modified_time":"2025-01-12T16:23:01+00:00","og_image":[{"width":332,"height":152,"url":"https:\/\/ple161.poznan.pl\/wp-content\/uploads\/2021\/12\/gif-Grudzien.jpg","type":"image\/jpeg"}],"author":"Magda Dulemba","twitter_card":"summary_large_image","twitter_misc":{"Napisane przez":"Magda Dulemba","Szacowany czas czytania":"1 minuta"},"schema":{"@context":"https:\/\/schema.org","@graph":[{"@type":"Article","@id":"https:\/\/ple161.poznan.pl\/?p=10133#article","isPartOf":{"@id":"https:\/\/ple161.poznan.pl\/?p=10133"},"author":{"name":"Magda Dulemba","@id":"https:\/\/www.przedszkole161.pl\/#\/schema\/person\/673325371d681555a8b67c870d21faac"},"headline":"Wydarzenia w styczniu","datePublished":"2025-01-02T07:04:58+00:00","dateModified":"2025-01-12T16:23:01+00:00","mainEntityOfPage":{"@id":"https:\/\/ple161.poznan.pl\/?p=10133"},"wordCount":53,"image":{"@id":"https:\/\/ple161.poznan.pl\/?p=10133#primaryimage"},"thumbnailUrl":"https:\/\/ple161.poznan.pl\/wp-content\/uploads\/2021\/12\/gif-Grudzien.jpg","articleSection":["Aktualno\u015bci","Wydarzenia"],"inLanguage":"pl-PL"},{"@type":"WebPage","@id":"https:\/\/ple161.poznan.pl\/?p=10133","url":"https:\/\/ple161.poznan.pl\/?p=10133","name":"Wydarzenia w styczniu - Przedszkole im. Ksi\u0119cia Przemys\u0142awa","isPartOf":{"@id":"https:\/\/www.przedszkole161.pl\/#website"},"primaryImageOfPage":{"@id":"https:\/\/ple161.poznan.pl\/?p=10133#primaryimage"},"image":{"@id":"https:\/\/ple161.poznan.pl\/?p=10133#primaryimage"},"thumbnailUrl":"https:\/\/ple161.poznan.pl\/wp-content\/uploads\/2021\/12\/gif-Grudzien.jpg","datePublished":"2025-01-02T07:04:58+00:00","dateModified":"2025-01-12T16:23:01+00:00","author":{"@id":"https:\/\/www.przedszkole161.pl\/#\/schema\/person\/673325371d681555a8b67c870d21faac"},"breadcrumb":{"@id":"https:\/\/ple161.poznan.pl\/?p=10133#breadcrumb"},"inLanguage":"pl-PL","potentialAction":[{"@type":"ReadAction","target":["https:\/\/ple161.poznan.pl\/?p=10133"]}]},{"@type":"ImageObject","inLanguage":"pl-PL","@id":"https:\/\/ple161.poznan.pl\/?p=10133#primaryimage","url":"https:\/\/ple161.poznan.pl\/wp-content\/uploads\/2021\/12\/gif-Grudzien.jpg","contentUrl":"https:\/\/ple161.poznan.pl\/wp-content\/uploads\/2021\/12\/gif-Grudzien.jpg","width":332,"height":152},{"@type":"BreadcrumbList","@id":"https:\/\/ple161.poznan.pl\/?p=10133#breadcrumb","itemListElement":[{"@type":"ListItem","position":1,"name":"Strona g\u0142\u00f3wna","item":"https:\/\/www.przedszkole161.pl\/"},{"@type":"ListItem","position":2,"name":"Wydarzenia w styczniu"}]},{"@type":"WebSite","@id":"https:\/\/www.przedszkole161.pl\/#website","url":"https:\/\/www.przedszkole161.pl\/","name":"Przedszkole im. Ksi\u0119cia Przemys\u0142awa 161","description":"","potentialAction":[{"@type":"SearchAction","target":{"@type":"EntryPoint","urlTemplate":"https:\/\/www.przedszkole161.pl\/?s={search_term_string}"},"query-input":{"@type":"PropertyValueSpecification","valueRequired":true,"valueName":"search_term_string"}}],"inLanguage":"pl-PL"},{"@type":"Person","@id":"https:\/\/www.przedszkole161.pl\/#\/schema\/person\/673325371d681555a8b67c870d21faac","name":"Magda Dulemba","image":{"@type":"ImageObject","inLanguage":"pl-PL","@id":"https:\/\/secure.gravatar.com\/avatar\/f6f4cc73208d68c67fc19e1f80620e23d66ef2a923cb26a6d726fbc6a55bbcbc?s=96&d=mm&r=g","url":"https:\/\/secure.gravatar.com\/avatar\/f6f4cc73208d68c67fc19e1f80620e23d66ef2a923cb26a6d726fbc6a55bbcbc?s=96&d=mm&r=g","contentUrl":"https:\/\/secure.gravatar.com\/avatar\/f6f4cc73208d68c67fc19e1f80620e23d66ef2a923cb26a6d726fbc6a55bbcbc?s=96&d=mm&r=g","caption":"Magda Dulemba"},"url":"https:\/\/ple161.poznan.pl\/?author=2"}]}},"_links":{"self":[{"href":"https:\/\/ple161.poznan.pl\/index.php?rest_route=\/wp\/v2\/posts\/10133","targetHints":{"allow":["GET"]}}],"collection":[{"href":"https:\/\/ple161.poznan.pl\/index.php?rest_route=\/wp\/v2\/posts"}],"about":[{"href":"https:\/\/ple161.poznan.pl\/index.php?rest_route=\/wp\/v2\/types\/post"}],"author":[{"embeddable":true,"href":"https:\/\/ple161.poznan.pl\/index.php?rest_route=\/wp\/v2\/users\/2"}],"replies":[{"embeddable":true,"href":"https:\/\/ple161.poznan.pl\/index.php?rest_route=%2Fwp%2Fv2%2Fcomments&post=10133"}],"version-history":[{"count":4,"href":"https:\/\/ple161.poznan.pl\/index.php?rest_route=\/wp\/v2\/posts\/10133\/revisions"}],"predecessor-version":[{"id":10183,"href":"https:\/\/ple161.poznan.pl\/index.php?rest_route=\/wp\/v2\/posts\/10133\/revisions\/10183"}],"wp:featuredmedia":[{"embeddable":true,"href":"https:\/\/ple161.poznan.pl\/index.php?rest_route=\/wp\/v2\/media\/6666"}],"wp:attachment":[{"href":"https:\/\/ple161.poznan.pl\/index.php?rest_route=%2Fwp%2Fv2%2Fmedia&parent=10133"}],"wp:term":[{"taxonomy":"category","embeddable":true,"href":"https:\/\/ple161.poznan.pl\/index.php?rest_route=%2Fwp%2Fv2%2Fcategories&post=10133"},{"taxonomy":"post_tag","embeddable":true,"href":"https:\/\/ple161.poznan.pl\/index.php?rest_route=%2Fwp%2Fv2%2Ftags&post=10133"}],"curies":[{"name":"wp","href":"https:\/\/api.w.org\/{rel}","templated":true}]}}