{"id":10010,"date":"2024-12-05T09:05:23","date_gmt":"2024-12-05T08:05:23","guid":{"rendered":"https:\/\/ple161.poznan.pl\/?p=10010"},"modified":"2024-12-05T09:05:23","modified_gmt":"2024-12-05T08:05:23","slug":"pasowanie-na-przedszkolaka-4","status":"publish","type":"post","link":"https:\/\/ple161.poznan.pl\/?p=10010","title":{"rendered":"Pasowanie na Przedszkolaka"},"content":{"rendered":"<p>Pasowanie na Przedszkolaka to pierwsza wyj\u0105tkowa uroczysto\u015b\u0107 w \u017cyciu dzieci, kt\u00f3re we wrze\u015bniu tego roku po raz pierwszy rozpocz\u0119\u0142y swoj\u0105 przygod\u0119 z przedszkolem, a tak\u017ce jeden z wa\u017cniejszych moment\u00f3w w \u017cyciu ma\u0142ego dziecka &#8211; od tego dnia staje si\u0119 pe\u0142noprawnym przedszkolakiem. W \u015brod\u0119 4 grudnia 2024r w naszym przedszkolu odby\u0142o si\u0119 PASOWANIE NA PRZEDSZKOLAKA. Nowo przyj\u0119te dzieci z grupy Kozio\u0142eczki, zosta\u0142y uroczy\u015bcie przyj\u0119te do spo\u0142eczno\u015bci przedszkolnej. W cz\u0119\u015bci artystycznej przedszkolaki przekona\u0142y wszystkich o tym, \u017ce zas\u0142uguj\u0105 na miano Przedszkolaka. Najm\u0142odsi zaprezentowali swoje umiej\u0119tno\u015bci &#8211; daj\u0105c tym samym dow\u00f3d, jak du\u017co ju\u017c potrafi\u0105. Pi\u0119knie \u015bpiewa\u0142y piosenki, gra\u0142y na instrumentach i ta\u0144czy\u0142y. Po cz\u0119\u015bci artystycznej dzieci obieca\u0142y: zgodnie bawi\u0107 si\u0119 w przedszkolu,<br \/>\nprzychodzi\u0107 ka\u017cdego dnia z u\u015bmiechem, pomaga\u0107 kolegom, by\u0107 dzielnym przedszkolakiem. Nast\u0119pnie nast\u0105pi\u0142 akt pasowania, czyli dotkni\u0119cia ramienia ka\u017cdego przedszkolaka ogromnym o\u0142\u00f3wkiem przez Pani\u0105 Dyrektor. Na pami\u0105tk\u0119 tego wa\u017cnego wydarzenia ka\u017cdy przedszkolak otrzyma\u0142 medal oraz dyplom.<\/p>\n","protected":false},"excerpt":{"rendered":"<p>Pasowanie na Przedszkolaka to pierwsza wyj\u0105tkowa uroczysto\u015b\u0107 w \u017cyciu dzieci, kt\u00f3re we wrze\u015bniu tego roku po raz pierwszy rozpocz\u0119\u0142y swoj\u0105 przygod\u0119 z przedszkolem, a tak\u017ce jeden z wa\u017cniejszych moment\u00f3w w \u017cyciu ma\u0142ego dziecka &#8211; od tego dnia staje si\u0119 pe\u0142noprawnym przedszkolakiem. W \u015brod\u0119 4 grudnia 2024r w naszym przedszkolu odby\u0142o si\u0119 PASOWANIE NA PRZEDSZKOLAKA. Nowo [&hellip;]<\/p>\n","protected":false},"author":2,"featured_media":10011,"comment_status":"closed","ping_status":"closed","sticky":false,"template":"","format":"standard","meta":{"ngg_post_thumbnail":0,"footnotes":""},"categories":[4,1],"tags":[],"class_list":["post-10010","post","type-post","status-publish","format-standard","has-post-thumbnail","hentry","category-aktualnosci","category-wydarzenia"],"yoast_head":"<!-- This site is optimized with the Yoast SEO plugin v27.4 - https:\/\/yoast.com\/product\/yoast-seo-wordpress\/ -->\n<title>Pasowanie na Przedszkolaka - Przedszkole im. Ksi\u0119cia Przemys\u0142awa<\/title>\n<meta name=\"robots\" content=\"noindex, follow\" \/>\n<meta property=\"og:locale\" content=\"pl_PL\" \/>\n<meta property=\"og:type\" content=\"article\" \/>\n<meta property=\"og:title\" content=\"Pasowanie na Przedszkolaka - Przedszkole im. Ksi\u0119cia Przemys\u0142awa\" \/>\n<meta property=\"og:description\" content=\"Pasowanie na Przedszkolaka to pierwsza wyj\u0105tkowa uroczysto\u015b\u0107 w \u017cyciu dzieci, kt\u00f3re we wrze\u015bniu tego roku po raz pierwszy rozpocz\u0119\u0142y swoj\u0105 przygod\u0119 z przedszkolem, a tak\u017ce jeden z wa\u017cniejszych moment\u00f3w w \u017cyciu ma\u0142ego dziecka &#8211; od tego dnia staje si\u0119 pe\u0142noprawnym przedszkolakiem. W \u015brod\u0119 4 grudnia 2024r w naszym przedszkolu odby\u0142o si\u0119 PASOWANIE NA PRZEDSZKOLAKA. Nowo [&hellip;]\" \/>\n<meta property=\"og:url\" content=\"https:\/\/ple161.poznan.pl\/?p=10010\" \/>\n<meta property=\"og:site_name\" content=\"Przedszkole im. Ksi\u0119cia Przemys\u0142awa\" \/>\n<meta property=\"article:published_time\" content=\"2024-12-05T08:05:23+00:00\" \/>\n<meta property=\"og:image\" content=\"https:\/\/ple161.poznan.pl\/wp-content\/uploads\/2024\/12\/dyplom-na-pasowanie.png\" \/>\n\t<meta property=\"og:image:width\" content=\"2000\" \/>\n\t<meta property=\"og:image:height\" content=\"1414\" \/>\n\t<meta property=\"og:image:type\" content=\"image\/png\" \/>\n<meta name=\"author\" content=\"Magda Dulemba\" \/>\n<meta name=\"twitter:card\" content=\"summary_large_image\" \/>\n<meta name=\"twitter:label1\" content=\"Napisane przez\" \/>\n\t<meta name=\"twitter:data1\" content=\"Magda Dulemba\" \/>\n\t<meta name=\"twitter:label2\" content=\"Szacowany czas czytania\" \/>\n\t<meta name=\"twitter:data2\" content=\"2 minuty\" \/>\n<script type=\"application\/ld+json\" class=\"yoast-schema-graph\">{\"@context\":\"https:\\\/\\\/schema.org\",\"@graph\":[{\"@type\":\"Article\",\"@id\":\"https:\\\/\\\/ple161.poznan.pl\\\/?p=10010#article\",\"isPartOf\":{\"@id\":\"https:\\\/\\\/ple161.poznan.pl\\\/?p=10010\"},\"author\":{\"name\":\"Magda Dulemba\",\"@id\":\"https:\\\/\\\/www.przedszkole161.pl\\\/#\\\/schema\\\/person\\\/673325371d681555a8b67c870d21faac\"},\"headline\":\"Pasowanie na Przedszkolaka\",\"datePublished\":\"2024-12-05T08:05:23+00:00\",\"mainEntityOfPage\":{\"@id\":\"https:\\\/\\\/ple161.poznan.pl\\\/?p=10010\"},\"wordCount\":190,\"image\":{\"@id\":\"https:\\\/\\\/ple161.poznan.pl\\\/?p=10010#primaryimage\"},\"thumbnailUrl\":\"https:\\\/\\\/ple161.poznan.pl\\\/wp-content\\\/uploads\\\/2024\\\/12\\\/dyplom-na-pasowanie.png\",\"articleSection\":[\"Aktualno\u015bci\",\"Wydarzenia\"],\"inLanguage\":\"pl-PL\"},{\"@type\":\"WebPage\",\"@id\":\"https:\\\/\\\/ple161.poznan.pl\\\/?p=10010\",\"url\":\"https:\\\/\\\/ple161.poznan.pl\\\/?p=10010\",\"name\":\"Pasowanie na Przedszkolaka - Przedszkole im. Ksi\u0119cia Przemys\u0142awa\",\"isPartOf\":{\"@id\":\"https:\\\/\\\/www.przedszkole161.pl\\\/#website\"},\"primaryImageOfPage\":{\"@id\":\"https:\\\/\\\/ple161.poznan.pl\\\/?p=10010#primaryimage\"},\"image\":{\"@id\":\"https:\\\/\\\/ple161.poznan.pl\\\/?p=10010#primaryimage\"},\"thumbnailUrl\":\"https:\\\/\\\/ple161.poznan.pl\\\/wp-content\\\/uploads\\\/2024\\\/12\\\/dyplom-na-pasowanie.png\",\"datePublished\":\"2024-12-05T08:05:23+00:00\",\"author\":{\"@id\":\"https:\\\/\\\/www.przedszkole161.pl\\\/#\\\/schema\\\/person\\\/673325371d681555a8b67c870d21faac\"},\"breadcrumb\":{\"@id\":\"https:\\\/\\\/ple161.poznan.pl\\\/?p=10010#breadcrumb\"},\"inLanguage\":\"pl-PL\",\"potentialAction\":[{\"@type\":\"ReadAction\",\"target\":[\"https:\\\/\\\/ple161.poznan.pl\\\/?p=10010\"]}]},{\"@type\":\"ImageObject\",\"inLanguage\":\"pl-PL\",\"@id\":\"https:\\\/\\\/ple161.poznan.pl\\\/?p=10010#primaryimage\",\"url\":\"https:\\\/\\\/ple161.poznan.pl\\\/wp-content\\\/uploads\\\/2024\\\/12\\\/dyplom-na-pasowanie.png\",\"contentUrl\":\"https:\\\/\\\/ple161.poznan.pl\\\/wp-content\\\/uploads\\\/2024\\\/12\\\/dyplom-na-pasowanie.png\",\"width\":2000,\"height\":1414},{\"@type\":\"BreadcrumbList\",\"@id\":\"https:\\\/\\\/ple161.poznan.pl\\\/?p=10010#breadcrumb\",\"itemListElement\":[{\"@type\":\"ListItem\",\"position\":1,\"name\":\"Strona g\u0142\u00f3wna\",\"item\":\"https:\\\/\\\/www.przedszkole161.pl\\\/\"},{\"@type\":\"ListItem\",\"position\":2,\"name\":\"Pasowanie na Przedszkolaka\"}]},{\"@type\":\"WebSite\",\"@id\":\"https:\\\/\\\/www.przedszkole161.pl\\\/#website\",\"url\":\"https:\\\/\\\/www.przedszkole161.pl\\\/\",\"name\":\"Przedszkole im. Ksi\u0119cia Przemys\u0142awa 161\",\"description\":\"\",\"potentialAction\":[{\"@type\":\"SearchAction\",\"target\":{\"@type\":\"EntryPoint\",\"urlTemplate\":\"https:\\\/\\\/www.przedszkole161.pl\\\/?s={search_term_string}\"},\"query-input\":{\"@type\":\"PropertyValueSpecification\",\"valueRequired\":true,\"valueName\":\"search_term_string\"}}],\"inLanguage\":\"pl-PL\"},{\"@type\":\"Person\",\"@id\":\"https:\\\/\\\/www.przedszkole161.pl\\\/#\\\/schema\\\/person\\\/673325371d681555a8b67c870d21faac\",\"name\":\"Magda Dulemba\",\"image\":{\"@type\":\"ImageObject\",\"inLanguage\":\"pl-PL\",\"@id\":\"https:\\\/\\\/secure.gravatar.com\\\/avatar\\\/f6f4cc73208d68c67fc19e1f80620e23d66ef2a923cb26a6d726fbc6a55bbcbc?s=96&d=mm&r=g\",\"url\":\"https:\\\/\\\/secure.gravatar.com\\\/avatar\\\/f6f4cc73208d68c67fc19e1f80620e23d66ef2a923cb26a6d726fbc6a55bbcbc?s=96&d=mm&r=g\",\"contentUrl\":\"https:\\\/\\\/secure.gravatar.com\\\/avatar\\\/f6f4cc73208d68c67fc19e1f80620e23d66ef2a923cb26a6d726fbc6a55bbcbc?s=96&d=mm&r=g\",\"caption\":\"Magda Dulemba\"},\"url\":\"https:\\\/\\\/ple161.poznan.pl\\\/?author=2\"}]}<\/script>\n<!-- \/ Yoast SEO plugin. -->","yoast_head_json":{"title":"Pasowanie na Przedszkolaka - Przedszkole im. Ksi\u0119cia Przemys\u0142awa","robots":{"index":"noindex","follow":"follow"},"og_locale":"pl_PL","og_type":"article","og_title":"Pasowanie na Przedszkolaka - Przedszkole im. Ksi\u0119cia Przemys\u0142awa","og_description":"Pasowanie na Przedszkolaka to pierwsza wyj\u0105tkowa uroczysto\u015b\u0107 w \u017cyciu dzieci, kt\u00f3re we wrze\u015bniu tego roku po raz pierwszy rozpocz\u0119\u0142y swoj\u0105 przygod\u0119 z przedszkolem, a tak\u017ce jeden z wa\u017cniejszych moment\u00f3w w \u017cyciu ma\u0142ego dziecka &#8211; od tego dnia staje si\u0119 pe\u0142noprawnym przedszkolakiem. W \u015brod\u0119 4 grudnia 2024r w naszym przedszkolu odby\u0142o si\u0119 PASOWANIE NA PRZEDSZKOLAKA. Nowo [&hellip;]","og_url":"https:\/\/ple161.poznan.pl\/?p=10010","og_site_name":"Przedszkole im. Ksi\u0119cia Przemys\u0142awa","article_published_time":"2024-12-05T08:05:23+00:00","og_image":[{"width":2000,"height":1414,"url":"https:\/\/ple161.poznan.pl\/wp-content\/uploads\/2024\/12\/dyplom-na-pasowanie.png","type":"image\/png"}],"author":"Magda Dulemba","twitter_card":"summary_large_image","twitter_misc":{"Napisane przez":"Magda Dulemba","Szacowany czas czytania":"2 minuty"},"schema":{"@context":"https:\/\/schema.org","@graph":[{"@type":"Article","@id":"https:\/\/ple161.poznan.pl\/?p=10010#article","isPartOf":{"@id":"https:\/\/ple161.poznan.pl\/?p=10010"},"author":{"name":"Magda Dulemba","@id":"https:\/\/www.przedszkole161.pl\/#\/schema\/person\/673325371d681555a8b67c870d21faac"},"headline":"Pasowanie na Przedszkolaka","datePublished":"2024-12-05T08:05:23+00:00","mainEntityOfPage":{"@id":"https:\/\/ple161.poznan.pl\/?p=10010"},"wordCount":190,"image":{"@id":"https:\/\/ple161.poznan.pl\/?p=10010#primaryimage"},"thumbnailUrl":"https:\/\/ple161.poznan.pl\/wp-content\/uploads\/2024\/12\/dyplom-na-pasowanie.png","articleSection":["Aktualno\u015bci","Wydarzenia"],"inLanguage":"pl-PL"},{"@type":"WebPage","@id":"https:\/\/ple161.poznan.pl\/?p=10010","url":"https:\/\/ple161.poznan.pl\/?p=10010","name":"Pasowanie na Przedszkolaka - Przedszkole im. Ksi\u0119cia Przemys\u0142awa","isPartOf":{"@id":"https:\/\/www.przedszkole161.pl\/#website"},"primaryImageOfPage":{"@id":"https:\/\/ple161.poznan.pl\/?p=10010#primaryimage"},"image":{"@id":"https:\/\/ple161.poznan.pl\/?p=10010#primaryimage"},"thumbnailUrl":"https:\/\/ple161.poznan.pl\/wp-content\/uploads\/2024\/12\/dyplom-na-pasowanie.png","datePublished":"2024-12-05T08:05:23+00:00","author":{"@id":"https:\/\/www.przedszkole161.pl\/#\/schema\/person\/673325371d681555a8b67c870d21faac"},"breadcrumb":{"@id":"https:\/\/ple161.poznan.pl\/?p=10010#breadcrumb"},"inLanguage":"pl-PL","potentialAction":[{"@type":"ReadAction","target":["https:\/\/ple161.poznan.pl\/?p=10010"]}]},{"@type":"ImageObject","inLanguage":"pl-PL","@id":"https:\/\/ple161.poznan.pl\/?p=10010#primaryimage","url":"https:\/\/ple161.poznan.pl\/wp-content\/uploads\/2024\/12\/dyplom-na-pasowanie.png","contentUrl":"https:\/\/ple161.poznan.pl\/wp-content\/uploads\/2024\/12\/dyplom-na-pasowanie.png","width":2000,"height":1414},{"@type":"BreadcrumbList","@id":"https:\/\/ple161.poznan.pl\/?p=10010#breadcrumb","itemListElement":[{"@type":"ListItem","position":1,"name":"Strona g\u0142\u00f3wna","item":"https:\/\/www.przedszkole161.pl\/"},{"@type":"ListItem","position":2,"name":"Pasowanie na Przedszkolaka"}]},{"@type":"WebSite","@id":"https:\/\/www.przedszkole161.pl\/#website","url":"https:\/\/www.przedszkole161.pl\/","name":"Przedszkole im. Ksi\u0119cia Przemys\u0142awa 161","description":"","potentialAction":[{"@type":"SearchAction","target":{"@type":"EntryPoint","urlTemplate":"https:\/\/www.przedszkole161.pl\/?s={search_term_string}"},"query-input":{"@type":"PropertyValueSpecification","valueRequired":true,"valueName":"search_term_string"}}],"inLanguage":"pl-PL"},{"@type":"Person","@id":"https:\/\/www.przedszkole161.pl\/#\/schema\/person\/673325371d681555a8b67c870d21faac","name":"Magda Dulemba","image":{"@type":"ImageObject","inLanguage":"pl-PL","@id":"https:\/\/secure.gravatar.com\/avatar\/f6f4cc73208d68c67fc19e1f80620e23d66ef2a923cb26a6d726fbc6a55bbcbc?s=96&d=mm&r=g","url":"https:\/\/secure.gravatar.com\/avatar\/f6f4cc73208d68c67fc19e1f80620e23d66ef2a923cb26a6d726fbc6a55bbcbc?s=96&d=mm&r=g","contentUrl":"https:\/\/secure.gravatar.com\/avatar\/f6f4cc73208d68c67fc19e1f80620e23d66ef2a923cb26a6d726fbc6a55bbcbc?s=96&d=mm&r=g","caption":"Magda Dulemba"},"url":"https:\/\/ple161.poznan.pl\/?author=2"}]}},"_links":{"self":[{"href":"https:\/\/ple161.poznan.pl\/index.php?rest_route=\/wp\/v2\/posts\/10010","targetHints":{"allow":["GET"]}}],"collection":[{"href":"https:\/\/ple161.poznan.pl\/index.php?rest_route=\/wp\/v2\/posts"}],"about":[{"href":"https:\/\/ple161.poznan.pl\/index.php?rest_route=\/wp\/v2\/types\/post"}],"author":[{"embeddable":true,"href":"https:\/\/ple161.poznan.pl\/index.php?rest_route=\/wp\/v2\/users\/2"}],"replies":[{"embeddable":true,"href":"https:\/\/ple161.poznan.pl\/index.php?rest_route=%2Fwp%2Fv2%2Fcomments&post=10010"}],"version-history":[{"count":1,"href":"https:\/\/ple161.poznan.pl\/index.php?rest_route=\/wp\/v2\/posts\/10010\/revisions"}],"predecessor-version":[{"id":10012,"href":"https:\/\/ple161.poznan.pl\/index.php?rest_route=\/wp\/v2\/posts\/10010\/revisions\/10012"}],"wp:featuredmedia":[{"embeddable":true,"href":"https:\/\/ple161.poznan.pl\/index.php?rest_route=\/wp\/v2\/media\/10011"}],"wp:attachment":[{"href":"https:\/\/ple161.poznan.pl\/index.php?rest_route=%2Fwp%2Fv2%2Fmedia&parent=10010"}],"wp:term":[{"taxonomy":"category","embeddable":true,"href":"https:\/\/ple161.poznan.pl\/index.php?rest_route=%2Fwp%2Fv2%2Fcategories&post=10010"},{"taxonomy":"post_tag","embeddable":true,"href":"https:\/\/ple161.poznan.pl\/index.php?rest_route=%2Fwp%2Fv2%2Ftags&post=10010"}],"curies":[{"name":"wp","href":"https:\/\/api.w.org\/{rel}","templated":true}]}}